{"id":23167,"date":"2020-07-04T02:00:56","date_gmt":"2020-07-04T09:00:56","guid":{"rendered":"http:\/\/fatherbroom.com\/es\/?p=23167"},"modified":"2020-07-03T18:36:59","modified_gmt":"2020-07-04T01:36:59","slug":"lecturas-del-dia-y-catecismo-4-julio-2020","status":"publish","type":"post","link":"https:\/\/fatherbroom.com\/es\/2020\/07\/lecturas-del-dia-y-catecismo-4-julio-2020\/","title":{"rendered":"LECTURAS DEL DIA Y CATECISMO | 4 JULIO 2020"},"content":{"rendered":"<p><img loading=\"lazy\" decoding=\"async\" src=\"http:\/\/fatherbroom.com\/es\/wp-content\/media\/sites\/3\/Screen-Shot-2020-07-03-at-6.32.24-PM-300x169.png\" alt=\"\" width=\"572\" height=\"322\" class=\"aligncenter  wp-image-23169\" srcset=\"https:\/\/fatherbroom.com\/es\/wp-content\/media\/sites\/3\/Screen-Shot-2020-07-03-at-6.32.24-PM-300x169.png 300w, https:\/\/fatherbroom.com\/es\/wp-content\/media\/sites\/3\/Screen-Shot-2020-07-03-at-6.32.24-PM-768x431.png 768w, https:\/\/fatherbroom.com\/es\/wp-content\/media\/sites\/3\/Screen-Shot-2020-07-03-at-6.32.24-PM-1024x575.png 1024w, https:\/\/fatherbroom.com\/es\/wp-content\/media\/sites\/3\/Screen-Shot-2020-07-03-at-6.32.24-PM.png 1634w\" sizes=\"auto, (max-width: 572px) 100vw, 572px\" \/><\/p>\n<h4><strong>4 de julio 2020<\/strong><\/h4>\n<div class=\"contentarea\">\n<div id=\"cs_control_1386\" class=\"cs_control CS_Element_Schedule\">\n<div title=\"\" id=\"CS_Element_maincontent\">\n<div id=\"gridRow_1_1_1386\" class=\"cs_GridRow\">\n<div id=\"gridCol_1_1_1_1_1386\" class=\"cs_GridColumn\">\n<div id=\"cs_control_157991\" class=\"cs_control  lecturas-block\">\n<div id=\"cs_control_3683\" class=\"cs_control  CS_Element_Textblock\">\n<div class=\"CS_Textblock_Text\">\n<h4><strong>S\u00e1bado de la XIII semana del Tiempo ordinario<\/strong><\/p>\n<p><strong>Primera lectura<\/strong><\/h4>\n<\/div>\n<\/div>\n<div id=\"cs_control_3684\" class=\"cs_control  CS_Element_Textblock\">\n<div class=\"CS_Textblock_Text\">\n<div class=\"bibleReadingsWrapper\">\n<h4><strong>Am 9, 11-15<\/strong><\/h4>\n<div class=\"poetry\">\n<p><strong>Esto dice el Se\u00f1or:<\/strong><br \/><strong>\u201cAquel d\u00eda renovar\u00e9 la casa de David convertida en ruinas,<\/strong><br \/><strong>tapar\u00e9 sus brechas, levantar\u00e9 sus muros<\/strong><br \/><strong>y la reconstruir\u00e9 como era en otros tiempos,<\/strong><br \/><strong>para que entre en posesi\u00f3n de lo que queda de Edom<\/strong><br \/><strong>y de todas las naciones donde se invoc\u00f3 mi nombre\u201d.<\/strong><br \/><strong>Esto dice el Se\u00f1or y \u00e9l se encargar\u00e1 de cumplirlo.<\/strong><\/p>\n<p><strong>\u201cD\u00edas vendr\u00e1n, dice el Se\u00f1or,<\/strong><br \/><strong>cuando el que ara alcanzar\u00e1 al segador<\/strong><br \/><strong>y el que pisa las uvas, al sembrador;<\/strong><br \/><strong>de los montes brotar\u00e1 vino y correr\u00e1 por las colinas.<\/strong><br \/><strong>Entonces har\u00e9 volver a los cautivos de Israel:<\/strong><br \/><strong>reconstruir\u00e1n las ciudades destruidas y las habitar\u00e1n,<\/strong><br \/><strong>plantar\u00e1n vi\u00f1as y beber\u00e1n de su vino,<\/strong><br \/><strong>cultivar\u00e1n huertos y comer\u00e1n de sus frutos.<\/strong><br \/><strong>Los plantar\u00e9 en su suelo<\/strong><br \/><strong>y ya no ser\u00e1n arrancados de la tierra que yo les di\u201d,<\/strong><br \/><strong>dice el Se\u00f1or, tu Dios.<\/strong><\/p>\n<\/div>\n<\/div>\n<\/div>\n<\/div>\n<div id=\"cs_control_289228\" class=\"cs_control  CS_Element_Textblock\">\n<div class=\"CS_Textblock_Text\">\n<div class=\"bibleReadingsWrapper\">\n<h4><strong>Salmo Responsorial<\/strong><\/h4>\n<h4><strong>Salmo 84, 9. 11-12. 13-14<\/strong><\/h4>\n<div class=\"poetry\">\n<p><strong>R. (9) Escuchar\u00e9 las palabras del Se\u00f1or.<\/strong><br \/><strong>Escuchar\u00e9 las palabras del Se\u00f1or,<\/strong><br \/><strong>palabras de paz para su pueblo santo<\/strong><br \/><strong>y para los que se convierten de coraz\u00f3n. R.<\/strong><\/p>\n<p><strong>R. Escuchar\u00e9 las palabras del Se\u00f1or.<\/strong><br \/><strong>La misericordia y la verdad se encontraron,<\/strong><br \/><strong>la justicia y la paz se besaron,<\/strong><br \/><strong>la fidelidad brot\u00f3 en la tierra<\/strong><br \/><strong>y la justicia vino del cielo. R.<\/strong><\/p>\n<p><strong>R. Escuchar\u00e9 las palabras del Se\u00f1or.<\/strong><br \/><strong>Cuando el Se\u00f1or nos muestre su bondad,<\/strong><br \/><strong>nuestra tierra producir\u00e1 su fruto.<\/strong><br \/><strong>La justicia le abrir\u00e1 camino al Se\u00f1or<\/strong><br \/><strong>e ir\u00e1 siguiendo sus pisadas. R.<\/strong><\/p>\n<p><strong>R. Escuchar\u00e9 las palabras del Se\u00f1or.<\/strong><\/p>\n<\/div>\n<\/div>\n<\/div>\n<\/div>\n<div id=\"cs_control_289230\" class=\"cs_control  CS_Element_Textblock\">\n<div class=\"CS_Textblock_Text\">\n<div class=\"bibleReadingsWrapper\">\n<h4><strong>Aclamaci\u00f3n antes del Evangelio<\/strong><\/h4>\n<h4><strong>Jn 10, 27<\/strong><\/h4>\n<div class=\"poetry\">\n<p><strong>R. Aleluya, aleluya.<\/strong><br \/><strong>Mis ovejas escuchan mi voz, dice el Se\u00f1or;<\/strong><br \/><strong>yo las conozco y ellas me siguen.<\/strong><br \/><strong>R. Aleluya.<\/strong><\/p>\n<\/div>\n<\/div>\n<\/div>\n<\/div>\n<div id=\"cs_control_289231\" class=\"cs_control  CS_Element_Textblock\">\n<div class=\"CS_Textblock_Text\">\n<div class=\"bibleReadingsWrapper\">\n<h4><strong>Evangelio<\/strong><\/h4>\n<h4><strong>Mt 9, 14-17<\/strong><\/h4>\n<div class=\"poetry\">\n<p><strong>En aquel tiempo, los disc\u00edpulos de Juan fueron a ver a Jes\u00fas y le preguntaron: \u201c\u00bfPor qu\u00e9 tus disc\u00edpulos no ayunan, mientras nosotros y los fariseos s\u00ed ayunamos?\u201d Jes\u00fas les respondi\u00f3: \u201c\u00bfC\u00f3mo pueden llevar luto los amigos del esposo, mientras \u00e9l est\u00e1 con ellos? Pero ya vendr\u00e1n d\u00edas en que les quitar\u00e1n al esposo, y entonces s\u00ed ayunar\u00e1n.<\/strong><\/p>\n<p><strong>Nadie remienda un vestido viejo con un parche de tela nueva, porque el remiendo nuevo encoge, rompe la tela vieja y as\u00ed se hace luego m\u00e1s grande la rotura. Nadie echa el vino nuevo en odres viejos, porque los odres se rasgan, se tira el vino y se echan a perder los odres. El vino nuevo se echa en odres nuevos y as\u00ed las dos cosas se conservan\u2019\u2019.<\/strong><\/p>\n<p>&nbsp;<\/p>\n<\/div>\n<\/div>\n<\/div>\n<\/div>\n<\/div>\n<\/div>\n<\/div>\n<\/div>\n<\/div>\n<\/div>\n<p><strong><img loading=\"lazy\" decoding=\"async\" src=\"http:\/\/fatherbroom.com\/es\/wp-content\/media\/sites\/3\/Screen-Shot-2020-07-03-at-6.33.30-PM-300x101.png\" alt=\"\" width=\"618\" height=\"208\" class=\"aligncenter  wp-image-23170\" srcset=\"https:\/\/fatherbroom.com\/es\/wp-content\/media\/sites\/3\/Screen-Shot-2020-07-03-at-6.33.30-PM-300x101.png 300w, https:\/\/fatherbroom.com\/es\/wp-content\/media\/sites\/3\/Screen-Shot-2020-07-03-at-6.33.30-PM-768x258.png 768w, https:\/\/fatherbroom.com\/es\/wp-content\/media\/sites\/3\/Screen-Shot-2020-07-03-at-6.33.30-PM-1024x343.png 1024w, https:\/\/fatherbroom.com\/es\/wp-content\/media\/sites\/3\/Screen-Shot-2020-07-03-at-6.33.30-PM.png 1640w\" sizes=\"auto, (max-width: 618px) 100vw, 618px\" \/><\/strong><br \/><strong>Catecismo de la Iglesia Cat\u00f3lica\u00a0<\/strong><\/p>\n<p><strong>32 El mundo: A partir del movimiento y del devenir, de la contingencia, del orden y de la belleza del mundo se puede conocer a Dios como origen y fin del universo.<\/strong><\/p>\n<p><strong>San Pablo afirma refiri\u00e9ndose a los paganos: \u00abLo que de Dios se puede conocer, est\u00e1 en ellos manifiesto: Dios se lo manifest\u00f3. Porque lo invisible de Dios, desde la creaci\u00f3n del mundo se deja ver a la inteligencia a trav\u00e9s de sus obras: su poder eterno y su divinidad\u00bb (Rm 1,19-20; cf. Hch 14,15.17; 17,27-28; Sb 13,1-9).<\/strong><\/p>\n<p><strong>Y san Agust\u00edn: \u00abInterroga a la belleza de la tierra, interroga a la belleza del mar, interroga a la belleza del aire que se dilata y se difunde, interroga a la belleza del cielo [&#8230;] interroga a todas estas realidades. Todas te responde: Ve, nosotras somos bellas. Su belleza es su proclamaci\u00f3n (confessio). Estas bellezas sujetas a cambio, \u00bfqui\u00e9n las ha hecho sino la Suma Belleza (Pulcher), no sujeta a cambio?\u00bb (Sermo 241, 2: PL 38, 1134).<\/strong><\/p>\n<div class=\"synved-social-container synved-social-container-share\" style=\"text-align: center\"><a class=\"synved-social-button synved-social-button-share synved-social-size-48 synved-social-resolution-single synved-social-provider-facebook nolightbox\" data-provider=\"facebook\" target=\"_blank\" rel=\"nofollow\" title=\"Share on Facebook\" href=\"https:\/\/www.facebook.com\/sharer.php?u=https%3A%2F%2Ffatherbroom.com%2Fes%2Fwp-json%2Fwp%2Fv2%2Fposts%2F23167&#038;t=LECTURAS%20DEL%20DIA%20Y%20CATECISMO%20%7C%204%20JULIO%202020&#038;s=100&#038;p&#091;url&#093;=https%3A%2F%2Ffatherbroom.com%2Fes%2Fwp-json%2Fwp%2Fv2%2Fposts%2F23167&#038;p&#091;images&#093;&#091;0&#093;=http%3A%2F%2Ffatherbroom.com%2Fes%2Fwp-content%2Fmedia%2Fsites%2F3%2FScreen-Shot-2020-07-03-at-6.33.30-PM-300x101.png&#038;p&#091;title&#093;=LECTURAS%20DEL%20DIA%20Y%20CATECISMO%20%7C%204%20JULIO%202020\" style=\"font-size: 0px;width:48px;height:48px;margin:0;margin-bottom:5px;margin-right:5px\"><img loading=\"lazy\" decoding=\"async\" alt=\"Facebook\" title=\"Share on Facebook\" class=\"synved-share-image synved-social-image synved-social-image-share\" width=\"48\" height=\"48\" style=\"display: inline;width:48px;height:48px;margin: 0;padding: 0;border: none;box-shadow: none\" src=\"https:\/\/fatherbroom.com\/es\/wp-content\/plugins\/social-media-feather\/synved-social\/image\/social\/regular\/96x96\/facebook.png\" \/><\/a><a class=\"synved-social-button synved-social-button-share synved-social-size-48 synved-social-resolution-single synved-social-provider-twitter nolightbox\" data-provider=\"twitter\" target=\"_blank\" rel=\"nofollow\" title=\"Share on Twitter\" href=\"https:\/\/twitter.com\/intent\/tweet?url=https%3A%2F%2Ffatherbroom.com%2Fes%2Fwp-json%2Fwp%2Fv2%2Fposts%2F23167&#038;text=Hey%20check%20this%20out\" style=\"font-size: 0px;width:48px;height:48px;margin:0;margin-bottom:5px;margin-right:5px\"><img loading=\"lazy\" decoding=\"async\" alt=\"twitter\" title=\"Share on Twitter\" class=\"synved-share-image synved-social-image synved-social-image-share\" width=\"48\" height=\"48\" style=\"display: inline;width:48px;height:48px;margin: 0;padding: 0;border: none;box-shadow: none\" src=\"https:\/\/fatherbroom.com\/es\/wp-content\/plugins\/social-media-feather\/synved-social\/image\/social\/regular\/96x96\/twitter.png\" \/><\/a><a class=\"synved-social-button synved-social-button-share synved-social-size-48 synved-social-resolution-single synved-social-provider-reddit nolightbox\" data-provider=\"reddit\" target=\"_blank\" rel=\"nofollow\" title=\"Share on Reddit\" href=\"https:\/\/www.reddit.com\/submit?url=https%3A%2F%2Ffatherbroom.com%2Fes%2Fwp-json%2Fwp%2Fv2%2Fposts%2F23167&#038;title=LECTURAS%20DEL%20DIA%20Y%20CATECISMO%20%7C%204%20JULIO%202020\" style=\"font-size: 0px;width:48px;height:48px;margin:0;margin-bottom:5px;margin-right:5px\"><img loading=\"lazy\" decoding=\"async\" alt=\"reddit\" title=\"Share on Reddit\" class=\"synved-share-image synved-social-image synved-social-image-share\" width=\"48\" height=\"48\" style=\"display: inline;width:48px;height:48px;margin: 0;padding: 0;border: none;box-shadow: none\" src=\"https:\/\/fatherbroom.com\/es\/wp-content\/plugins\/social-media-feather\/synved-social\/image\/social\/regular\/96x96\/reddit.png\" \/><\/a><a class=\"synved-social-button synved-social-button-share synved-social-size-48 synved-social-resolution-single synved-social-provider-pinterest nolightbox\" data-provider=\"pinterest\" target=\"_blank\" rel=\"nofollow\" title=\"Pin it with Pinterest\" href=\"https:\/\/pinterest.com\/pin\/create\/button\/?url=https%3A%2F%2Ffatherbroom.com%2Fes%2Fwp-json%2Fwp%2Fv2%2Fposts%2F23167&#038;media=http%3A%2F%2Ffatherbroom.com%2Fes%2Fwp-content%2Fmedia%2Fsites%2F3%2FScreen-Shot-2020-07-03-at-6.33.30-PM-300x101.png&#038;description=LECTURAS%20DEL%20DIA%20Y%20CATECISMO%20%7C%204%20JULIO%202020\" style=\"font-size: 0px;width:48px;height:48px;margin:0;margin-bottom:5px;margin-right:5px\"><img loading=\"lazy\" decoding=\"async\" alt=\"pinterest\" title=\"Pin it with Pinterest\" class=\"synved-share-image synved-social-image synved-social-image-share\" width=\"48\" height=\"48\" style=\"display: inline;width:48px;height:48px;margin: 0;padding: 0;border: none;box-shadow: none\" src=\"https:\/\/fatherbroom.com\/es\/wp-content\/plugins\/social-media-feather\/synved-social\/image\/social\/regular\/96x96\/pinterest.png\" \/><\/a><a class=\"synved-social-button synved-social-button-share synved-social-size-48 synved-social-resolution-single synved-social-provider-linkedin nolightbox\" data-provider=\"linkedin\" target=\"_blank\" rel=\"nofollow\" title=\"Share on Linkedin\" href=\"https:\/\/www.linkedin.com\/shareArticle?mini=true&#038;url=https%3A%2F%2Ffatherbroom.com%2Fes%2Fwp-json%2Fwp%2Fv2%2Fposts%2F23167&#038;title=LECTURAS%20DEL%20DIA%20Y%20CATECISMO%20%7C%204%20JULIO%202020\" style=\"font-size: 0px;width:48px;height:48px;margin:0;margin-bottom:5px;margin-right:5px\"><img loading=\"lazy\" decoding=\"async\" alt=\"linkedin\" title=\"Share on Linkedin\" class=\"synved-share-image synved-social-image synved-social-image-share\" width=\"48\" height=\"48\" style=\"display: inline;width:48px;height:48px;margin: 0;padding: 0;border: none;box-shadow: none\" src=\"https:\/\/fatherbroom.com\/es\/wp-content\/plugins\/social-media-feather\/synved-social\/image\/social\/regular\/96x96\/linkedin.png\" \/><\/a><a class=\"synved-social-button synved-social-button-share synved-social-size-48 synved-social-resolution-single synved-social-provider-mail nolightbox\" data-provider=\"mail\" rel=\"nofollow\" title=\"Share by email\" href=\"mailto:?subject=LECTURAS%20DEL%20DIA%20Y%20CATECISMO%20%7C%204%20JULIO%202020&#038;body=Hey%20check%20this%20out:%20https%3A%2F%2Ffatherbroom.com%2Fes%2Fwp-json%2Fwp%2Fv2%2Fposts%2F23167\" style=\"font-size: 0px;width:48px;height:48px;margin:0;margin-bottom:5px\"><img loading=\"lazy\" decoding=\"async\" alt=\"mail\" title=\"Share by email\" class=\"synved-share-image synved-social-image synved-social-image-share\" width=\"48\" height=\"48\" style=\"display: inline;width:48px;height:48px;margin: 0;padding: 0;border: none;box-shadow: none\" src=\"https:\/\/fatherbroom.com\/es\/wp-content\/plugins\/social-media-feather\/synved-social\/image\/social\/regular\/96x96\/mail.png\" \/><\/a><\/div>","protected":false},"excerpt":{"rendered":"<p>4 de julio 2020 S\u00e1bado de la XIII semana del Tiempo ordinario Primera lectura Am 9, 11-15 Esto dice el Se\u00f1or:\u201cAquel d\u00eda renovar\u00e9 la casa de David convertida en ruinas,tapar\u00e9 sus brechas, levantar\u00e9 sus murosy la reconstruir\u00e9 como era en otros tiempos,para que entre en posesi\u00f3n de lo que queda de Edomy de todas las [&hellip;]<\/p>\n","protected":false},"author":7,"featured_media":0,"comment_status":"open","ping_status":"open","sticky":false,"template":"","format":"standard","meta":{"_genesis_hide_title":false,"_genesis_hide_breadcrumbs":false,"_genesis_hide_singular_image":false,"_genesis_hide_footer_widgets":false,"_genesis_custom_body_class":"","_genesis_custom_post_class":"","_genesis_layout":"","footnotes":""},"categories":[277],"tags":[],"class_list":{"0":"post-23167","1":"post","2":"type-post","3":"status-publish","4":"format-standard","6":"category-lecturas-del-dia","7":"entry"},"_links":{"self":[{"href":"https:\/\/fatherbroom.com\/es\/wp-json\/wp\/v2\/posts\/23167","targetHints":{"allow":["GET"]}}],"collection":[{"href":"https:\/\/fatherbroom.com\/es\/wp-json\/wp\/v2\/posts"}],"about":[{"href":"https:\/\/fatherbroom.com\/es\/wp-json\/wp\/v2\/types\/post"}],"author":[{"embeddable":true,"href":"https:\/\/fatherbroom.com\/es\/wp-json\/wp\/v2\/users\/7"}],"replies":[{"embeddable":true,"href":"https:\/\/fatherbroom.com\/es\/wp-json\/wp\/v2\/comments?post=23167"}],"version-history":[{"count":2,"href":"https:\/\/fatherbroom.com\/es\/wp-json\/wp\/v2\/posts\/23167\/revisions"}],"predecessor-version":[{"id":23171,"href":"https:\/\/fatherbroom.com\/es\/wp-json\/wp\/v2\/posts\/23167\/revisions\/23171"}],"wp:attachment":[{"href":"https:\/\/fatherbroom.com\/es\/wp-json\/wp\/v2\/media?parent=23167"}],"wp:term":[{"taxonomy":"category","embeddable":true,"href":"https:\/\/fatherbroom.com\/es\/wp-json\/wp\/v2\/categories?post=23167"},{"taxonomy":"post_tag","embeddable":true,"href":"https:\/\/fatherbroom.com\/es\/wp-json\/wp\/v2\/tags?post=23167"}],"curies":[{"name":"wp","href":"https:\/\/api.w.org\/{rel}","templated":true}]}}