{"id":23162,"date":"2020-07-03T07:17:33","date_gmt":"2020-07-03T14:17:33","guid":{"rendered":"http:\/\/fatherbroom.com\/es\/?p=23162"},"modified":"2020-07-03T07:17:33","modified_gmt":"2020-07-03T14:17:33","slug":"lecturas-del-dia-y-catecismo-3-julio-2020","status":"publish","type":"post","link":"https:\/\/fatherbroom.com\/es\/2020\/07\/lecturas-del-dia-y-catecismo-3-julio-2020\/","title":{"rendered":"LECTURAS DEL DIA Y CATECISMO | 3 JULIO 2020"},"content":{"rendered":"<p><img loading=\"lazy\" decoding=\"async\" src=\"http:\/\/fatherbroom.com\/es\/wp-content\/media\/sites\/3\/Screen-Shot-2020-07-03-at-7.14.28-AM-300x169.png\" alt=\"\" width=\"577\" height=\"325\" class=\"aligncenter  wp-image-23164\" srcset=\"https:\/\/fatherbroom.com\/es\/wp-content\/media\/sites\/3\/Screen-Shot-2020-07-03-at-7.14.28-AM-300x169.png 300w, https:\/\/fatherbroom.com\/es\/wp-content\/media\/sites\/3\/Screen-Shot-2020-07-03-at-7.14.28-AM-768x433.png 768w, https:\/\/fatherbroom.com\/es\/wp-content\/media\/sites\/3\/Screen-Shot-2020-07-03-at-7.14.28-AM-1024x577.png 1024w, https:\/\/fatherbroom.com\/es\/wp-content\/media\/sites\/3\/Screen-Shot-2020-07-03-at-7.14.28-AM.png 1632w\" sizes=\"auto, (max-width: 577px) 100vw, 577px\" \/><\/p>\n<h4><strong>3 de julio 2020<\/strong><\/h4>\n<div class=\"contentarea\">\n<div id=\"cs_control_1386\" class=\"cs_control CS_Element_Schedule\">\n<div title=\"\" id=\"CS_Element_maincontent\">\n<div id=\"gridRow_1_1_1386\" class=\"cs_GridRow\">\n<div id=\"gridCol_1_1_1_1_1386\" class=\"cs_GridColumn\">\n<div id=\"cs_control_157991\" class=\"cs_control  lecturas-block\">\n<div id=\"cs_control_3683\" class=\"cs_control  CS_Element_Textblock\">\n<div class=\"CS_Textblock_Text\">\n<h4><strong>Fiesta de santo Tom\u00e1s, Ap\u00f3stol<\/strong><\/p>\n<p><strong>Primera lectura\u00a0<\/strong><strong>Ef 2, 19-22<\/strong><\/h4>\n<\/div>\n<\/div>\n<div id=\"cs_control_3684\" class=\"cs_control  CS_Element_Textblock\">\n<div class=\"CS_Textblock_Text\">\n<div class=\"bibleReadingsWrapper\">\n<div class=\"poetry\">\n<p><strong>Hermanos: Ya no son ustedes extranjeros ni advenedizos; son conciudadanos de los santos y pertenecen a la familia de Dios, porque han sido edificados sobre el cimiento de los ap\u00f3stoles y de los profetas, siendo Cristo Jes\u00fas la piedra angular.<\/strong><\/p>\n<p><strong>Sobre Cristo, todo el edificio se va levantando bien estructurado, para formar el templo santo del Se\u00f1or, y unidos a \u00e9l tambi\u00e9n ustedes se van incorporando al edificio, por medio del Esp\u00edritu Santo, para ser morada de Dios.<\/strong><\/p>\n<\/div>\n<\/div>\n<\/div>\n<\/div>\n<div id=\"cs_control_289228\" class=\"cs_control  CS_Element_Textblock\">\n<div class=\"CS_Textblock_Text\">\n<div class=\"bibleReadingsWrapper\">\n<h4><strong>Salmo Responsorial<\/strong><\/h4>\n<h4><strong>Salmo 116, 1.2<\/strong><\/h4>\n<div class=\"poetry\">\n<p><strong>R. (Mc 16, 15) Vayan por todo el mundo y prediquen el Evangelio.<\/strong><br \/><strong>Que alaben al Se\u00f1or todas las naciones,<\/strong><br \/><strong>que lo aclamen todos los pueblos.<\/strong><\/p>\n<p><strong>R. Vayan por todo el mundo y prediquen el Evangelio.<\/strong><br \/><strong>Porque grande es su amor hacia nosotros<\/strong><br \/><strong>y su fidelidad dura por siempre.<\/strong><\/p>\n<p><strong>R. Vayan por todo el mundo y prediquen el Evangelio.<\/strong><\/p>\n<\/div>\n<\/div>\n<\/div>\n<\/div>\n<div id=\"cs_control_289230\" class=\"cs_control  CS_Element_Textblock\">\n<div class=\"CS_Textblock_Text\">\n<div class=\"bibleReadingsWrapper\">\n<h4><strong>Aclamaci\u00f3n antes del Evangelio<\/strong><\/h4>\n<h4><strong>Jn 20, 29<\/strong><\/h4>\n<div class=\"poetry\">\n<p><strong>R. Aleluya, aleluya.<\/strong><br \/><strong>Tom\u00e1s, t\u00fa crees porque me has visto, dice el Se\u00f1or;<\/strong><br \/><strong>dichosos los que creen sin haberme visto.<\/strong><br \/><strong>R. Aleluya.<\/strong><\/p>\n<\/div>\n<\/div>\n<\/div>\n<\/div>\n<div id=\"cs_control_289231\" class=\"cs_control  CS_Element_Textblock\">\n<div class=\"CS_Textblock_Text\">\n<div class=\"bibleReadingsWrapper\">\n<h4><strong>Evangelio\u00a0Jn 20, 24-29<\/strong><\/h4>\n<div class=\"poetry\">\n<p><strong>Tom\u00e1s, uno de los Doce, a quien llamaban el Gemelo, no estaba con ellos cuando vino Jes\u00fas, y los otros disc\u00edpulos le dec\u00edan: \u201cHemos visto al Se\u00f1or\u201d. Pero \u00e9l les contest\u00f3: \u201cSi no veo en sus manos la se\u00f1al de los clavos y si no meto mi dedo en los agujeros de los clavos y no meto mi mano en su costado, no creer\u00e9\u201d.<\/strong><\/p>\n<p><strong>Ocho d\u00edas despu\u00e9s, estaban reunidos los disc\u00edpulos a puerta cerrada y Tom\u00e1s estaba con ellos. Jes\u00fas se present\u00f3 de nuevo en medio de ellos y les dijo: \u201cLa paz est\u00e9 con ustedes\u201d. Luego le dijo a Tom\u00e1s: \u201cAqu\u00ed est\u00e1n mis manos; acerca tu dedo. Trae ac\u00e1 tu mano; m\u00e9tela en mi costado y no sigas dudando, sino cree\u201d. Tom\u00e1s le respondi\u00f3: \u201c\u00a1Se\u00f1or m\u00edo y Dios m\u00edo!\u201d Jes\u00fas a\u00f1adi\u00f3: \u201cT\u00fa crees porque me has visto; dichosos los que creen sin haber visto\u201d.<\/strong><\/p>\n<\/div>\n<\/div>\n<\/div>\n<\/div>\n<div id=\"cs_control_289214\" class=\"cs_control  CS_Element_Textblock\">\n<div class=\"CS_Textblock_Text\">\n<p><img loading=\"lazy\" decoding=\"async\" src=\"http:\/\/fatherbroom.com\/es\/wp-content\/media\/sites\/3\/Screen-Shot-2020-07-03-at-7.15.41-AM-300x101.png\" alt=\"\" width=\"576\" height=\"194\" class=\"aligncenter  wp-image-23165\" srcset=\"https:\/\/fatherbroom.com\/es\/wp-content\/media\/sites\/3\/Screen-Shot-2020-07-03-at-7.15.41-AM-300x101.png 300w, https:\/\/fatherbroom.com\/es\/wp-content\/media\/sites\/3\/Screen-Shot-2020-07-03-at-7.15.41-AM-768x258.png 768w, https:\/\/fatherbroom.com\/es\/wp-content\/media\/sites\/3\/Screen-Shot-2020-07-03-at-7.15.41-AM-1024x344.png 1024w, https:\/\/fatherbroom.com\/es\/wp-content\/media\/sites\/3\/Screen-Shot-2020-07-03-at-7.15.41-AM.png 1636w\" sizes=\"auto, (max-width: 576px) 100vw, 576px\" \/><\/p>\n<p><strong>II Las\u00a0 v\u00edas de acceso al conocimiento de Dios<\/strong><\/p>\n<p><strong>31 Creado a imagen de Dios, llamado a conocer y amar a Dios, el hombre que busca a Dios descubre ciertas \u00abv\u00edas\u00bb para acceder al conocimiento de Dios. Se las llama tambi\u00e9n \u00abpruebas de la existencia de Dios\u00bb, no en el sentido de las pruebas propias de las ciencias naturales, sino en el sentido de \u00abargumentos convergentes y convincentes\u00bb que permiten llegar a verdaderas certezas.<\/strong><\/p>\n<p><strong>Estas \u00abv\u00edas\u00bb para acercarse a Dios tienen como punto de partida la creaci\u00f3n: el mundo material y la persona humana.<\/strong><\/p>\n<\/div>\n<\/div>\n<\/div>\n<\/div>\n<\/div>\n<\/div>\n<\/div>\n<\/div>\n<div class=\"synved-social-container synved-social-container-share\" style=\"text-align: center\"><a class=\"synved-social-button synved-social-button-share synved-social-size-48 synved-social-resolution-single synved-social-provider-facebook nolightbox\" data-provider=\"facebook\" target=\"_blank\" rel=\"nofollow\" title=\"Share on Facebook\" href=\"https:\/\/www.facebook.com\/sharer.php?u=https%3A%2F%2Ffatherbroom.com%2Fes%2Fwp-json%2Fwp%2Fv2%2Fposts%2F23162&#038;t=LECTURAS%20DEL%20DIA%20Y%20CATECISMO%20%7C%203%20JULIO%202020&#038;s=100&#038;p&#091;url&#093;=https%3A%2F%2Ffatherbroom.com%2Fes%2Fwp-json%2Fwp%2Fv2%2Fposts%2F23162&#038;p&#091;images&#093;&#091;0&#093;=http%3A%2F%2Ffatherbroom.com%2Fes%2Fwp-content%2Fmedia%2Fsites%2F3%2FScreen-Shot-2020-07-03-at-7.15.41-AM-300x101.png&#038;p&#091;title&#093;=LECTURAS%20DEL%20DIA%20Y%20CATECISMO%20%7C%203%20JULIO%202020\" style=\"font-size: 0px;width:48px;height:48px;margin:0;margin-bottom:5px;margin-right:5px\"><img loading=\"lazy\" decoding=\"async\" alt=\"Facebook\" title=\"Share on Facebook\" class=\"synved-share-image synved-social-image synved-social-image-share\" width=\"48\" height=\"48\" style=\"display: inline;width:48px;height:48px;margin: 0;padding: 0;border: none;box-shadow: none\" src=\"https:\/\/fatherbroom.com\/es\/wp-content\/plugins\/social-media-feather\/synved-social\/image\/social\/regular\/96x96\/facebook.png\" \/><\/a><a class=\"synved-social-button synved-social-button-share synved-social-size-48 synved-social-resolution-single synved-social-provider-twitter nolightbox\" data-provider=\"twitter\" target=\"_blank\" rel=\"nofollow\" title=\"Share on Twitter\" href=\"https:\/\/twitter.com\/intent\/tweet?url=https%3A%2F%2Ffatherbroom.com%2Fes%2Fwp-json%2Fwp%2Fv2%2Fposts%2F23162&#038;text=Hey%20check%20this%20out\" style=\"font-size: 0px;width:48px;height:48px;margin:0;margin-bottom:5px;margin-right:5px\"><img loading=\"lazy\" decoding=\"async\" alt=\"twitter\" title=\"Share on Twitter\" class=\"synved-share-image synved-social-image synved-social-image-share\" width=\"48\" height=\"48\" style=\"display: inline;width:48px;height:48px;margin: 0;padding: 0;border: none;box-shadow: none\" src=\"https:\/\/fatherbroom.com\/es\/wp-content\/plugins\/social-media-feather\/synved-social\/image\/social\/regular\/96x96\/twitter.png\" \/><\/a><a class=\"synved-social-button synved-social-button-share synved-social-size-48 synved-social-resolution-single synved-social-provider-reddit nolightbox\" data-provider=\"reddit\" target=\"_blank\" rel=\"nofollow\" title=\"Share on Reddit\" href=\"https:\/\/www.reddit.com\/submit?url=https%3A%2F%2Ffatherbroom.com%2Fes%2Fwp-json%2Fwp%2Fv2%2Fposts%2F23162&#038;title=LECTURAS%20DEL%20DIA%20Y%20CATECISMO%20%7C%203%20JULIO%202020\" style=\"font-size: 0px;width:48px;height:48px;margin:0;margin-bottom:5px;margin-right:5px\"><img loading=\"lazy\" decoding=\"async\" alt=\"reddit\" title=\"Share on Reddit\" class=\"synved-share-image synved-social-image synved-social-image-share\" width=\"48\" height=\"48\" style=\"display: inline;width:48px;height:48px;margin: 0;padding: 0;border: none;box-shadow: none\" src=\"https:\/\/fatherbroom.com\/es\/wp-content\/plugins\/social-media-feather\/synved-social\/image\/social\/regular\/96x96\/reddit.png\" \/><\/a><a class=\"synved-social-button synved-social-button-share synved-social-size-48 synved-social-resolution-single synved-social-provider-pinterest nolightbox\" data-provider=\"pinterest\" target=\"_blank\" rel=\"nofollow\" title=\"Pin it with Pinterest\" href=\"https:\/\/pinterest.com\/pin\/create\/button\/?url=https%3A%2F%2Ffatherbroom.com%2Fes%2Fwp-json%2Fwp%2Fv2%2Fposts%2F23162&#038;media=http%3A%2F%2Ffatherbroom.com%2Fes%2Fwp-content%2Fmedia%2Fsites%2F3%2FScreen-Shot-2020-07-03-at-7.15.41-AM-300x101.png&#038;description=LECTURAS%20DEL%20DIA%20Y%20CATECISMO%20%7C%203%20JULIO%202020\" style=\"font-size: 0px;width:48px;height:48px;margin:0;margin-bottom:5px;margin-right:5px\"><img loading=\"lazy\" decoding=\"async\" alt=\"pinterest\" title=\"Pin it with Pinterest\" class=\"synved-share-image synved-social-image synved-social-image-share\" width=\"48\" height=\"48\" style=\"display: inline;width:48px;height:48px;margin: 0;padding: 0;border: none;box-shadow: none\" src=\"https:\/\/fatherbroom.com\/es\/wp-content\/plugins\/social-media-feather\/synved-social\/image\/social\/regular\/96x96\/pinterest.png\" \/><\/a><a class=\"synved-social-button synved-social-button-share synved-social-size-48 synved-social-resolution-single synved-social-provider-linkedin nolightbox\" data-provider=\"linkedin\" target=\"_blank\" rel=\"nofollow\" title=\"Share on Linkedin\" href=\"https:\/\/www.linkedin.com\/shareArticle?mini=true&#038;url=https%3A%2F%2Ffatherbroom.com%2Fes%2Fwp-json%2Fwp%2Fv2%2Fposts%2F23162&#038;title=LECTURAS%20DEL%20DIA%20Y%20CATECISMO%20%7C%203%20JULIO%202020\" style=\"font-size: 0px;width:48px;height:48px;margin:0;margin-bottom:5px;margin-right:5px\"><img loading=\"lazy\" decoding=\"async\" alt=\"linkedin\" title=\"Share on Linkedin\" class=\"synved-share-image synved-social-image synved-social-image-share\" width=\"48\" height=\"48\" style=\"display: inline;width:48px;height:48px;margin: 0;padding: 0;border: none;box-shadow: none\" src=\"https:\/\/fatherbroom.com\/es\/wp-content\/plugins\/social-media-feather\/synved-social\/image\/social\/regular\/96x96\/linkedin.png\" \/><\/a><a class=\"synved-social-button synved-social-button-share synved-social-size-48 synved-social-resolution-single synved-social-provider-mail nolightbox\" data-provider=\"mail\" rel=\"nofollow\" title=\"Share by email\" href=\"mailto:?subject=LECTURAS%20DEL%20DIA%20Y%20CATECISMO%20%7C%203%20JULIO%202020&#038;body=Hey%20check%20this%20out:%20https%3A%2F%2Ffatherbroom.com%2Fes%2Fwp-json%2Fwp%2Fv2%2Fposts%2F23162\" style=\"font-size: 0px;width:48px;height:48px;margin:0;margin-bottom:5px\"><img loading=\"lazy\" decoding=\"async\" alt=\"mail\" title=\"Share by email\" class=\"synved-share-image synved-social-image synved-social-image-share\" width=\"48\" height=\"48\" style=\"display: inline;width:48px;height:48px;margin: 0;padding: 0;border: none;box-shadow: none\" src=\"https:\/\/fatherbroom.com\/es\/wp-content\/plugins\/social-media-feather\/synved-social\/image\/social\/regular\/96x96\/mail.png\" \/><\/a><\/div>","protected":false},"excerpt":{"rendered":"<p>3 de julio 2020 Fiesta de santo Tom\u00e1s, Ap\u00f3stol Primera lectura\u00a0Ef 2, 19-22 Hermanos: Ya no son ustedes extranjeros ni advenedizos; son conciudadanos de los santos y pertenecen a la familia de Dios, porque han sido edificados sobre el cimiento de los ap\u00f3stoles y de los profetas, siendo Cristo Jes\u00fas la piedra angular. Sobre Cristo, [&hellip;]<\/p>\n","protected":false},"author":7,"featured_media":0,"comment_status":"open","ping_status":"open","sticky":false,"template":"","format":"standard","meta":{"_genesis_hide_title":false,"_genesis_hide_breadcrumbs":false,"_genesis_hide_singular_image":false,"_genesis_hide_footer_widgets":false,"_genesis_custom_body_class":"","_genesis_custom_post_class":"","_genesis_layout":"","footnotes":""},"categories":[277],"tags":[],"class_list":{"0":"post-23162","1":"post","2":"type-post","3":"status-publish","4":"format-standard","6":"category-lecturas-del-dia","7":"entry"},"_links":{"self":[{"href":"https:\/\/fatherbroom.com\/es\/wp-json\/wp\/v2\/posts\/23162","targetHints":{"allow":["GET"]}}],"collection":[{"href":"https:\/\/fatherbroom.com\/es\/wp-json\/wp\/v2\/posts"}],"about":[{"href":"https:\/\/fatherbroom.com\/es\/wp-json\/wp\/v2\/types\/post"}],"author":[{"embeddable":true,"href":"https:\/\/fatherbroom.com\/es\/wp-json\/wp\/v2\/users\/7"}],"replies":[{"embeddable":true,"href":"https:\/\/fatherbroom.com\/es\/wp-json\/wp\/v2\/comments?post=23162"}],"version-history":[{"count":2,"href":"https:\/\/fatherbroom.com\/es\/wp-json\/wp\/v2\/posts\/23162\/revisions"}],"predecessor-version":[{"id":23166,"href":"https:\/\/fatherbroom.com\/es\/wp-json\/wp\/v2\/posts\/23162\/revisions\/23166"}],"wp:attachment":[{"href":"https:\/\/fatherbroom.com\/es\/wp-json\/wp\/v2\/media?parent=23162"}],"wp:term":[{"taxonomy":"category","embeddable":true,"href":"https:\/\/fatherbroom.com\/es\/wp-json\/wp\/v2\/categories?post=23162"},{"taxonomy":"post_tag","embeddable":true,"href":"https:\/\/fatherbroom.com\/es\/wp-json\/wp\/v2\/tags?post=23162"}],"curies":[{"name":"wp","href":"https:\/\/api.w.org\/{rel}","templated":true}]}}