{"id":23146,"date":"2020-07-02T02:00:50","date_gmt":"2020-07-02T09:00:50","guid":{"rendered":"http:\/\/fatherbroom.com\/es\/?p=23146"},"modified":"2020-07-01T11:34:05","modified_gmt":"2020-07-01T18:34:05","slug":"lecturas-del-dia-y-catecismo-2-julio-2020","status":"publish","type":"post","link":"https:\/\/fatherbroom.com\/es\/2020\/07\/lecturas-del-dia-y-catecismo-2-julio-2020\/","title":{"rendered":"LECTURAS DEL DIA Y CATECISMO | 2 JULIO 2020"},"content":{"rendered":"<p><img loading=\"lazy\" decoding=\"async\" src=\"http:\/\/fatherbroom.com\/es\/wp-content\/media\/sites\/3\/Screen-Shot-2020-07-01-at-11.32.05-AM-300x168.png\" alt=\"\" width=\"534\" height=\"299\" class=\"aligncenter  wp-image-23150\" srcset=\"https:\/\/fatherbroom.com\/es\/wp-content\/media\/sites\/3\/Screen-Shot-2020-07-01-at-11.32.05-AM-300x168.png 300w, https:\/\/fatherbroom.com\/es\/wp-content\/media\/sites\/3\/Screen-Shot-2020-07-01-at-11.32.05-AM-768x430.png 768w, https:\/\/fatherbroom.com\/es\/wp-content\/media\/sites\/3\/Screen-Shot-2020-07-01-at-11.32.05-AM-1024x574.png 1024w, https:\/\/fatherbroom.com\/es\/wp-content\/media\/sites\/3\/Screen-Shot-2020-07-01-at-11.32.05-AM.png 1228w\" sizes=\"auto, (max-width: 534px) 100vw, 534px\" \/><\/p>\n<h4><strong>2 de julio 2020<\/strong><br \/><strong>Jueves de la XIII semana del Tiempo ordinario<\/strong><\/h4>\n<div class=\"contentarea\">\n<div id=\"cs_control_1386\" class=\"cs_control CS_Element_Schedule\">\n<div title=\"\" id=\"CS_Element_maincontent\">\n<div id=\"gridRow_1_1_1386\" class=\"cs_GridRow\">\n<div id=\"gridCol_1_1_1_1_1386\" class=\"cs_GridColumn\">\n<div id=\"cs_control_157991\" class=\"cs_control  lecturas-block\">\n<div id=\"cs_control_3683\" class=\"cs_control  CS_Element_Textblock\">\n<h4 class=\"CS_Textblock_Text\"><strong>Primera lectura\u00a0<\/strong><strong>Am 7, 10-17<\/strong><\/h4>\n<\/div>\n<div id=\"cs_control_3684\" class=\"cs_control  CS_Element_Textblock\">\n<div class=\"CS_Textblock_Text\">\n<div class=\"bibleReadingsWrapper\">\n<div class=\"poetry\">\n<p><strong>En aquel tiempo, Amas\u00edas, sacerdote de Betel, le envi\u00f3 este mensaje a Jeroboam, rey de Israel: \u201cAm\u00f3s est\u00e1 conspirando contra ti en Israel y el pa\u00eds ya no puede soportar sus palabras, pues anda diciendo que Jeroboam morir\u00e1 a espada e Israel saldr\u00e1 de su pa\u00eds al destierro\u201d.<\/strong><\/p>\n<p><strong>Amas\u00edas le dijo a Am\u00f3s: \u201cVete de aqu\u00ed, visionario, y huye al pa\u00eds de Jud\u00e1; g\u00e1nate all\u00e1 el pan, profetizando; pero no vuelvas a profetizar en Betel, porque es santuario del rey y templo del reino\u201d.<\/strong><\/p>\n<p><strong>Respondi\u00f3 Am\u00f3s:<\/strong><br \/><strong>\u201cYo no soy profeta ni hijo de profeta,<\/strong><br \/><strong>sino pastor y cultivador de higos.<\/strong><br \/><strong>El Se\u00f1or me sac\u00f3 de junto al reba\u00f1o y me dijo:<\/strong><br \/><strong>\u2018Ve y profetiza a mi pueblo, Israel\u2019.<\/strong><\/p>\n<p><strong>Y ahora escucha t\u00fa la palabra del Se\u00f1or: \u2018T\u00fa me dices: No profetices contra la casa de Israel. No vaticines contra la casa de Isaac\u2019. Pues bien, esto dice el Se\u00f1or: \u2018Tu mujer ser\u00e1 deshonrada en plena calle; tus hijos e hijas morir\u00e1n a espada; tu tierra se la repartir\u00e1n los vencedores; t\u00fa mismo morir\u00e1s en tierra pagana e Israel ser\u00e1 desterrado lejos de su pa\u00eds\u2019 \u201d.<\/strong><\/p>\n<\/div>\n<\/div>\n<\/div>\n<\/div>\n<div id=\"cs_control_289228\" class=\"cs_control  CS_Element_Textblock\">\n<div class=\"CS_Textblock_Text\">\n<div class=\"bibleReadingsWrapper\">\n<h4><strong>Salmo Responsorial<\/strong><\/h4>\n<h4><strong>Salmo 18, 8. 9. 10. 11<\/strong><\/h4>\n<div class=\"poetry\">\n<p><strong>R. (10b) La voluntad de Dios es santa.<\/strong><br \/><strong>La ley del Se\u00f1or es perfecta del todo<\/strong><br \/><strong>y reconforta el alma;<\/strong><br \/><strong>inmutables son las palabras del Se\u00f1or<\/strong><br \/><strong>y hacen sabio al sencillo. R.<\/strong><\/p>\n<p><strong>R. Los voluntad de Dios es santa.<\/strong><br \/><strong>En los mandamientos de Dios hay rectitud<\/strong><br \/><strong>y alegr\u00eda para el coraz\u00f3n;<\/strong><br \/><strong>son luz los preceptos de Se\u00f1or<\/strong><br \/><strong>para alumbrar el camino. R.<\/strong><\/p>\n<p><strong>R. La voluntad de Dios es santa.<\/strong><br \/><strong>La voluntad de Dios es santa<\/strong><br \/><strong>y para siempre estable;<\/strong><br \/><strong>los mandamientos del Se\u00f1or son verdaderos<\/strong><br \/><strong>y enteramente justos. R.<\/strong><\/p>\n<p><strong>R. La voluntad de Dios es santa.<\/strong><br \/><strong>M\u00e1s deseables que el oro y las piedras preciosas<\/strong><br \/><strong>las normas del Se\u00f1or,<\/strong><br \/><strong>y m\u00e1s dulces que la miel<\/strong><br \/><strong>de un panal que gotea. R.<\/strong><\/p>\n<p><strong>R. La voluntad de Dios es santa.<\/strong><\/p>\n<\/div>\n<\/div>\n<\/div>\n<\/div>\n<div id=\"cs_control_289230\" class=\"cs_control  CS_Element_Textblock\">\n<div class=\"CS_Textblock_Text\">\n<div class=\"bibleReadingsWrapper\">\n<h4><strong>Aclamaci\u00f3n antes del Evangelio<\/strong><\/h4>\n<h4><strong>2 Cor 5, 19<\/strong><\/h4>\n<div class=\"poetry\">\n<p><strong>R. Aleluya, aleluya.<\/strong><br \/><strong>Dios ha reconciliado consigo al mundo, por medio de Cristo,<\/strong><br \/><strong>y nos ha encomendado a nosotros<\/strong><br \/><strong>el mensaje de la reconciliaci\u00f3n.<\/strong><br \/><strong>R. Aleluya.<\/strong><\/p>\n<\/div>\n<\/div>\n<\/div>\n<\/div>\n<div id=\"cs_control_289231\" class=\"cs_control  CS_Element_Textblock\">\n<div class=\"CS_Textblock_Text\">\n<div class=\"bibleReadingsWrapper\">\n<h4><strong>Evangelio\u00a0Mt 9, 1-8<\/strong><\/h4>\n<div class=\"poetry\">\n<p><strong>En aquel tiempo, Jes\u00fas subi\u00f3 de nuevo a la barca, pas\u00f3 a la otra orilla del lago y lleg\u00f3 a Cafarna\u00fam, su ciudad.<\/strong><\/p>\n<p><strong>En esto, trajeron a donde \u00e9l estaba a un paral\u00edtico postrado en una camilla. Viendo Jes\u00fas la fe de aquellos hombres, le dijo al paral\u00edtico: \u201cTen confianza, hijo. Se te perdonan tus pecados\u201d.<\/strong><\/p>\n<p><strong>Al o\u00edr esto, algunos escribas pensaron: \u201cEste hombre est\u00e1 blasfemando\u201d. Pero Jes\u00fas, conociendo sus pensamientos, les dijo: \u201c\u00bfPor qu\u00e9 piensan mal en sus corazones? \u00bfQu\u00e9 es m\u00e1s f\u00e1cil: decir \u2018Se te perdonan tus pecados\u2019, o decir \u2018Lev\u00e1ntate y anda\u2019? Pues para que sepan que el Hijo del hombre tiene poder en la tierra para perdonar los pecados, \u2013le dijo entonces al paral\u00edtico\u2013: Lev\u00e1ntate, toma tu camilla y vete a tu casa\u201d.<\/strong><\/p>\n<p><strong>El se levant\u00f3 y se fue a su casa. Al ver esto, la gente se llen\u00f3 de temor y glorific\u00f3 a Dios, que hab\u00eda dado tanto poder a los hombres.<\/p>\n<p><img loading=\"lazy\" decoding=\"async\" src=\"http:\/\/fatherbroom.com\/es\/wp-content\/media\/sites\/3\/Screen-Shot-2020-07-01-at-11.20.25-AM-300x100.png\" alt=\"\" width=\"660\" height=\"220\" class=\"aligncenter  wp-image-23149\" srcset=\"https:\/\/fatherbroom.com\/es\/wp-content\/media\/sites\/3\/Screen-Shot-2020-07-01-at-11.20.25-AM-300x100.png 300w, https:\/\/fatherbroom.com\/es\/wp-content\/media\/sites\/3\/Screen-Shot-2020-07-01-at-11.20.25-AM-768x255.png 768w, https:\/\/fatherbroom.com\/es\/wp-content\/media\/sites\/3\/Screen-Shot-2020-07-01-at-11.20.25-AM-1024x340.png 1024w, https:\/\/fatherbroom.com\/es\/wp-content\/media\/sites\/3\/Screen-Shot-2020-07-01-at-11.20.25-AM.png 1542w\" sizes=\"auto, (max-width: 660px) 100vw, 660px\" \/><\/strong><\/p>\n<\/div>\n<\/div>\n<\/div>\n<\/div>\n<div id=\"cs_control_289214\" class=\"cs_control  CS_Element_Textblock\">\n<div class=\"CS_Textblock_Text\">\n<p><strong>Catecismo de la Iglesia Cat\u00f3lica<\/strong><\/p>\n<p><strong>30 \u00abAl\u00e9grese el coraz\u00f3n de los que buscan a Dios\u00bb (Sal 105,3). Si el hombre puede olvidar o rechazar a Dios, Dios no cesa de llamar a todo hombre a buscarle para que viva y encuentre la dicha. Pero esta b\u00fasqueda exige del hombre todo el esfuerzo de su inteligencia, la rectitud de su voluntad, \u00abun coraz\u00f3n recto\u00bb, y tambi\u00e9n el testimonio de otros que le ense\u00f1en a buscar a Dios.<\/strong><\/p>\n<p><strong>\u00abT\u00fa eres grande, Se\u00f1or, y muy digno de alabanza: grande es tu poder, y tu sabidur\u00eda no tiene medida. Y el hombre, peque\u00f1a parte de tu creaci\u00f3n, pretende alabarte, precisamente el hombre que, revestido de su condici\u00f3n mortal, lleva en s\u00ed el testimonio de su pecado y el testimonio de que t\u00fa resistes a los soberbios. A pesar de todo, el hombre, peque\u00f1a parte de tu creaci\u00f3n, quiere alabarte. T\u00fa mismo le incitas a ello, haciendo que encuentre sus delicias en tu alabanza, porque nos has hecho para ti y nuestro coraz\u00f3n est\u00e1 inquieto mientras no descansa en ti\u00bb (San Agust\u00edn, Confessiones, 1,1,1).<\/strong><\/p>\n<\/div>\n<\/div>\n<\/div>\n<\/div>\n<\/div>\n<\/div>\n<\/div>\n<\/div>\n<div class=\"synved-social-container synved-social-container-share\" style=\"text-align: center\"><a class=\"synved-social-button synved-social-button-share synved-social-size-48 synved-social-resolution-single synved-social-provider-facebook nolightbox\" data-provider=\"facebook\" target=\"_blank\" rel=\"nofollow\" title=\"Share on Facebook\" href=\"https:\/\/www.facebook.com\/sharer.php?u=https%3A%2F%2Ffatherbroom.com%2Fes%2Fwp-json%2Fwp%2Fv2%2Fposts%2F23146&#038;t=LECTURAS%20DEL%20DIA%20Y%20CATECISMO%20%7C%202%20JULIO%202020&#038;s=100&#038;p&#091;url&#093;=https%3A%2F%2Ffatherbroom.com%2Fes%2Fwp-json%2Fwp%2Fv2%2Fposts%2F23146&#038;p&#091;images&#093;&#091;0&#093;=http%3A%2F%2Ffatherbroom.com%2Fes%2Fwp-content%2Fmedia%2Fsites%2F3%2FScreen-Shot-2020-07-01-at-11.20.25-AM-300x100.png&#038;p&#091;title&#093;=LECTURAS%20DEL%20DIA%20Y%20CATECISMO%20%7C%202%20JULIO%202020\" style=\"font-size: 0px;width:48px;height:48px;margin:0;margin-bottom:5px;margin-right:5px\"><img loading=\"lazy\" decoding=\"async\" alt=\"Facebook\" title=\"Share on Facebook\" class=\"synved-share-image synved-social-image synved-social-image-share\" width=\"48\" height=\"48\" style=\"display: inline;width:48px;height:48px;margin: 0;padding: 0;border: none;box-shadow: none\" src=\"https:\/\/fatherbroom.com\/es\/wp-content\/plugins\/social-media-feather\/synved-social\/image\/social\/regular\/96x96\/facebook.png\" \/><\/a><a class=\"synved-social-button synved-social-button-share synved-social-size-48 synved-social-resolution-single synved-social-provider-twitter nolightbox\" data-provider=\"twitter\" target=\"_blank\" rel=\"nofollow\" title=\"Share on Twitter\" href=\"https:\/\/twitter.com\/intent\/tweet?url=https%3A%2F%2Ffatherbroom.com%2Fes%2Fwp-json%2Fwp%2Fv2%2Fposts%2F23146&#038;text=Hey%20check%20this%20out\" style=\"font-size: 0px;width:48px;height:48px;margin:0;margin-bottom:5px;margin-right:5px\"><img loading=\"lazy\" decoding=\"async\" alt=\"twitter\" title=\"Share on Twitter\" class=\"synved-share-image synved-social-image synved-social-image-share\" width=\"48\" height=\"48\" style=\"display: inline;width:48px;height:48px;margin: 0;padding: 0;border: none;box-shadow: none\" src=\"https:\/\/fatherbroom.com\/es\/wp-content\/plugins\/social-media-feather\/synved-social\/image\/social\/regular\/96x96\/twitter.png\" \/><\/a><a class=\"synved-social-button synved-social-button-share synved-social-size-48 synved-social-resolution-single synved-social-provider-reddit nolightbox\" data-provider=\"reddit\" target=\"_blank\" rel=\"nofollow\" title=\"Share on Reddit\" href=\"https:\/\/www.reddit.com\/submit?url=https%3A%2F%2Ffatherbroom.com%2Fes%2Fwp-json%2Fwp%2Fv2%2Fposts%2F23146&#038;title=LECTURAS%20DEL%20DIA%20Y%20CATECISMO%20%7C%202%20JULIO%202020\" style=\"font-size: 0px;width:48px;height:48px;margin:0;margin-bottom:5px;margin-right:5px\"><img loading=\"lazy\" decoding=\"async\" alt=\"reddit\" title=\"Share on Reddit\" class=\"synved-share-image synved-social-image synved-social-image-share\" width=\"48\" height=\"48\" style=\"display: inline;width:48px;height:48px;margin: 0;padding: 0;border: none;box-shadow: none\" src=\"https:\/\/fatherbroom.com\/es\/wp-content\/plugins\/social-media-feather\/synved-social\/image\/social\/regular\/96x96\/reddit.png\" \/><\/a><a class=\"synved-social-button synved-social-button-share synved-social-size-48 synved-social-resolution-single synved-social-provider-pinterest nolightbox\" data-provider=\"pinterest\" target=\"_blank\" rel=\"nofollow\" title=\"Pin it with Pinterest\" href=\"https:\/\/pinterest.com\/pin\/create\/button\/?url=https%3A%2F%2Ffatherbroom.com%2Fes%2Fwp-json%2Fwp%2Fv2%2Fposts%2F23146&#038;media=http%3A%2F%2Ffatherbroom.com%2Fes%2Fwp-content%2Fmedia%2Fsites%2F3%2FScreen-Shot-2020-07-01-at-11.20.25-AM-300x100.png&#038;description=LECTURAS%20DEL%20DIA%20Y%20CATECISMO%20%7C%202%20JULIO%202020\" style=\"font-size: 0px;width:48px;height:48px;margin:0;margin-bottom:5px;margin-right:5px\"><img loading=\"lazy\" decoding=\"async\" alt=\"pinterest\" title=\"Pin it with Pinterest\" class=\"synved-share-image synved-social-image synved-social-image-share\" width=\"48\" height=\"48\" style=\"display: inline;width:48px;height:48px;margin: 0;padding: 0;border: none;box-shadow: none\" src=\"https:\/\/fatherbroom.com\/es\/wp-content\/plugins\/social-media-feather\/synved-social\/image\/social\/regular\/96x96\/pinterest.png\" \/><\/a><a class=\"synved-social-button synved-social-button-share synved-social-size-48 synved-social-resolution-single synved-social-provider-linkedin nolightbox\" data-provider=\"linkedin\" target=\"_blank\" rel=\"nofollow\" title=\"Share on Linkedin\" href=\"https:\/\/www.linkedin.com\/shareArticle?mini=true&#038;url=https%3A%2F%2Ffatherbroom.com%2Fes%2Fwp-json%2Fwp%2Fv2%2Fposts%2F23146&#038;title=LECTURAS%20DEL%20DIA%20Y%20CATECISMO%20%7C%202%20JULIO%202020\" style=\"font-size: 0px;width:48px;height:48px;margin:0;margin-bottom:5px;margin-right:5px\"><img loading=\"lazy\" decoding=\"async\" alt=\"linkedin\" title=\"Share on Linkedin\" class=\"synved-share-image synved-social-image synved-social-image-share\" width=\"48\" height=\"48\" style=\"display: inline;width:48px;height:48px;margin: 0;padding: 0;border: none;box-shadow: none\" src=\"https:\/\/fatherbroom.com\/es\/wp-content\/plugins\/social-media-feather\/synved-social\/image\/social\/regular\/96x96\/linkedin.png\" \/><\/a><a class=\"synved-social-button synved-social-button-share synved-social-size-48 synved-social-resolution-single synved-social-provider-mail nolightbox\" data-provider=\"mail\" rel=\"nofollow\" title=\"Share by email\" href=\"mailto:?subject=LECTURAS%20DEL%20DIA%20Y%20CATECISMO%20%7C%202%20JULIO%202020&#038;body=Hey%20check%20this%20out:%20https%3A%2F%2Ffatherbroom.com%2Fes%2Fwp-json%2Fwp%2Fv2%2Fposts%2F23146\" style=\"font-size: 0px;width:48px;height:48px;margin:0;margin-bottom:5px\"><img loading=\"lazy\" decoding=\"async\" alt=\"mail\" title=\"Share by email\" class=\"synved-share-image synved-social-image synved-social-image-share\" width=\"48\" height=\"48\" style=\"display: inline;width:48px;height:48px;margin: 0;padding: 0;border: none;box-shadow: none\" src=\"https:\/\/fatherbroom.com\/es\/wp-content\/plugins\/social-media-feather\/synved-social\/image\/social\/regular\/96x96\/mail.png\" \/><\/a><\/div>","protected":false},"excerpt":{"rendered":"<p>2 de julio 2020Jueves de la XIII semana del Tiempo ordinario Primera lectura\u00a0Am 7, 10-17 En aquel tiempo, Amas\u00edas, sacerdote de Betel, le envi\u00f3 este mensaje a Jeroboam, rey de Israel: \u201cAm\u00f3s est\u00e1 conspirando contra ti en Israel y el pa\u00eds ya no puede soportar sus palabras, pues anda diciendo que Jeroboam morir\u00e1 a espada [&hellip;]<\/p>\n","protected":false},"author":7,"featured_media":0,"comment_status":"open","ping_status":"open","sticky":false,"template":"","format":"standard","meta":{"_genesis_hide_title":false,"_genesis_hide_breadcrumbs":false,"_genesis_hide_singular_image":false,"_genesis_hide_footer_widgets":false,"_genesis_custom_body_class":"","_genesis_custom_post_class":"","_genesis_layout":"","footnotes":""},"categories":[277],"tags":[],"class_list":{"0":"post-23146","1":"post","2":"type-post","3":"status-publish","4":"format-standard","6":"category-lecturas-del-dia","7":"entry"},"_links":{"self":[{"href":"https:\/\/fatherbroom.com\/es\/wp-json\/wp\/v2\/posts\/23146","targetHints":{"allow":["GET"]}}],"collection":[{"href":"https:\/\/fatherbroom.com\/es\/wp-json\/wp\/v2\/posts"}],"about":[{"href":"https:\/\/fatherbroom.com\/es\/wp-json\/wp\/v2\/types\/post"}],"author":[{"embeddable":true,"href":"https:\/\/fatherbroom.com\/es\/wp-json\/wp\/v2\/users\/7"}],"replies":[{"embeddable":true,"href":"https:\/\/fatherbroom.com\/es\/wp-json\/wp\/v2\/comments?post=23146"}],"version-history":[{"count":4,"href":"https:\/\/fatherbroom.com\/es\/wp-json\/wp\/v2\/posts\/23146\/revisions"}],"predecessor-version":[{"id":23152,"href":"https:\/\/fatherbroom.com\/es\/wp-json\/wp\/v2\/posts\/23146\/revisions\/23152"}],"wp:attachment":[{"href":"https:\/\/fatherbroom.com\/es\/wp-json\/wp\/v2\/media?parent=23146"}],"wp:term":[{"taxonomy":"category","embeddable":true,"href":"https:\/\/fatherbroom.com\/es\/wp-json\/wp\/v2\/categories?post=23146"},{"taxonomy":"post_tag","embeddable":true,"href":"https:\/\/fatherbroom.com\/es\/wp-json\/wp\/v2\/tags?post=23146"}],"curies":[{"name":"wp","href":"https:\/\/api.w.org\/{rel}","templated":true}]}}