{"id":23119,"date":"2020-07-01T04:00:16","date_gmt":"2020-07-01T11:00:16","guid":{"rendered":"http:\/\/fatherbroom.com\/es\/?p=23119"},"modified":"2020-06-30T21:52:46","modified_gmt":"2020-07-01T04:52:46","slug":"lecturas-del-dia-y-catecismo-1-julio-2020","status":"publish","type":"post","link":"https:\/\/fatherbroom.com\/es\/2020\/07\/lecturas-del-dia-y-catecismo-1-julio-2020\/","title":{"rendered":"LECTURAS DEL DIA Y CATECISMO | 1 JULIO 2020"},"content":{"rendered":"<p><img loading=\"lazy\" decoding=\"async\" src=\"http:\/\/fatherbroom.com\/es\/wp-content\/media\/sites\/3\/Screen-Shot-2020-06-30-at-10.58.50-AM-300x169.png\" alt=\"\" width=\"607\" height=\"342\" class=\"aligncenter  wp-image-23125\" srcset=\"https:\/\/fatherbroom.com\/es\/wp-content\/media\/sites\/3\/Screen-Shot-2020-06-30-at-10.58.50-AM-300x169.png 300w, https:\/\/fatherbroom.com\/es\/wp-content\/media\/sites\/3\/Screen-Shot-2020-06-30-at-10.58.50-AM-768x433.png 768w, https:\/\/fatherbroom.com\/es\/wp-content\/media\/sites\/3\/Screen-Shot-2020-06-30-at-10.58.50-AM-1024x578.png 1024w, https:\/\/fatherbroom.com\/es\/wp-content\/media\/sites\/3\/Screen-Shot-2020-06-30-at-10.58.50-AM.png 1546w\" sizes=\"auto, (max-width: 607px) 100vw, 607px\" \/><\/p>\n<h4><strong>1 de julio 2020<\/strong><\/h4>\n<div class=\"contentarea\">\n<div id=\"cs_control_1386\" class=\"cs_control CS_Element_Schedule\">\n<div title=\"\" id=\"CS_Element_maincontent\">\n<div id=\"gridRow_1_1_1386\" class=\"cs_GridRow\">\n<div id=\"gridCol_1_1_1_1_1386\" class=\"cs_GridColumn\">\n<div id=\"cs_control_157991\" class=\"cs_control  lecturas-block\">\n<div id=\"cs_control_3683\" class=\"cs_control  CS_Element_Textblock\">\n<div class=\"CS_Textblock_Text\"><strong>Mi\u00e9rcoles de la XIII semana del Tiempo ordinario<\/strong><\/p>\n<p><strong>Primera lectura Am 5, 14-15. 21-24<\/strong><\/div>\n<\/div>\n<div id=\"cs_control_3684\" class=\"cs_control  CS_Element_Textblock\">\n<div class=\"CS_Textblock_Text\">\n<div class=\"bibleReadingsWrapper\">\n<div class=\"poetry\">\n<p><strong>Esto dice el Se\u00f1or:<\/strong><br \/><strong>\u201cBusquen el bien, no el mal, y vivir\u00e1n,<\/strong><br \/><strong>y as\u00ed estar\u00e1 con ustedes, como ustedes mismos dicen,<\/strong><br \/><strong>el Se\u00f1or, Dios de los ej\u00e9rcitos.<\/strong><br \/><strong>Aborrezcan el mal y amen el bien,<\/strong><br \/><strong>implanten la justicia en los tribunales;<\/strong><br \/><strong>quiz\u00e1 entonces el Se\u00f1or, Dios de los ej\u00e9rcitos,<\/strong><br \/><strong>tenga piedad de los sobrevivientes de Jos\u00e9.<\/strong><\/p>\n<p><strong>Yo desprecio y detesto las fiestas de ustedes,<\/strong><br \/><strong>no me agradan sus solemnidades.<\/strong><br \/><strong>Aunque me ofrezcan holocaustos,<\/strong><br \/><strong>no aceptar\u00e9 sus ofrendas<\/strong><br \/><strong>ni mirar\u00e9 con agrado sus sacrificios de novillos gordos.<\/strong><br \/><strong>Alejen de m\u00ed el ruido de sus canciones;<\/strong><br \/><strong>no quiero escuchar la m\u00fasica de sus arpas.<\/strong><br \/><strong>Que fluya la justicia como el agua<\/strong><br \/><strong>y la bondad como un torrente inagotable\u2019\u2019.<\/strong><\/p>\n<\/div>\n<\/div>\n<\/div>\n<\/div>\n<div id=\"cs_control_289228\" class=\"cs_control  CS_Element_Textblock\">\n<div class=\"CS_Textblock_Text\">\n<div class=\"bibleReadingsWrapper\">\n<h2><strong>Salmo Responsorial<\/strong><\/h2>\n<h5><strong>Salmo 49, 7. 8-9. 10-11. 12-13. 16bc-17<\/strong><\/h5>\n<div class=\"poetry\">\n<p><strong>R. (23b) Dios salva al que cumple su voluntad.<\/strong><br \/><strong>Israel, pueblo m\u00edo, escucha atento;<\/strong><br \/><strong>en contra tuya, yo, tu Dios, declaro: R.<\/strong><br \/><strong>R. Dios salva al que cumple su voluntad.<\/strong><br \/><strong>\u201cNo voy a reclamarte sacrificios,<\/strong><br \/><strong>pues siempre est\u00e1n ante m\u00ed tus holocaustos.<\/strong><br \/><strong>Pero ya no aceptar\u00e9 becerros de tu casa,<\/strong><br \/><strong>ni cabritos de tus reba\u00f1os. R.<\/strong><br \/><strong>R. Dios salva al que cumple su voluntad.<\/strong><br \/><strong>Pues todas las fieras de la selva son m\u00edas,<\/strong><br \/><strong>y hay miles de bestias en mis montes.<\/strong><br \/><strong>Conozco todos los p\u00e1jaros del cielo<\/strong><br \/><strong>y es m\u00edo cuanto se mueve en los campos. R.<\/strong><br \/><strong>R. Dios salva al que cumple su voluntad.<\/strong><br \/><strong>Si yo estuviera hambriento,<\/strong><br \/><strong>nunca ir\u00eda a dec\u00edrtelo a ti, pues todo es m\u00edo.<\/strong><br \/><strong>\u00bfO acaso yo como carne de toros<\/strong><br \/><strong>y bebe sangre de cabritos? R.<\/strong><br \/><strong>R. Dios salva al que cumple su voluntad.<\/strong><br \/><strong>\u00bfPor qu\u00e9 citas mis preceptos<\/strong><br \/><strong>y hablas a toda hora de mi pacto,<\/strong><br \/><strong>t\u00fa, que detestas la obediencia<\/strong><br \/><strong>y echas en saco roto mis mandatos\u201d? R.<\/strong><br \/><strong>R. Dios salva al que cumple su voluntad.<\/strong><\/p>\n<\/div>\n<\/div>\n<\/div>\n<\/div>\n<div id=\"cs_control_289230\" class=\"cs_control  CS_Element_Textblock\">\n<div class=\"CS_Textblock_Text\">\n<div class=\"bibleReadingsWrapper\">\n<h4><strong>Aclamaci\u00f3n antes del Evangelio<\/strong><\/h4>\n<h4><strong>Sant 1, 18<\/strong><\/h4>\n<div class=\"poetry\">\n<p><strong>R. Aleluya, aleluya.<\/strong><br \/><strong>Por su propia voluntad el Padre nos engendr\u00f3<\/strong><br \/><strong>por medio del Evangelio,<\/strong><br \/><strong>para que fu\u00e9ramos, en cierto modo,<\/strong><br \/><strong>primicias de sus creaturas.<\/strong><br \/><strong>R. Aleluya.<\/strong><\/p>\n<\/div>\n<\/div>\n<\/div>\n<\/div>\n<div id=\"cs_control_289231\" class=\"cs_control  CS_Element_Textblock\">\n<div class=\"CS_Textblock_Text\">\n<div class=\"bibleReadingsWrapper\">\n<h4><strong>Evangelio\u00a0<\/strong><strong>Mt 8, 28-34<\/strong><\/h4>\n<div class=\"poetry\">\n<p><strong>En aquel tiempo, cuando Jes\u00fas desembarc\u00f3 en la otra orilla del lago, en tierra de los gadarenos, dos endemoniados salieron de entre los sepulcros y fueron a su encuentro. Eran tan feroces, que nadie se atrev\u00eda a pasar por aquel camino. Los endemoniados le gritaron a Jes\u00fas: \u201c\u00bfQu\u00e9 quieres de nosotros, Hijo de Dios? \u00bfAcaso has venido hasta aqu\u00ed para atormentarnos antes del tiempo se\u00f1alado?\u201d<\/strong><\/p>\n<p><strong>No lejos de ah\u00ed hab\u00eda una numerosa piara de cerdos que estaban comiendo. Los demonios le suplicaron a Jes\u00fas: \u201cSi vienes a echarnos fuera, m\u00e1ndanos entrar en esos cerdos\u201d. El les respondi\u00f3: \u201cEst\u00e1 bien\u201d.<\/strong><\/p>\n<p><strong>Entonces los demonios salieron de los hombres, se metieron en los cerdos y toda la piara se precipit\u00f3 en el lago por un despe\u00f1adero y los cerdos se ahogaron.<\/strong><\/p>\n<p><strong>Los que cuidaban los cerdos huyeron hacia la ciudad a dar parte de todos aquellos acontecimientos y de lo sucedido a los endemoniados. Entonces sali\u00f3 toda la gente de la ciudad al encuentro de Jes\u00fas, y al verlo, le suplicaron que se fuera de su territorio.<\/p>\n<p><img loading=\"lazy\" decoding=\"async\" src=\"http:\/\/fatherbroom.com\/es\/wp-content\/media\/sites\/3\/Screen-Shot-2020-06-30-at-11.01.45-AM-300x100.png\" alt=\"\" width=\"591\" height=\"197\" class=\"aligncenter  wp-image-23126\" srcset=\"https:\/\/fatherbroom.com\/es\/wp-content\/media\/sites\/3\/Screen-Shot-2020-06-30-at-11.01.45-AM-300x100.png 300w, https:\/\/fatherbroom.com\/es\/wp-content\/media\/sites\/3\/Screen-Shot-2020-06-30-at-11.01.45-AM-768x256.png 768w, https:\/\/fatherbroom.com\/es\/wp-content\/media\/sites\/3\/Screen-Shot-2020-06-30-at-11.01.45-AM-1024x341.png 1024w, https:\/\/fatherbroom.com\/es\/wp-content\/media\/sites\/3\/Screen-Shot-2020-06-30-at-11.01.45-AM.png 1544w\" sizes=\"auto, (max-width: 591px) 100vw, 591px\" \/><br \/>Catecismo de la Iglesia\u00a0<\/strong><b>Cat\u00f3lica<\/b><\/p>\n<p><strong>29 Pero esta \u00abuni\u00f3n \u00edntima y vital con Dios\u00bb (GS 19,1) puede ser olvidada, desconocida e incluso rechazada expl\u00edcitamente por el hombre. Tales actitudes pueden tener or\u00edgenes muy diversos (cf. GS 19-21): la rebeli\u00f3n contra el mal en el mundo, la ignorancia o la indiferencia religiosas, los afanes del mundo y de las riquezas (cf. Mt 13,22), el mal ejemplo de los creyentes, las corrientes del pensamiento hostiles a la religi\u00f3n, y finalmente esa actitud del hombre pecador que, por miedo, se oculta de Dios (cf. Gn 3,8-10) y huye ante su llamada (cf. Jon 1,3).<\/strong><\/p>\n<p><strong>\u00a0<\/strong><\/p>\n<p>&nbsp;<\/p>\n<\/div>\n<\/div>\n<\/div>\n<\/div>\n<\/div>\n<\/div>\n<\/div>\n<\/div>\n<\/div>\n<\/div>\n<div class=\"synved-social-container synved-social-container-share\" style=\"text-align: center\"><a class=\"synved-social-button synved-social-button-share synved-social-size-48 synved-social-resolution-single synved-social-provider-facebook nolightbox\" data-provider=\"facebook\" target=\"_blank\" rel=\"nofollow\" title=\"Share on Facebook\" href=\"https:\/\/www.facebook.com\/sharer.php?u=https%3A%2F%2Ffatherbroom.com%2Fes%2Fwp-json%2Fwp%2Fv2%2Fposts%2F23119&#038;t=LECTURAS%20DEL%20DIA%20Y%20CATECISMO%20%7C%201%20JULIO%202020&#038;s=100&#038;p&#091;url&#093;=https%3A%2F%2Ffatherbroom.com%2Fes%2Fwp-json%2Fwp%2Fv2%2Fposts%2F23119&#038;p&#091;images&#093;&#091;0&#093;=http%3A%2F%2Ffatherbroom.com%2Fes%2Fwp-content%2Fmedia%2Fsites%2F3%2FScreen-Shot-2020-06-30-at-11.01.45-AM-300x100.png&#038;p&#091;title&#093;=LECTURAS%20DEL%20DIA%20Y%20CATECISMO%20%7C%201%20JULIO%202020\" style=\"font-size: 0px;width:48px;height:48px;margin:0;margin-bottom:5px;margin-right:5px\"><img loading=\"lazy\" decoding=\"async\" alt=\"Facebook\" title=\"Share on Facebook\" class=\"synved-share-image synved-social-image synved-social-image-share\" width=\"48\" height=\"48\" style=\"display: inline;width:48px;height:48px;margin: 0;padding: 0;border: none;box-shadow: none\" src=\"https:\/\/fatherbroom.com\/es\/wp-content\/plugins\/social-media-feather\/synved-social\/image\/social\/regular\/96x96\/facebook.png\" \/><\/a><a class=\"synved-social-button synved-social-button-share synved-social-size-48 synved-social-resolution-single synved-social-provider-twitter nolightbox\" data-provider=\"twitter\" target=\"_blank\" rel=\"nofollow\" title=\"Share on Twitter\" href=\"https:\/\/twitter.com\/intent\/tweet?url=https%3A%2F%2Ffatherbroom.com%2Fes%2Fwp-json%2Fwp%2Fv2%2Fposts%2F23119&#038;text=Hey%20check%20this%20out\" style=\"font-size: 0px;width:48px;height:48px;margin:0;margin-bottom:5px;margin-right:5px\"><img loading=\"lazy\" decoding=\"async\" alt=\"twitter\" title=\"Share on Twitter\" class=\"synved-share-image synved-social-image synved-social-image-share\" width=\"48\" height=\"48\" style=\"display: inline;width:48px;height:48px;margin: 0;padding: 0;border: none;box-shadow: none\" src=\"https:\/\/fatherbroom.com\/es\/wp-content\/plugins\/social-media-feather\/synved-social\/image\/social\/regular\/96x96\/twitter.png\" \/><\/a><a class=\"synved-social-button synved-social-button-share synved-social-size-48 synved-social-resolution-single synved-social-provider-reddit nolightbox\" data-provider=\"reddit\" target=\"_blank\" rel=\"nofollow\" title=\"Share on Reddit\" href=\"https:\/\/www.reddit.com\/submit?url=https%3A%2F%2Ffatherbroom.com%2Fes%2Fwp-json%2Fwp%2Fv2%2Fposts%2F23119&#038;title=LECTURAS%20DEL%20DIA%20Y%20CATECISMO%20%7C%201%20JULIO%202020\" style=\"font-size: 0px;width:48px;height:48px;margin:0;margin-bottom:5px;margin-right:5px\"><img loading=\"lazy\" decoding=\"async\" alt=\"reddit\" title=\"Share on Reddit\" class=\"synved-share-image synved-social-image synved-social-image-share\" width=\"48\" height=\"48\" style=\"display: inline;width:48px;height:48px;margin: 0;padding: 0;border: none;box-shadow: none\" src=\"https:\/\/fatherbroom.com\/es\/wp-content\/plugins\/social-media-feather\/synved-social\/image\/social\/regular\/96x96\/reddit.png\" \/><\/a><a class=\"synved-social-button synved-social-button-share synved-social-size-48 synved-social-resolution-single synved-social-provider-pinterest nolightbox\" data-provider=\"pinterest\" target=\"_blank\" rel=\"nofollow\" title=\"Pin it with Pinterest\" href=\"https:\/\/pinterest.com\/pin\/create\/button\/?url=https%3A%2F%2Ffatherbroom.com%2Fes%2Fwp-json%2Fwp%2Fv2%2Fposts%2F23119&#038;media=http%3A%2F%2Ffatherbroom.com%2Fes%2Fwp-content%2Fmedia%2Fsites%2F3%2FScreen-Shot-2020-06-30-at-11.01.45-AM-300x100.png&#038;description=LECTURAS%20DEL%20DIA%20Y%20CATECISMO%20%7C%201%20JULIO%202020\" style=\"font-size: 0px;width:48px;height:48px;margin:0;margin-bottom:5px;margin-right:5px\"><img loading=\"lazy\" decoding=\"async\" alt=\"pinterest\" title=\"Pin it with Pinterest\" class=\"synved-share-image synved-social-image synved-social-image-share\" width=\"48\" height=\"48\" style=\"display: inline;width:48px;height:48px;margin: 0;padding: 0;border: none;box-shadow: none\" src=\"https:\/\/fatherbroom.com\/es\/wp-content\/plugins\/social-media-feather\/synved-social\/image\/social\/regular\/96x96\/pinterest.png\" \/><\/a><a class=\"synved-social-button synved-social-button-share synved-social-size-48 synved-social-resolution-single synved-social-provider-linkedin nolightbox\" data-provider=\"linkedin\" target=\"_blank\" rel=\"nofollow\" title=\"Share on Linkedin\" href=\"https:\/\/www.linkedin.com\/shareArticle?mini=true&#038;url=https%3A%2F%2Ffatherbroom.com%2Fes%2Fwp-json%2Fwp%2Fv2%2Fposts%2F23119&#038;title=LECTURAS%20DEL%20DIA%20Y%20CATECISMO%20%7C%201%20JULIO%202020\" style=\"font-size: 0px;width:48px;height:48px;margin:0;margin-bottom:5px;margin-right:5px\"><img loading=\"lazy\" decoding=\"async\" alt=\"linkedin\" title=\"Share on Linkedin\" class=\"synved-share-image synved-social-image synved-social-image-share\" width=\"48\" height=\"48\" style=\"display: inline;width:48px;height:48px;margin: 0;padding: 0;border: none;box-shadow: none\" src=\"https:\/\/fatherbroom.com\/es\/wp-content\/plugins\/social-media-feather\/synved-social\/image\/social\/regular\/96x96\/linkedin.png\" \/><\/a><a class=\"synved-social-button synved-social-button-share synved-social-size-48 synved-social-resolution-single synved-social-provider-mail nolightbox\" data-provider=\"mail\" rel=\"nofollow\" title=\"Share by email\" href=\"mailto:?subject=LECTURAS%20DEL%20DIA%20Y%20CATECISMO%20%7C%201%20JULIO%202020&#038;body=Hey%20check%20this%20out:%20https%3A%2F%2Ffatherbroom.com%2Fes%2Fwp-json%2Fwp%2Fv2%2Fposts%2F23119\" style=\"font-size: 0px;width:48px;height:48px;margin:0;margin-bottom:5px\"><img loading=\"lazy\" decoding=\"async\" alt=\"mail\" title=\"Share by email\" class=\"synved-share-image synved-social-image synved-social-image-share\" width=\"48\" height=\"48\" style=\"display: inline;width:48px;height:48px;margin: 0;padding: 0;border: none;box-shadow: none\" src=\"https:\/\/fatherbroom.com\/es\/wp-content\/plugins\/social-media-feather\/synved-social\/image\/social\/regular\/96x96\/mail.png\" \/><\/a><\/div>","protected":false},"excerpt":{"rendered":"<p>1 de julio 2020 Mi\u00e9rcoles de la XIII semana del Tiempo ordinario Primera lectura Am 5, 14-15. 21-24 Esto dice el Se\u00f1or:\u201cBusquen el bien, no el mal, y vivir\u00e1n,y as\u00ed estar\u00e1 con ustedes, como ustedes mismos dicen,el Se\u00f1or, Dios de los ej\u00e9rcitos.Aborrezcan el mal y amen el bien,implanten la justicia en los tribunales;quiz\u00e1 entonces el [&hellip;]<\/p>\n","protected":false},"author":7,"featured_media":0,"comment_status":"open","ping_status":"open","sticky":false,"template":"","format":"standard","meta":{"_genesis_hide_title":false,"_genesis_hide_breadcrumbs":false,"_genesis_hide_singular_image":false,"_genesis_hide_footer_widgets":false,"_genesis_custom_body_class":"","_genesis_custom_post_class":"","_genesis_layout":"","footnotes":""},"categories":[277],"tags":[],"class_list":{"0":"post-23119","1":"post","2":"type-post","3":"status-publish","4":"format-standard","6":"category-lecturas-del-dia","7":"entry"},"_links":{"self":[{"href":"https:\/\/fatherbroom.com\/es\/wp-json\/wp\/v2\/posts\/23119","targetHints":{"allow":["GET"]}}],"collection":[{"href":"https:\/\/fatherbroom.com\/es\/wp-json\/wp\/v2\/posts"}],"about":[{"href":"https:\/\/fatherbroom.com\/es\/wp-json\/wp\/v2\/types\/post"}],"author":[{"embeddable":true,"href":"https:\/\/fatherbroom.com\/es\/wp-json\/wp\/v2\/users\/7"}],"replies":[{"embeddable":true,"href":"https:\/\/fatherbroom.com\/es\/wp-json\/wp\/v2\/comments?post=23119"}],"version-history":[{"count":3,"href":"https:\/\/fatherbroom.com\/es\/wp-json\/wp\/v2\/posts\/23119\/revisions"}],"predecessor-version":[{"id":23127,"href":"https:\/\/fatherbroom.com\/es\/wp-json\/wp\/v2\/posts\/23119\/revisions\/23127"}],"wp:attachment":[{"href":"https:\/\/fatherbroom.com\/es\/wp-json\/wp\/v2\/media?parent=23119"}],"wp:term":[{"taxonomy":"category","embeddable":true,"href":"https:\/\/fatherbroom.com\/es\/wp-json\/wp\/v2\/categories?post=23119"},{"taxonomy":"post_tag","embeddable":true,"href":"https:\/\/fatherbroom.com\/es\/wp-json\/wp\/v2\/tags?post=23119"}],"curies":[{"name":"wp","href":"https:\/\/api.w.org\/{rel}","templated":true}]}}