{"id":23116,"date":"2020-06-30T04:00:59","date_gmt":"2020-06-30T11:00:59","guid":{"rendered":"http:\/\/fatherbroom.com\/es\/?p=23116"},"modified":"2020-06-30T10:44:09","modified_gmt":"2020-06-30T17:44:09","slug":"lecturas-del-dia-y-catecismo-30-junio-2020","status":"publish","type":"post","link":"https:\/\/fatherbroom.com\/es\/2020\/06\/lecturas-del-dia-y-catecismo-30-junio-2020\/","title":{"rendered":"LECTURAS DEL DIA Y CATECISMO | 30 JUNIO 2020"},"content":{"rendered":"<p><img loading=\"lazy\" decoding=\"async\" src=\"http:\/\/fatherbroom.com\/es\/wp-content\/media\/sites\/3\/Screen-Shot-2020-06-30-at-10.40.16-AM-300x169.png\" alt=\"\" width=\"595\" height=\"335\" class=\"aligncenter  wp-image-23121\" srcset=\"https:\/\/fatherbroom.com\/es\/wp-content\/media\/sites\/3\/Screen-Shot-2020-06-30-at-10.40.16-AM-300x169.png 300w, https:\/\/fatherbroom.com\/es\/wp-content\/media\/sites\/3\/Screen-Shot-2020-06-30-at-10.40.16-AM-768x433.png 768w, https:\/\/fatherbroom.com\/es\/wp-content\/media\/sites\/3\/Screen-Shot-2020-06-30-at-10.40.16-AM-1024x577.png 1024w, https:\/\/fatherbroom.com\/es\/wp-content\/media\/sites\/3\/Screen-Shot-2020-06-30-at-10.40.16-AM.png 1540w\" sizes=\"auto, (max-width: 595px) 100vw, 595px\" \/><\/p>\n<h4><strong>30 de junio 2020<\/strong><\/h4>\n<div class=\"contentarea\">\n<div id=\"cs_control_1386\" class=\"cs_control CS_Element_Schedule\">\n<div title=\"\" id=\"CS_Element_maincontent\">\n<div id=\"gridRow_1_1_1386\" class=\"cs_GridRow\">\n<div id=\"gridCol_1_1_1_1_1386\" class=\"cs_GridColumn\">\n<div id=\"cs_control_157991\" class=\"cs_control  lecturas-block\">\n<div id=\"cs_control_3683\" class=\"cs_control  CS_Element_Textblock\">\n<div class=\"CS_Textblock_Text\">\n<h4><strong>Martes de la XIII semana del Tiempo ordinario<\/strong><\/p>\n<p><strong>Primera lectura\u00a0<span style=\"font-size: 16px\">Am 3, 1-8; 4, 11-12<\/span><\/strong><\/h4>\n<\/div>\n<\/div>\n<div id=\"cs_control_3684\" class=\"cs_control  CS_Element_Textblock\">\n<div class=\"CS_Textblock_Text\">\n<div class=\"bibleReadingsWrapper\">\n<div class=\"poetry\">\n<p><strong>Escuchen estas palabras<\/strong><br \/><strong>que el Se\u00f1or les dirige a ustedes, hijos de Israel,<\/strong><br \/><strong>y a todo el pueblo que hizo salir de Egipto:<\/strong><\/p>\n<p><strong>\u201cS\u00f3lo a ustedes los eleg\u00ed<\/strong><br \/><strong>entre todos los pueblos de la tierra,<\/strong><br \/><strong>por eso los castigar\u00e9 con mayor rigor<\/strong><br \/><strong>por todos sus cr\u00edmenes.<\/strong><\/p>\n<p><strong>\u00bfAcaso podr\u00e1n caminar dos juntos, si no est\u00e1n de acuerdo?<\/strong><br \/><strong>\u00bfAcaso no ruge el le\u00f3n en la selva, cuando tiene ya su presa?<\/strong><br \/><strong>\u00bfLanza su rugido el cachorro de le\u00f3n desde su cueva,<\/strong><br \/><strong>si no ha cazado nada?<\/strong><br \/><strong>\u00bfCae el p\u00e1jaro al suelo, sin que se le haya tendido una trampa?<\/strong><br \/><strong>\u00bfSe levanta del suelo la trampa, sin que haya atrapado algo?<\/strong><br \/><strong>\u00bfSe toca la trompeta en la ciudad, sin que se alarme la gente?<\/strong><br \/><strong>\u00bfHay alguna desgracia en la ciudad, sin que el Se\u00f1or la mande?<\/strong><br \/><strong>Ciertamente el Se\u00f1or no hace nada<\/strong><br \/><strong>sin revelar antes su designio a sus profetas.<\/strong><br \/><strong>Pues bien, ya ha rugido el le\u00f3n, \u00bfqui\u00e9n no tendr\u00e1 miedo?<\/strong><br \/><strong>El Se\u00f1or Dios ha hablado, \u00bfqui\u00e9n no profetizar\u00e1?<\/strong><\/p>\n<p><strong>Los he destruido a ustedes como a Sodoma y a Gomorra;<\/strong><br \/><strong>han quedado como un tiz\u00f3n sacado del incendio<\/strong><br \/><strong>y no se han vuelto a m\u00ed, dice el Se\u00f1or.<\/strong><\/p>\n<p><strong>Por eso te voy a tratar as\u00ed, Israel,<\/strong><br \/><strong>y porque as\u00ed te voy a tratar,<\/strong><br \/><strong>prep\u00e1rate, Israel, a comparecer ante tu Dios\u201d.<\/strong><\/p>\n<\/div>\n<\/div>\n<\/div>\n<\/div>\n<div id=\"cs_control_289228\" class=\"cs_control  CS_Element_Textblock\">\n<div class=\"CS_Textblock_Text\">\n<div class=\"bibleReadingsWrapper\">\n<h4><strong>Salmo Responsorial\u00a0Salmo 5, 5-6. 7-8<\/strong><\/h4>\n<div class=\"poetry\">\n<p><strong>R. (9a) Ens\u00e9\u00f1ame, Se\u00f1or, tu santidad.<\/strong><br \/><strong>T\u00fa no eres, Se\u00f1or, un Dios al que pudiera<\/strong><br \/><strong>la maldad agradarle,<\/strong><br \/><strong>ni el malvado es tu hu\u00e9sped<\/strong><br \/><strong>ni ante ti puede estar el arrogante. R.<\/strong><\/p>\n<p><strong>R. Ens\u00e9\u00f1ame, Se\u00f1or, tu santidad.<\/strong><br \/><strong>Al malhechor detestas,<\/strong><br \/><strong>y destruyes, Se\u00f1or, al embustero;<\/strong><br \/><strong>aborreces al hombre sanguinario<\/strong><br \/><strong>y a quien es traicionero. R.<\/strong><\/p>\n<p><strong>R. Ens\u00e9\u00f1ame, Se\u00f1or, tu santidad.<\/strong><br \/><strong>Pero yo, por tu gran misericordia,<\/strong><br \/><strong>entrar\u00e9 en tu casa,<\/strong><br \/><strong>y me postrar\u00e9 en tu templo santo<\/strong><br \/><strong>con reverencia de alma. R.<\/strong><\/p>\n<p><strong>R. Ens\u00e9\u00f1ame, Se\u00f1or, tu santidad<\/strong><\/p>\n<\/div>\n<\/div>\n<\/div>\n<\/div>\n<div id=\"cs_control_289230\" class=\"cs_control  CS_Element_Textblock\">\n<div class=\"CS_Textblock_Text\">\n<div class=\"bibleReadingsWrapper\">\n<h4><strong>Aclamaci\u00f3n antes del Evangelio\u00a0Sal 129, 5<\/strong><\/h4>\n<div class=\"poetry\">\n<p><strong>R. Aleluya, aleluya.<\/strong><br \/><strong>Conf\u00edo en el Se\u00f1or,<\/strong><br \/><strong>mi alma espera y conf\u00eda en su palabra.<\/strong><br \/><strong>R. Aleluya.<\/strong><\/p>\n<\/div>\n<\/div>\n<\/div>\n<\/div>\n<div id=\"cs_control_289231\" class=\"cs_control  CS_Element_Textblock\">\n<div class=\"CS_Textblock_Text\">\n<div class=\"bibleReadingsWrapper\">\n<h4><strong>Evangelio\u00a0Mt 8, 23-27<\/strong><\/h4>\n<div class=\"poetry\">\n<p><strong>En aquel tiempo, Jes\u00fas subi\u00f3 a una barca junto con sus disc\u00edpulos. De pronto se levant\u00f3 en el mar una tempestad tan fuerte, que las olas cubr\u00edan la barca; pero \u00e9l estaba dormido. Los disc\u00edpulos lo despertaron, dici\u00e9ndole: \u201cSe\u00f1or, \u00a1s\u00e1lvanos, que perecemos!\u201d<\/strong><\/p>\n<p><strong>\u00c9l les respondi\u00f3: \u201c\u00bfPor qu\u00e9 tienen miedo, hombres de poca fe?\u201d Entonces se levant\u00f3, dio una orden terminante a los vientos y al mar, y sobrevino una gran calma. Y aquellos hombres, maravillados, dec\u00edan: \u201c\u00bfQui\u00e9n es \u00e9ste, a quien hasta los vientos y el mar obedecen?\u201d.<\/p>\n<p><img loading=\"lazy\" decoding=\"async\" src=\"http:\/\/fatherbroom.com\/es\/wp-content\/media\/sites\/3\/Screen-Shot-2020-06-30-at-10.42.43-AM-300x100.png\" alt=\"\" width=\"546\" height=\"182\" class=\"aligncenter  wp-image-23122\" srcset=\"https:\/\/fatherbroom.com\/es\/wp-content\/media\/sites\/3\/Screen-Shot-2020-06-30-at-10.42.43-AM-300x100.png 300w, https:\/\/fatherbroom.com\/es\/wp-content\/media\/sites\/3\/Screen-Shot-2020-06-30-at-10.42.43-AM-768x257.png 768w, https:\/\/fatherbroom.com\/es\/wp-content\/media\/sites\/3\/Screen-Shot-2020-06-30-at-10.42.43-AM-1024x342.png 1024w, https:\/\/fatherbroom.com\/es\/wp-content\/media\/sites\/3\/Screen-Shot-2020-06-30-at-10.42.43-AM.png 1544w\" sizes=\"auto, (max-width: 546px) 100vw, 546px\" \/><br \/>Catecismo de la Iglesia\u00a0Cat\u00f3lica\u00a0<\/strong><\/p>\n<p><strong>28 De m\u00faltiples maneras, en su historia, y hasta el d\u00eda de hoy, los hombres han expresado su b\u00fasqueda de Dios por medio de sus creencias y sus comportamientos religiosos (oraciones, sacrificios, cultos, meditaciones, etc.). A pesar de las ambig\u00fcedades que pueden entra\u00f1ar, estas formas de expresi\u00f3n son tan universales que se puede llamar al hombre un ser religioso:<\/strong><\/p>\n<p><strong>Dios \u00abcre\u00f3 [&#8230;], de un solo principio, todo el linaje humano, para que habitase sobre toda la faz de la tierra y determin\u00f3 con exactitud el tiempo y los l\u00edmites del lugar donde hab\u00edan de habitar, con el fin de que buscasen a Dios, para ver si a tientas le buscaban y le hallaban; por m\u00e1s que no se encuentra lejos de cada uno de nosotros; pues en \u00e9l vivimos, nos movemos y existimos\u00bb (Hch 17, 26-28).<\/strong><\/p>\n<p><strong>\u00a0<\/strong><\/p>\n<\/div>\n<\/div>\n<\/div>\n<\/div>\n<\/div>\n<\/div>\n<\/div>\n<\/div>\n<\/div>\n<\/div>\n<div class=\"synved-social-container synved-social-container-share\" style=\"text-align: center\"><a class=\"synved-social-button synved-social-button-share synved-social-size-48 synved-social-resolution-single synved-social-provider-facebook nolightbox\" data-provider=\"facebook\" target=\"_blank\" rel=\"nofollow\" title=\"Share on Facebook\" href=\"https:\/\/www.facebook.com\/sharer.php?u=https%3A%2F%2Ffatherbroom.com%2Fes%2Fwp-json%2Fwp%2Fv2%2Fposts%2F23116&#038;t=LECTURAS%20DEL%20DIA%20Y%20CATECISMO%20%7C%2030%20JUNIO%202020&#038;s=100&#038;p&#091;url&#093;=https%3A%2F%2Ffatherbroom.com%2Fes%2Fwp-json%2Fwp%2Fv2%2Fposts%2F23116&#038;p&#091;images&#093;&#091;0&#093;=http%3A%2F%2Ffatherbroom.com%2Fes%2Fwp-content%2Fmedia%2Fsites%2F3%2FScreen-Shot-2020-06-30-at-10.42.43-AM-300x100.png&#038;p&#091;title&#093;=LECTURAS%20DEL%20DIA%20Y%20CATECISMO%20%7C%2030%20JUNIO%202020\" style=\"font-size: 0px;width:48px;height:48px;margin:0;margin-bottom:5px;margin-right:5px\"><img loading=\"lazy\" decoding=\"async\" alt=\"Facebook\" title=\"Share on Facebook\" class=\"synved-share-image synved-social-image synved-social-image-share\" width=\"48\" height=\"48\" style=\"display: inline;width:48px;height:48px;margin: 0;padding: 0;border: none;box-shadow: none\" src=\"https:\/\/fatherbroom.com\/es\/wp-content\/plugins\/social-media-feather\/synved-social\/image\/social\/regular\/96x96\/facebook.png\" \/><\/a><a class=\"synved-social-button synved-social-button-share synved-social-size-48 synved-social-resolution-single synved-social-provider-twitter nolightbox\" data-provider=\"twitter\" target=\"_blank\" rel=\"nofollow\" title=\"Share on Twitter\" href=\"https:\/\/twitter.com\/intent\/tweet?url=https%3A%2F%2Ffatherbroom.com%2Fes%2Fwp-json%2Fwp%2Fv2%2Fposts%2F23116&#038;text=Hey%20check%20this%20out\" style=\"font-size: 0px;width:48px;height:48px;margin:0;margin-bottom:5px;margin-right:5px\"><img loading=\"lazy\" decoding=\"async\" alt=\"twitter\" title=\"Share on Twitter\" class=\"synved-share-image synved-social-image synved-social-image-share\" width=\"48\" height=\"48\" style=\"display: inline;width:48px;height:48px;margin: 0;padding: 0;border: none;box-shadow: none\" src=\"https:\/\/fatherbroom.com\/es\/wp-content\/plugins\/social-media-feather\/synved-social\/image\/social\/regular\/96x96\/twitter.png\" \/><\/a><a class=\"synved-social-button synved-social-button-share synved-social-size-48 synved-social-resolution-single synved-social-provider-reddit nolightbox\" data-provider=\"reddit\" target=\"_blank\" rel=\"nofollow\" title=\"Share on Reddit\" href=\"https:\/\/www.reddit.com\/submit?url=https%3A%2F%2Ffatherbroom.com%2Fes%2Fwp-json%2Fwp%2Fv2%2Fposts%2F23116&#038;title=LECTURAS%20DEL%20DIA%20Y%20CATECISMO%20%7C%2030%20JUNIO%202020\" style=\"font-size: 0px;width:48px;height:48px;margin:0;margin-bottom:5px;margin-right:5px\"><img loading=\"lazy\" decoding=\"async\" alt=\"reddit\" title=\"Share on Reddit\" class=\"synved-share-image synved-social-image synved-social-image-share\" width=\"48\" height=\"48\" style=\"display: inline;width:48px;height:48px;margin: 0;padding: 0;border: none;box-shadow: none\" src=\"https:\/\/fatherbroom.com\/es\/wp-content\/plugins\/social-media-feather\/synved-social\/image\/social\/regular\/96x96\/reddit.png\" \/><\/a><a class=\"synved-social-button synved-social-button-share synved-social-size-48 synved-social-resolution-single synved-social-provider-pinterest nolightbox\" data-provider=\"pinterest\" target=\"_blank\" rel=\"nofollow\" title=\"Pin it with Pinterest\" href=\"https:\/\/pinterest.com\/pin\/create\/button\/?url=https%3A%2F%2Ffatherbroom.com%2Fes%2Fwp-json%2Fwp%2Fv2%2Fposts%2F23116&#038;media=http%3A%2F%2Ffatherbroom.com%2Fes%2Fwp-content%2Fmedia%2Fsites%2F3%2FScreen-Shot-2020-06-30-at-10.42.43-AM-300x100.png&#038;description=LECTURAS%20DEL%20DIA%20Y%20CATECISMO%20%7C%2030%20JUNIO%202020\" style=\"font-size: 0px;width:48px;height:48px;margin:0;margin-bottom:5px;margin-right:5px\"><img loading=\"lazy\" decoding=\"async\" alt=\"pinterest\" title=\"Pin it with Pinterest\" class=\"synved-share-image synved-social-image synved-social-image-share\" width=\"48\" height=\"48\" style=\"display: inline;width:48px;height:48px;margin: 0;padding: 0;border: none;box-shadow: none\" src=\"https:\/\/fatherbroom.com\/es\/wp-content\/plugins\/social-media-feather\/synved-social\/image\/social\/regular\/96x96\/pinterest.png\" \/><\/a><a class=\"synved-social-button synved-social-button-share synved-social-size-48 synved-social-resolution-single synved-social-provider-linkedin nolightbox\" data-provider=\"linkedin\" target=\"_blank\" rel=\"nofollow\" title=\"Share on Linkedin\" href=\"https:\/\/www.linkedin.com\/shareArticle?mini=true&#038;url=https%3A%2F%2Ffatherbroom.com%2Fes%2Fwp-json%2Fwp%2Fv2%2Fposts%2F23116&#038;title=LECTURAS%20DEL%20DIA%20Y%20CATECISMO%20%7C%2030%20JUNIO%202020\" style=\"font-size: 0px;width:48px;height:48px;margin:0;margin-bottom:5px;margin-right:5px\"><img loading=\"lazy\" decoding=\"async\" alt=\"linkedin\" title=\"Share on Linkedin\" class=\"synved-share-image synved-social-image synved-social-image-share\" width=\"48\" height=\"48\" style=\"display: inline;width:48px;height:48px;margin: 0;padding: 0;border: none;box-shadow: none\" src=\"https:\/\/fatherbroom.com\/es\/wp-content\/plugins\/social-media-feather\/synved-social\/image\/social\/regular\/96x96\/linkedin.png\" \/><\/a><a class=\"synved-social-button synved-social-button-share synved-social-size-48 synved-social-resolution-single synved-social-provider-mail nolightbox\" data-provider=\"mail\" rel=\"nofollow\" title=\"Share by email\" href=\"mailto:?subject=LECTURAS%20DEL%20DIA%20Y%20CATECISMO%20%7C%2030%20JUNIO%202020&#038;body=Hey%20check%20this%20out:%20https%3A%2F%2Ffatherbroom.com%2Fes%2Fwp-json%2Fwp%2Fv2%2Fposts%2F23116\" style=\"font-size: 0px;width:48px;height:48px;margin:0;margin-bottom:5px\"><img loading=\"lazy\" decoding=\"async\" alt=\"mail\" title=\"Share by email\" class=\"synved-share-image synved-social-image synved-social-image-share\" width=\"48\" height=\"48\" style=\"display: inline;width:48px;height:48px;margin: 0;padding: 0;border: none;box-shadow: none\" src=\"https:\/\/fatherbroom.com\/es\/wp-content\/plugins\/social-media-feather\/synved-social\/image\/social\/regular\/96x96\/mail.png\" \/><\/a><\/div>","protected":false},"excerpt":{"rendered":"<p>30 de junio 2020 Martes de la XIII semana del Tiempo ordinario Primera lectura\u00a0Am 3, 1-8; 4, 11-12 Escuchen estas palabrasque el Se\u00f1or les dirige a ustedes, hijos de Israel,y a todo el pueblo que hizo salir de Egipto: \u201cS\u00f3lo a ustedes los eleg\u00edentre todos los pueblos de la tierra,por eso los castigar\u00e9 con mayor [&hellip;]<\/p>\n","protected":false},"author":7,"featured_media":0,"comment_status":"open","ping_status":"open","sticky":false,"template":"","format":"standard","meta":{"_genesis_hide_title":false,"_genesis_hide_breadcrumbs":false,"_genesis_hide_singular_image":false,"_genesis_hide_footer_widgets":false,"_genesis_custom_body_class":"","_genesis_custom_post_class":"","_genesis_layout":"","footnotes":""},"categories":[277],"tags":[],"class_list":{"0":"post-23116","1":"post","2":"type-post","3":"status-publish","4":"format-standard","6":"category-lecturas-del-dia","7":"entry"},"_links":{"self":[{"href":"https:\/\/fatherbroom.com\/es\/wp-json\/wp\/v2\/posts\/23116","targetHints":{"allow":["GET"]}}],"collection":[{"href":"https:\/\/fatherbroom.com\/es\/wp-json\/wp\/v2\/posts"}],"about":[{"href":"https:\/\/fatherbroom.com\/es\/wp-json\/wp\/v2\/types\/post"}],"author":[{"embeddable":true,"href":"https:\/\/fatherbroom.com\/es\/wp-json\/wp\/v2\/users\/7"}],"replies":[{"embeddable":true,"href":"https:\/\/fatherbroom.com\/es\/wp-json\/wp\/v2\/comments?post=23116"}],"version-history":[{"count":3,"href":"https:\/\/fatherbroom.com\/es\/wp-json\/wp\/v2\/posts\/23116\/revisions"}],"predecessor-version":[{"id":23123,"href":"https:\/\/fatherbroom.com\/es\/wp-json\/wp\/v2\/posts\/23116\/revisions\/23123"}],"wp:attachment":[{"href":"https:\/\/fatherbroom.com\/es\/wp-json\/wp\/v2\/media?parent=23116"}],"wp:term":[{"taxonomy":"category","embeddable":true,"href":"https:\/\/fatherbroom.com\/es\/wp-json\/wp\/v2\/categories?post=23116"},{"taxonomy":"post_tag","embeddable":true,"href":"https:\/\/fatherbroom.com\/es\/wp-json\/wp\/v2\/tags?post=23116"}],"curies":[{"name":"wp","href":"https:\/\/api.w.org\/{rel}","templated":true}]}}