{"id":23101,"date":"2020-06-29T04:00:04","date_gmt":"2020-06-29T11:00:04","guid":{"rendered":"http:\/\/fatherbroom.com\/es\/?p=23101"},"modified":"2020-06-28T21:27:27","modified_gmt":"2020-06-29T04:27:27","slug":"lecturas-del-dia-y-catecismo-29-junio-2020","status":"publish","type":"post","link":"https:\/\/fatherbroom.com\/es\/2020\/06\/lecturas-del-dia-y-catecismo-29-junio-2020\/","title":{"rendered":"LECTURAS DEL DIA Y CATECISMO | 29 JUNIO 2020"},"content":{"rendered":"<p><img loading=\"lazy\" decoding=\"async\" src=\"http:\/\/fatherbroom.com\/es\/wp-content\/media\/sites\/3\/Screen-Shot-2020-06-28-at-9.24.38-PM-300x169.png\" alt=\"\" width=\"598\" height=\"337\" class=\"aligncenter  wp-image-23104\" srcset=\"https:\/\/fatherbroom.com\/es\/wp-content\/media\/sites\/3\/Screen-Shot-2020-06-28-at-9.24.38-PM-300x169.png 300w, https:\/\/fatherbroom.com\/es\/wp-content\/media\/sites\/3\/Screen-Shot-2020-06-28-at-9.24.38-PM-768x434.png 768w, https:\/\/fatherbroom.com\/es\/wp-content\/media\/sites\/3\/Screen-Shot-2020-06-28-at-9.24.38-PM-1024x578.png 1024w, https:\/\/fatherbroom.com\/es\/wp-content\/media\/sites\/3\/Screen-Shot-2020-06-28-at-9.24.38-PM.png 1342w\" sizes=\"auto, (max-width: 598px) 100vw, 598px\" \/><\/p>\n<h4><strong>29 de junio 2020<\/strong><\/h4>\n<h4 class=\"imgLine marginBottom10\"><strong>Solemnidad de san Pedro y san Pablo, Ap\u00f3stoles<\/strong><br \/><strong>Primera lectura Hch 12, 1-11<\/strong><\/h4>\n<div class=\"contentarea\">\n<div id=\"cs_control_1386\" class=\"cs_control CS_Element_Schedule\">\n<div title=\"\" id=\"CS_Element_maincontent\">\n<div id=\"gridRow_1_1_1386\" class=\"cs_GridRow\">\n<div id=\"gridCol_1_1_1_1_1386\" class=\"cs_GridColumn\">\n<div id=\"cs_control_3684\" class=\"cs_control  CS_Element_Textblock\">\n<div class=\"CS_Textblock_Text\">\n<div class=\"bibleReadingsWrapper\">\n<div class=\"poetry\">\n<p><strong>En aquellos d\u00edas, el rey Herodes mand\u00f3 apresar a algunos miembros de la Iglesia para maltratarlos. Mand\u00f3 pasar a cuchillo a Santiago, hermano de Juan, y viendo que eso agradaba a los jud\u00edos, tambi\u00e9n hizo apresar a Pedro. Esto sucedi\u00f3 durante los d\u00edas de la fiesta de los panes \u00c1zimos. Despu\u00e9s de apresarlo, lo hizo encarcelar y lo puso bajo la vigilancia de cuatro turnos de guardia, de cuatro soldados cada turno. Su intenci\u00f3n era hacerlo comparecer ante el pueblo despu\u00e9s de la Pascua. Mientras Pedro estaba en la c\u00e1rcel, la comunidad no cesaba de orar a Dios por \u00e9l.<\/strong><\/p>\n<p><strong>La noche anterior al d\u00eda en que Herodes iba a hacerlo comparecer ante el pueblo, Pedro estaba durmiendo entre dos soldados, atado con dos cadenas y los centinelas cuidaban la puerta de la prisi\u00f3n. De pronto apareci\u00f3 el \u00e1ngel del Se\u00f1or y el calabozo se llen\u00f3 de luz. El \u00e1ngel toc\u00f3 a Pedro en el costado, lo despert\u00f3 y le dijo: \u201cLev\u00e1ntate pronto\u201d. Entonces las cadenas que le sujetaban las manos se le cayeron. El \u00e1ngel le dijo: \u201cC\u00ed\u00f1ete la t\u00fanica y ponte las sandalias\u201d, y Pedro obedeci\u00f3. Despu\u00e9s le dijo: \u201cPonte el manto y s\u00edgueme\u201d. Pedro sali\u00f3 detr\u00e1s de \u00e9l, sin saber si era verdad o no lo que el \u00e1ngel hac\u00eda, y le parec\u00eda m\u00e1s bien que estaba so\u00f1ando. Pasaron el primero y el segundo puesto de guardia y llegaron a la puerta de hierro que daba a la calle. La puerta se abri\u00f3 sola delante de ellos. Salieron y caminaron hasta la esquina de la calle y de pronto el \u00e1ngel desapareci\u00f3.<\/strong><\/p>\n<p><strong>Entonces, Pedro se dio cuenta de lo que pasaba y dijo: \u201cAhora s\u00ed estoy seguro de que el Se\u00f1or envi\u00f3 a su \u00e1ngel para librarme de las manos de Herodes y de todo cuanto el pueblo jud\u00edo esperaba que me hicieran\u201d.<\/strong><\/p>\n<\/div>\n<\/div>\n<\/div>\n<\/div>\n<div id=\"cs_control_289228\" class=\"cs_control  CS_Element_Textblock\">\n<div class=\"CS_Textblock_Text\">\n<div class=\"bibleReadingsWrapper\">\n<h4><strong>Salmo Responsorial<\/strong><\/h4>\n<h4><strong>Salmo 33, 2-3. 4-5. 6-7. 8-9<\/strong><\/h4>\n<div class=\"poetry\">\n<p><strong>R. (5) El Se\u00f1or me libr\u00f3 de todos mis temores.<\/strong><br \/><strong>Bendecir\u00e9 al Se\u00f1or a todas horas,<\/strong><br \/><strong>no cesar\u00e1 mi boca de alabarlo.<\/strong><br \/><strong>Yo me siento orgulloso del Se\u00f1or,<\/strong><br \/><strong>que se alegren su pueblo al escucharlo. R.<\/strong><\/p>\n<p><strong>R. El Se\u00f1or me libr\u00f3 de todos mis temores.<\/strong><br \/><strong>Proclamemos la grandeza del Se\u00f1or,<\/strong><br \/><strong>y alabemos todos untos su poder.<\/strong><br \/><strong>Cuando acud\u00ed al Se\u00f1or, me hizo caso<\/strong><br \/><strong>y me libr\u00f3 de todos mis temores. R. \u00a0<\/strong><\/p>\n<p><strong>R. El Se\u00f1or me libr\u00f3 de todos mis temores.<\/strong><br \/><strong>Conf\u00eda en el Se\u00f1or y saltar\u00e1s de gusto,<\/strong><br \/><strong>jam\u00e1s te sentir\u00e1s decepcionado,<\/strong><br \/><strong>porque el Se\u00f1or el clamor de los pobres<\/strong><br \/><strong>y los libra de todas sus angustias. R.<\/strong><\/p>\n<p><strong>R. El Se\u00f1or me libr\u00f3 de todos mis temores.<\/strong><br \/><strong>Junto a aquellos que temen al Se\u00f1or<\/strong><br \/><strong>el \u00e1ngel del Se\u00f1or acampa y los protege.<\/strong><br \/><strong>Haz la prueba y ver\u00e1s qu\u00e9 bueno es el Se\u00f1or.<\/strong><br \/><strong>Dichoso el hombre que se refugia en \u00e9l. R.<\/strong><\/p>\n<p><strong>R. El Se\u00f1or me libr\u00f3 de todos mis temores.<\/strong><\/p>\n<\/div>\n<\/div>\n<\/div>\n<\/div>\n<div id=\"cs_control_289230\" class=\"cs_control  CS_Element_Textblock\">\n<div class=\"CS_Textblock_Text\">\n<div class=\"bibleReadingsWrapper\">\n<h4><strong>Segunda lectura\u00a02 Tm 4, 6-8. 17-18<\/strong><\/h4>\n<div class=\"poetry\">\n<p><strong>Querido hermano: Ha llegado para m\u00ed la hora del sacrificio y se acerca el momento de mi partida. He luchado bien en el combate, he corrido hasta la meta, he perseverado en la fe. Ahora s\u00f3lo espero la corona merecida, con la que el Se\u00f1or, justo juez, me premiar\u00e1 en aquel d\u00eda, y no solamente a m\u00ed, sino a todos aquellos que esperan con amor su glorioso advenimiento.<\/strong><\/p>\n<p><strong>Cuando todos me abandonaron, el Se\u00f1or estuvo a mi lado y me dio fuerzas para que, por mi medio, se proclamara claramente el mensaje de salvaci\u00f3n y lo oyeran todos los paganos. Y fui librado de las fauces del le\u00f3n. El Se\u00f1or me seguir\u00e1 librando de todos los peligros y me llevar\u00e1 sano y salvo a su Reino celestial.<\/strong><\/p>\n<\/div>\n<\/div>\n<div class=\"bibleReadingsWrapper\">\n<h4><strong>Aclamaci\u00f3n antes del Evangelio\u00a0Mt 16, 18<\/strong><\/h4>\n<div class=\"poetry\">\n<p><strong>R.    Aleluya, aleluya.<\/strong><br \/><strong>T\u00fa eres Pedro y sobre esta piedra edificar\u00e9 mi Iglesia,<\/strong><br \/><strong>y los poderes del infierno<\/strong><br \/><strong>no prevalecer\u00e1n sobre ella, dice el Se\u00f1or.<\/strong><br \/><strong>R.    Aleluya.<\/strong><\/p>\n<\/div>\n<\/div>\n<\/div>\n<\/div>\n<div id=\"cs_control_289231\" class=\"cs_control  CS_Element_Textblock\">\n<div class=\"CS_Textblock_Text\">\n<div class=\"bibleReadingsWrapper\">\n<h4><strong>Evangelio\u00a0Lectura del santo Evangelio seg\u00fan san Mateo        \u00a016, 13-19<\/strong><\/h4>\n<div class=\"poetry\">\n<p><strong>En aquel tiempo, cuando lleg\u00f3 Jes\u00fas a la regi\u00f3n de Cesarea de Filipo, hizo esta pregunta a sus disc\u00edpulos: \u201c\u00bfQui\u00e9n dice la gente que es el Hijo del hombre?\u201d Ellos le respondieron: \u201cUnos dicen que eres Juan el Bautista; otros, que El\u00edas; otros, que Jerem\u00edas o alguno de los profetas\u201d.<\/strong><\/p>\n<p><strong>Luego les pregunt\u00f3: \u201cY ustedes, \u00bfqui\u00e9n dicen que soy yo?\u201d Sim\u00f3n Pedro tom\u00f3 la palabra y le dijo: \u201cT\u00fa eres el Mes\u00edas, el Hijo de Dios vivo\u201d.<\/strong><\/p>\n<p><strong>Jes\u00fas le dijo entonces: \u201c\u00a1Dichoso t\u00fa, Sim\u00f3n, hijo de Juan, porque esto no te lo ha revelado ning\u00fan hombre, sino mi Padre que est\u00e1 en los cielos! Y yo te digo a ti que t\u00fa eres Pedro y sobre esta piedra edificar\u00e9 mi Iglesia. Los poderes del infierno no prevalecer\u00e1n sobre ella. Yo te dar\u00e9 las llaves del Reino de los cielos; todo lo que ates en la tierra quedar\u00e1 atado en el cielo, y todo lo que desates en la tierra quedar\u00e1 desatado en el cielo\u201d.<\/p>\n<p><img loading=\"lazy\" decoding=\"async\" src=\"http:\/\/fatherbroom.com\/es\/wp-content\/media\/sites\/3\/Screen-Shot-2020-06-28-at-9.26.12-PM-300x100.png\" alt=\"\" width=\"591\" height=\"197\" class=\"aligncenter  wp-image-23105\" srcset=\"https:\/\/fatherbroom.com\/es\/wp-content\/media\/sites\/3\/Screen-Shot-2020-06-28-at-9.26.12-PM-300x100.png 300w, https:\/\/fatherbroom.com\/es\/wp-content\/media\/sites\/3\/Screen-Shot-2020-06-28-at-9.26.12-PM-768x257.png 768w, https:\/\/fatherbroom.com\/es\/wp-content\/media\/sites\/3\/Screen-Shot-2020-06-28-at-9.26.12-PM-1024x342.png 1024w, https:\/\/fatherbroom.com\/es\/wp-content\/media\/sites\/3\/Screen-Shot-2020-06-28-at-9.26.12-PM.png 1544w\" sizes=\"auto, (max-width: 591px) 100vw, 591px\" \/><\/p>\n<p><\/strong><\/p>\n<p><strong>CAP\u00cdTULO PRIMERO:<br \/>EL HOMBRE ES \u00abCAPAZ\u00bb DE DIOS<\/strong><\/p>\n<p><strong>I. El deseo de Dios<\/strong><\/p>\n<p><strong>27 El deseo de Dios est\u00e1 inscrito en el coraz\u00f3n del hombre, porque el hombre ha sido creado por Dios y para Dios; y Dios no cesa de atraer al hombre hacia s\u00ed, y s\u00f3lo en Dios encontrar\u00e1 el hombre la verdad y la dicha que no cesa de buscar:<\/strong><\/p>\n<p><strong>\u00abLa raz\u00f3n m\u00e1s alta de la dignidad humana consiste en la vocaci\u00f3n del hombre a la comuni\u00f3n con Dios. El hombre es invitado al di\u00e1logo con Dios desde su nacimiento; pues no existe sino porque, creado por Dios por amor, es conservado siempre por amor; y no vive plenamente seg\u00fan la verdad si no reconoce libremente aquel amor y se entrega a su Creador\u00bb (GS 19,1).<\/strong><\/p>\n<p><strong>\u00a0<\/strong><\/p>\n<\/div>\n<\/div>\n<\/div>\n<\/div>\n<div id=\"cs_control_4180\" class=\"cs_control  readingsFooter\">\n<div class=\"CS_Textblock_Text\"><\/div>\n<\/div>\n<\/div>\n<\/div>\n<\/div>\n<\/div>\n<\/div>\n<div class=\"synved-social-container synved-social-container-share\" style=\"text-align: center\"><a class=\"synved-social-button synved-social-button-share synved-social-size-48 synved-social-resolution-single synved-social-provider-facebook nolightbox\" data-provider=\"facebook\" target=\"_blank\" rel=\"nofollow\" title=\"Share on Facebook\" href=\"https:\/\/www.facebook.com\/sharer.php?u=https%3A%2F%2Ffatherbroom.com%2Fes%2Fwp-json%2Fwp%2Fv2%2Fposts%2F23101&#038;t=LECTURAS%20DEL%20DIA%20Y%20CATECISMO%20%7C%2029%20JUNIO%202020&#038;s=100&#038;p&#091;url&#093;=https%3A%2F%2Ffatherbroom.com%2Fes%2Fwp-json%2Fwp%2Fv2%2Fposts%2F23101&#038;p&#091;images&#093;&#091;0&#093;=http%3A%2F%2Ffatherbroom.com%2Fes%2Fwp-content%2Fmedia%2Fsites%2F3%2FScreen-Shot-2020-06-28-at-9.26.12-PM-300x100.png&#038;p&#091;title&#093;=LECTURAS%20DEL%20DIA%20Y%20CATECISMO%20%7C%2029%20JUNIO%202020\" style=\"font-size: 0px;width:48px;height:48px;margin:0;margin-bottom:5px;margin-right:5px\"><img loading=\"lazy\" decoding=\"async\" alt=\"Facebook\" title=\"Share on Facebook\" class=\"synved-share-image synved-social-image synved-social-image-share\" width=\"48\" height=\"48\" style=\"display: inline;width:48px;height:48px;margin: 0;padding: 0;border: none;box-shadow: none\" src=\"https:\/\/fatherbroom.com\/es\/wp-content\/plugins\/social-media-feather\/synved-social\/image\/social\/regular\/96x96\/facebook.png\" \/><\/a><a class=\"synved-social-button synved-social-button-share synved-social-size-48 synved-social-resolution-single synved-social-provider-twitter nolightbox\" data-provider=\"twitter\" target=\"_blank\" rel=\"nofollow\" title=\"Share on Twitter\" href=\"https:\/\/twitter.com\/intent\/tweet?url=https%3A%2F%2Ffatherbroom.com%2Fes%2Fwp-json%2Fwp%2Fv2%2Fposts%2F23101&#038;text=Hey%20check%20this%20out\" style=\"font-size: 0px;width:48px;height:48px;margin:0;margin-bottom:5px;margin-right:5px\"><img loading=\"lazy\" decoding=\"async\" alt=\"twitter\" title=\"Share on Twitter\" class=\"synved-share-image synved-social-image synved-social-image-share\" width=\"48\" height=\"48\" style=\"display: inline;width:48px;height:48px;margin: 0;padding: 0;border: none;box-shadow: none\" src=\"https:\/\/fatherbroom.com\/es\/wp-content\/plugins\/social-media-feather\/synved-social\/image\/social\/regular\/96x96\/twitter.png\" \/><\/a><a class=\"synved-social-button synved-social-button-share synved-social-size-48 synved-social-resolution-single synved-social-provider-reddit nolightbox\" data-provider=\"reddit\" target=\"_blank\" rel=\"nofollow\" title=\"Share on Reddit\" href=\"https:\/\/www.reddit.com\/submit?url=https%3A%2F%2Ffatherbroom.com%2Fes%2Fwp-json%2Fwp%2Fv2%2Fposts%2F23101&#038;title=LECTURAS%20DEL%20DIA%20Y%20CATECISMO%20%7C%2029%20JUNIO%202020\" style=\"font-size: 0px;width:48px;height:48px;margin:0;margin-bottom:5px;margin-right:5px\"><img loading=\"lazy\" decoding=\"async\" alt=\"reddit\" title=\"Share on Reddit\" class=\"synved-share-image synved-social-image synved-social-image-share\" width=\"48\" height=\"48\" style=\"display: inline;width:48px;height:48px;margin: 0;padding: 0;border: none;box-shadow: none\" src=\"https:\/\/fatherbroom.com\/es\/wp-content\/plugins\/social-media-feather\/synved-social\/image\/social\/regular\/96x96\/reddit.png\" \/><\/a><a class=\"synved-social-button synved-social-button-share synved-social-size-48 synved-social-resolution-single synved-social-provider-pinterest nolightbox\" data-provider=\"pinterest\" target=\"_blank\" rel=\"nofollow\" title=\"Pin it with Pinterest\" href=\"https:\/\/pinterest.com\/pin\/create\/button\/?url=https%3A%2F%2Ffatherbroom.com%2Fes%2Fwp-json%2Fwp%2Fv2%2Fposts%2F23101&#038;media=http%3A%2F%2Ffatherbroom.com%2Fes%2Fwp-content%2Fmedia%2Fsites%2F3%2FScreen-Shot-2020-06-28-at-9.26.12-PM-300x100.png&#038;description=LECTURAS%20DEL%20DIA%20Y%20CATECISMO%20%7C%2029%20JUNIO%202020\" style=\"font-size: 0px;width:48px;height:48px;margin:0;margin-bottom:5px;margin-right:5px\"><img loading=\"lazy\" decoding=\"async\" alt=\"pinterest\" title=\"Pin it with Pinterest\" class=\"synved-share-image synved-social-image synved-social-image-share\" width=\"48\" height=\"48\" style=\"display: inline;width:48px;height:48px;margin: 0;padding: 0;border: none;box-shadow: none\" src=\"https:\/\/fatherbroom.com\/es\/wp-content\/plugins\/social-media-feather\/synved-social\/image\/social\/regular\/96x96\/pinterest.png\" \/><\/a><a class=\"synved-social-button synved-social-button-share synved-social-size-48 synved-social-resolution-single synved-social-provider-linkedin nolightbox\" data-provider=\"linkedin\" target=\"_blank\" rel=\"nofollow\" title=\"Share on Linkedin\" href=\"https:\/\/www.linkedin.com\/shareArticle?mini=true&#038;url=https%3A%2F%2Ffatherbroom.com%2Fes%2Fwp-json%2Fwp%2Fv2%2Fposts%2F23101&#038;title=LECTURAS%20DEL%20DIA%20Y%20CATECISMO%20%7C%2029%20JUNIO%202020\" style=\"font-size: 0px;width:48px;height:48px;margin:0;margin-bottom:5px;margin-right:5px\"><img loading=\"lazy\" decoding=\"async\" alt=\"linkedin\" title=\"Share on Linkedin\" class=\"synved-share-image synved-social-image synved-social-image-share\" width=\"48\" height=\"48\" style=\"display: inline;width:48px;height:48px;margin: 0;padding: 0;border: none;box-shadow: none\" src=\"https:\/\/fatherbroom.com\/es\/wp-content\/plugins\/social-media-feather\/synved-social\/image\/social\/regular\/96x96\/linkedin.png\" \/><\/a><a class=\"synved-social-button synved-social-button-share synved-social-size-48 synved-social-resolution-single synved-social-provider-mail nolightbox\" data-provider=\"mail\" rel=\"nofollow\" title=\"Share by email\" href=\"mailto:?subject=LECTURAS%20DEL%20DIA%20Y%20CATECISMO%20%7C%2029%20JUNIO%202020&#038;body=Hey%20check%20this%20out:%20https%3A%2F%2Ffatherbroom.com%2Fes%2Fwp-json%2Fwp%2Fv2%2Fposts%2F23101\" style=\"font-size: 0px;width:48px;height:48px;margin:0;margin-bottom:5px\"><img loading=\"lazy\" decoding=\"async\" alt=\"mail\" title=\"Share by email\" class=\"synved-share-image synved-social-image synved-social-image-share\" width=\"48\" height=\"48\" style=\"display: inline;width:48px;height:48px;margin: 0;padding: 0;border: none;box-shadow: none\" src=\"https:\/\/fatherbroom.com\/es\/wp-content\/plugins\/social-media-feather\/synved-social\/image\/social\/regular\/96x96\/mail.png\" \/><\/a><\/div>","protected":false},"excerpt":{"rendered":"<p>29 de junio 2020 Solemnidad de san Pedro y san Pablo, Ap\u00f3stolesPrimera lectura Hch 12, 1-11 En aquellos d\u00edas, el rey Herodes mand\u00f3 apresar a algunos miembros de la Iglesia para maltratarlos. Mand\u00f3 pasar a cuchillo a Santiago, hermano de Juan, y viendo que eso agradaba a los jud\u00edos, tambi\u00e9n hizo apresar a Pedro. Esto [&hellip;]<\/p>\n","protected":false},"author":7,"featured_media":0,"comment_status":"open","ping_status":"open","sticky":false,"template":"","format":"standard","meta":{"_genesis_hide_title":false,"_genesis_hide_breadcrumbs":false,"_genesis_hide_singular_image":false,"_genesis_hide_footer_widgets":false,"_genesis_custom_body_class":"","_genesis_custom_post_class":"","_genesis_layout":"","footnotes":""},"categories":[277],"tags":[],"class_list":{"0":"post-23101","1":"post","2":"type-post","3":"status-publish","4":"format-standard","6":"category-lecturas-del-dia","7":"entry"},"_links":{"self":[{"href":"https:\/\/fatherbroom.com\/es\/wp-json\/wp\/v2\/posts\/23101","targetHints":{"allow":["GET"]}}],"collection":[{"href":"https:\/\/fatherbroom.com\/es\/wp-json\/wp\/v2\/posts"}],"about":[{"href":"https:\/\/fatherbroom.com\/es\/wp-json\/wp\/v2\/types\/post"}],"author":[{"embeddable":true,"href":"https:\/\/fatherbroom.com\/es\/wp-json\/wp\/v2\/users\/7"}],"replies":[{"embeddable":true,"href":"https:\/\/fatherbroom.com\/es\/wp-json\/wp\/v2\/comments?post=23101"}],"version-history":[{"count":3,"href":"https:\/\/fatherbroom.com\/es\/wp-json\/wp\/v2\/posts\/23101\/revisions"}],"predecessor-version":[{"id":23106,"href":"https:\/\/fatherbroom.com\/es\/wp-json\/wp\/v2\/posts\/23101\/revisions\/23106"}],"wp:attachment":[{"href":"https:\/\/fatherbroom.com\/es\/wp-json\/wp\/v2\/media?parent=23101"}],"wp:term":[{"taxonomy":"category","embeddable":true,"href":"https:\/\/fatherbroom.com\/es\/wp-json\/wp\/v2\/categories?post=23101"},{"taxonomy":"post_tag","embeddable":true,"href":"https:\/\/fatherbroom.com\/es\/wp-json\/wp\/v2\/tags?post=23101"}],"curies":[{"name":"wp","href":"https:\/\/api.w.org\/{rel}","templated":true}]}}