{"id":23036,"date":"2020-06-28T04:00:54","date_gmt":"2020-06-28T11:00:54","guid":{"rendered":"http:\/\/fatherbroom.com\/es\/?p=23036"},"modified":"2020-06-28T21:28:22","modified_gmt":"2020-06-29T04:28:22","slug":"lecturas-del-dia-y-catecismo-28-junio-2020","status":"publish","type":"post","link":"https:\/\/fatherbroom.com\/es\/2020\/06\/lecturas-del-dia-y-catecismo-28-junio-2020\/","title":{"rendered":"LECTURAS DEL DIA Y CATECISMO | 28 JUNIO 2020"},"content":{"rendered":"<p><img loading=\"lazy\" decoding=\"async\" src=\"http:\/\/fatherbroom.com\/es\/wp-content\/media\/sites\/3\/Screen-Shot-2020-06-27-at-8.37.21-PM-300x169.png\" alt=\"\" width=\"598\" height=\"337\" class=\"aligncenter  wp-image-23040\" srcset=\"https:\/\/fatherbroom.com\/es\/wp-content\/media\/sites\/3\/Screen-Shot-2020-06-27-at-8.37.21-PM-300x169.png 300w, https:\/\/fatherbroom.com\/es\/wp-content\/media\/sites\/3\/Screen-Shot-2020-06-27-at-8.37.21-PM-768x432.png 768w, https:\/\/fatherbroom.com\/es\/wp-content\/media\/sites\/3\/Screen-Shot-2020-06-27-at-8.37.21-PM-1024x577.png 1024w, https:\/\/fatherbroom.com\/es\/wp-content\/media\/sites\/3\/Screen-Shot-2020-06-27-at-8.37.21-PM.png 1346w\" sizes=\"auto, (max-width: 598px) 100vw, 598px\" \/><\/p>\n<h4><strong>28 de junio 2020<\/strong><\/h4>\n<div class=\"contentarea\">\n<div id=\"cs_control_1386\" class=\"cs_control CS_Element_Schedule\">\n<div title=\"\" id=\"CS_Element_maincontent\">\n<div id=\"gridRow_1_1_1386\" class=\"cs_GridRow\">\n<div id=\"gridCol_1_1_1_1_1386\" class=\"cs_GridColumn\">\n<div id=\"cs_control_3683\" class=\"cs_control  CS_Element_Textblock\">\n<div class=\"CS_Textblock_Text\"><strong>XIII Domingo Ordinario<\/strong><\/p>\n<p><strong>Primera lectura\u00a0<\/strong><strong>2 Reyes 4, 8-11. 14-16a<\/strong><\/div>\n<\/div>\n<div id=\"cs_control_3684\" class=\"cs_control  CS_Element_Textblock\">\n<div class=\"CS_Textblock_Text\">\n<div class=\"bibleReadingsWrapper\">\n<div class=\"poetry\">\n<p><strong>Un d\u00eda pasaba Eliseo por la ciudad de Sunem y una mujer distinguida lo invit\u00f3 con insistencia a comer en su casa. Desde entonces, siempre que Eliseo pasaba por ah\u00ed, iba a comer a su casa. En una ocasi\u00f3n, ella le dijo a su marido: \u201cYo s\u00e9 que este hombre, que con tanta frecuencia nos visita, es un hombre de Dios. Vamos a construirle en los altos una peque\u00f1a habitaci\u00f3n. Le pondremos all\u00ed una cama, una mesa, una silla y una l\u00e1mpara, para que se quede all\u00ed, cuando venga a visitarnos\u201d.<\/strong><\/p>\n<p><strong>As\u00ed se hizo y cuando Eliseo regres\u00f3 a Sunem, subi\u00f3 a la habitaci\u00f3n y se recost\u00f3 en la cama. Entonces le dijo a su criado: \u201c\u00bfQu\u00e9 podemos hacer por esta mujer?\u201d El criado le dijo: \u201cMira, no tiene hijos y su marido ya es un anciano\u201d. Entonces dijo Eliseo: \u201cLl\u00e1mala\u201d. El criado la llam\u00f3 y ella, al llegar, se detuvo en la puerta. Eliseo le dijo: \u201cEl a\u00f1o que viene, por estas mismas fechas, tendr\u00e1s un hijo en tus brazos\u201d.<\/strong><\/p>\n<\/div>\n<\/div>\n<\/div>\n<\/div>\n<div id=\"cs_control_289228\" class=\"cs_control  CS_Element_Textblock\">\n<div class=\"CS_Textblock_Text\">\n<div class=\"bibleReadingsWrapper\">\n<h4><strong>Salmo Responsorial<\/strong><\/h4>\n<h4><strong>Salmo 88, 2-3. 16-17. 18-19<\/strong><\/h4>\n<div class=\"poetry\">\n<p><strong>R. (2a) Proclamar\u00e9 sin cesar la misericordia del Se\u00f1or.<\/strong><br \/><strong>Proclamar\u00e9 sin cesar la misericordia del Se\u00f1or,<\/strong><br \/><strong>y dar\u00e9 a conocer que su fidelidad es eterna,<\/strong><br \/><strong>pues el Se\u00f1or ha dicho: \u201cMi amor es para siempre, eterno,<\/strong><br \/><strong>y mi lealtad, m\u00e1s firme que los cielos\u201d. R.<\/strong><\/p>\n<p><strong>R. Proclamar\u00e9 sin cesar la misericordia del Se\u00f1or.<\/strong><br \/><strong>Se\u00f1or, feliz el pueblo que te alaba<\/strong><br \/><strong>y que a tu luz camina,<\/strong><br \/><strong>que en tu nombre se alegra a todas horas<\/strong><br \/><strong>y al que llena de orgullo tu justicia. R.<\/strong><\/p>\n<p><strong>R. Proclamar\u00e9 sin cesar la misericordia del Se\u00f1or.<\/strong><br \/><strong>Feliz, porque eres t\u00fa su honor y fuerza<\/strong><br \/><strong>y exalta tu favor nuestro poder.<\/strong><br \/><strong>Feliz, porque el Se\u00f1or es nuestro escudo<\/strong><br \/><strong>y el santo de Israel es nuestro rey. R.<\/strong><\/p>\n<p><strong>R. Proclamar\u00e9 sin cesar la misericordia del Se\u00f1or.<\/strong><\/p>\n<\/div>\n<\/div>\n<\/div>\n<\/div>\n<div id=\"cs_control_289230\" class=\"cs_control  CS_Element_Textblock\">\n<div class=\"CS_Textblock_Text\">\n<div class=\"bibleReadingsWrapper\">\n<h4><strong>Segunda lectura<\/strong><\/h4>\n<h4><strong>Rom 6, 3-4. 8-11<\/strong><\/h4>\n<div class=\"poetry\">\n<p><strong>Hermanos: Todos los que hemos sido incorporados a Cristo Jes\u00fas por medio del bautismo, hemos sido incorporados a su muerte. En efecto, por el bautismo fuimos sepultados con \u00e9l en su muerte, para que, as\u00ed como Cristo resucit\u00f3 de entre los muertos por la gloria del Padre, as\u00ed tambi\u00e9n nosotros llevemos una vida nueva.<\/strong><\/p>\n<p><strong>Por lo tanto, si hemos muerto con Cristo, estamos seguros de que tambi\u00e9n viviremos con \u00e9l; pues sabemos que Cristo, una vez resucitado de entre los muertos, ya nunca morir\u00e1. La muerte ya no tiene dominio sobre \u00e9l, porque al morir, muri\u00f3 al pecado de una vez para siempre; y al resucitar, vive ahora para Dios. Lo mismo ustedes, consid\u00e9rense muertos al pecado y vivos para Dios en Cristo Jes\u00fas, Se\u00f1or nuestro.<\/strong><\/p>\n<\/div>\n<\/div>\n<div class=\"bibleReadingsWrapper\">\n<h4><strong>Aclamaci\u00f3n antes del Evangelio<\/strong><\/h4>\n<h4><strong>1 Pedro 2, 9<\/strong><\/h4>\n<div class=\"poetry\">\n<p><strong>R. Aleluya, aleluya.<\/strong><br \/><strong>Ustedes son linaje escogido, sacerdocio real,<\/strong><br \/><strong>naci\u00f3n consagrada a Dios,<\/strong><br \/><strong>para que proclamen las obras maravillosas<\/strong><br \/><strong>de aquel que los llam\u00f3 de las tinieblas a su luz admirable.<\/strong><br \/><strong>R. Aleluya.<\/strong><\/p>\n<\/div>\n<\/div>\n<\/div>\n<\/div>\n<div id=\"cs_control_289231\" class=\"cs_control  CS_Element_Textblock\">\n<div class=\"CS_Textblock_Text\">\n<div class=\"bibleReadingsWrapper\">\n<h4><strong>Evangelio\u00a0<\/strong><strong>Mt 10, 37-42<\/strong><\/h4>\n<div class=\"poetry\">\n<p><strong>En aquel tiempo, Jes\u00fas dijo a sus ap\u00f3stoles: El que ama a su padre o a su madre m\u00e1s que a m\u00ed, no es digno de m\u00ed; el que ama a su hijo o a su hija m\u00e1s que a m\u00ed, no es digno de m\u00ed; y el que no toma su cruz y me sigue, no es digno de m\u00ed.<\/strong><\/p>\n<p><strong>El que salve su vida la perder\u00e1 y el que la pierda por m\u00ed, la salvar\u00e1.<\/strong><\/p>\n<p><strong>Quien los recibe a ustedes me recibe a m\u00ed; y quien me recibe a m\u00ed, recibe al que me ha enviado.<\/strong><\/p>\n<p><strong>El que recibe a un profeta por ser profeta, recibir\u00e1 recompensa de profeta; el que recibe a un justo por ser justo, recibir\u00e1 recompensa de justo.<\/strong><\/p>\n<p><strong>Quien diere, aunque no sea m\u00e1s que un vaso de agua fr\u00eda a uno de estos peque\u00f1os, por ser disc\u00edpulo m\u00edo, yo les aseguro que no perder\u00e1 su recompensa\u201d.<\/p>\n<p><img loading=\"lazy\" decoding=\"async\" src=\"http:\/\/fatherbroom.com\/es\/wp-content\/media\/sites\/3\/Screen-Shot-2020-06-27-at-8.38.46-PM-300x101.png\" alt=\"\" width=\"576\" height=\"194\" class=\"aligncenter  wp-image-23041\" srcset=\"https:\/\/fatherbroom.com\/es\/wp-content\/media\/sites\/3\/Screen-Shot-2020-06-27-at-8.38.46-PM-300x101.png 300w, https:\/\/fatherbroom.com\/es\/wp-content\/media\/sites\/3\/Screen-Shot-2020-06-27-at-8.38.46-PM-768x258.png 768w, https:\/\/fatherbroom.com\/es\/wp-content\/media\/sites\/3\/Screen-Shot-2020-06-27-at-8.38.46-PM-1024x344.png 1024w, https:\/\/fatherbroom.com\/es\/wp-content\/media\/sites\/3\/Screen-Shot-2020-06-27-at-8.38.46-PM.png 1542w\" sizes=\"auto, (max-width: 576px) 100vw, 576px\" \/><br \/><\/strong><\/p>\n<p><strong>PRIMERA PARTE <br \/><\/strong><strong>LA PROFESI\u00d3N DE LA FE<br \/><\/strong><strong>PRIMERA SECCI\u00d3N<br \/><\/strong><strong>\u00abCREO\u00bb-\u00abCREEMOS\u00bb<\/strong><\/p>\n<p><strong>26 Cuando profesamos nuestra fe, comenzamos diciendo: \u00abCreo\u00bb o \u00abCreemos\u00bb. Antes de exponer la fe de la Iglesia tal como es confesada en el Credo, celebrada en la Liturgia, vivida en la pr\u00e1ctica de los mandamientos y en la oraci\u00f3n, nos preguntamos qu\u00e9 significa \u00abcreer\u00bb. La fe es la respuesta del hombre a Dios que se revela y se entrega a \u00e9l, dando al mismo tiempo una luz sobreabundante al hombre que busca el sentido \u00faltimo de su vida. Por ello consideramos primeramente esta b\u00fasqueda del hombre (cap\u00edtulo primero), a continuaci\u00f3n la Revelaci\u00f3n divina, por la cual Dios viene al encuentro del hombre (cap\u00edtulo segundo), y finalmente la respuesta de la fe (cap\u00edtulo tercero).<\/strong><\/p>\n<p><strong><\/p>\n<p><\/strong><\/p>\n<\/div>\n<\/div>\n<\/div>\n<\/div>\n<div id=\"cs_control_4180\" class=\"cs_control  readingsFooter\">\n<div class=\"CS_Textblock_Text\"><\/div>\n<\/div>\n<\/div>\n<\/div>\n<\/div>\n<\/div>\n<\/div>\n<div class=\"synved-social-container synved-social-container-share\" style=\"text-align: center\"><a class=\"synved-social-button synved-social-button-share synved-social-size-48 synved-social-resolution-single synved-social-provider-facebook nolightbox\" data-provider=\"facebook\" target=\"_blank\" rel=\"nofollow\" title=\"Share on Facebook\" href=\"https:\/\/www.facebook.com\/sharer.php?u=https%3A%2F%2Ffatherbroom.com%2Fes%2Fwp-json%2Fwp%2Fv2%2Fposts%2F23036&#038;t=LECTURAS%20DEL%20DIA%20Y%20CATECISMO%20%7C%2028%20JUNIO%202020&#038;s=100&#038;p&#091;url&#093;=https%3A%2F%2Ffatherbroom.com%2Fes%2Fwp-json%2Fwp%2Fv2%2Fposts%2F23036&#038;p&#091;images&#093;&#091;0&#093;=http%3A%2F%2Ffatherbroom.com%2Fes%2Fwp-content%2Fmedia%2Fsites%2F3%2FScreen-Shot-2020-06-27-at-8.38.46-PM-300x101.png&#038;p&#091;title&#093;=LECTURAS%20DEL%20DIA%20Y%20CATECISMO%20%7C%2028%20JUNIO%202020\" style=\"font-size: 0px;width:48px;height:48px;margin:0;margin-bottom:5px;margin-right:5px\"><img loading=\"lazy\" decoding=\"async\" alt=\"Facebook\" title=\"Share on Facebook\" class=\"synved-share-image synved-social-image synved-social-image-share\" width=\"48\" height=\"48\" style=\"display: inline;width:48px;height:48px;margin: 0;padding: 0;border: none;box-shadow: none\" src=\"https:\/\/fatherbroom.com\/es\/wp-content\/plugins\/social-media-feather\/synved-social\/image\/social\/regular\/96x96\/facebook.png\" \/><\/a><a class=\"synved-social-button synved-social-button-share synved-social-size-48 synved-social-resolution-single synved-social-provider-twitter nolightbox\" data-provider=\"twitter\" target=\"_blank\" rel=\"nofollow\" title=\"Share on Twitter\" href=\"https:\/\/twitter.com\/intent\/tweet?url=https%3A%2F%2Ffatherbroom.com%2Fes%2Fwp-json%2Fwp%2Fv2%2Fposts%2F23036&#038;text=Hey%20check%20this%20out\" style=\"font-size: 0px;width:48px;height:48px;margin:0;margin-bottom:5px;margin-right:5px\"><img loading=\"lazy\" decoding=\"async\" alt=\"twitter\" title=\"Share on Twitter\" class=\"synved-share-image synved-social-image synved-social-image-share\" width=\"48\" height=\"48\" style=\"display: inline;width:48px;height:48px;margin: 0;padding: 0;border: none;box-shadow: none\" src=\"https:\/\/fatherbroom.com\/es\/wp-content\/plugins\/social-media-feather\/synved-social\/image\/social\/regular\/96x96\/twitter.png\" \/><\/a><a class=\"synved-social-button synved-social-button-share synved-social-size-48 synved-social-resolution-single synved-social-provider-reddit nolightbox\" data-provider=\"reddit\" target=\"_blank\" rel=\"nofollow\" title=\"Share on Reddit\" href=\"https:\/\/www.reddit.com\/submit?url=https%3A%2F%2Ffatherbroom.com%2Fes%2Fwp-json%2Fwp%2Fv2%2Fposts%2F23036&#038;title=LECTURAS%20DEL%20DIA%20Y%20CATECISMO%20%7C%2028%20JUNIO%202020\" style=\"font-size: 0px;width:48px;height:48px;margin:0;margin-bottom:5px;margin-right:5px\"><img loading=\"lazy\" decoding=\"async\" alt=\"reddit\" title=\"Share on Reddit\" class=\"synved-share-image synved-social-image synved-social-image-share\" width=\"48\" height=\"48\" style=\"display: inline;width:48px;height:48px;margin: 0;padding: 0;border: none;box-shadow: none\" src=\"https:\/\/fatherbroom.com\/es\/wp-content\/plugins\/social-media-feather\/synved-social\/image\/social\/regular\/96x96\/reddit.png\" \/><\/a><a class=\"synved-social-button synved-social-button-share synved-social-size-48 synved-social-resolution-single synved-social-provider-pinterest nolightbox\" data-provider=\"pinterest\" target=\"_blank\" rel=\"nofollow\" title=\"Pin it with Pinterest\" href=\"https:\/\/pinterest.com\/pin\/create\/button\/?url=https%3A%2F%2Ffatherbroom.com%2Fes%2Fwp-json%2Fwp%2Fv2%2Fposts%2F23036&#038;media=http%3A%2F%2Ffatherbroom.com%2Fes%2Fwp-content%2Fmedia%2Fsites%2F3%2FScreen-Shot-2020-06-27-at-8.38.46-PM-300x101.png&#038;description=LECTURAS%20DEL%20DIA%20Y%20CATECISMO%20%7C%2028%20JUNIO%202020\" style=\"font-size: 0px;width:48px;height:48px;margin:0;margin-bottom:5px;margin-right:5px\"><img loading=\"lazy\" decoding=\"async\" alt=\"pinterest\" title=\"Pin it with Pinterest\" class=\"synved-share-image synved-social-image synved-social-image-share\" width=\"48\" height=\"48\" style=\"display: inline;width:48px;height:48px;margin: 0;padding: 0;border: none;box-shadow: none\" src=\"https:\/\/fatherbroom.com\/es\/wp-content\/plugins\/social-media-feather\/synved-social\/image\/social\/regular\/96x96\/pinterest.png\" \/><\/a><a class=\"synved-social-button synved-social-button-share synved-social-size-48 synved-social-resolution-single synved-social-provider-linkedin nolightbox\" data-provider=\"linkedin\" target=\"_blank\" rel=\"nofollow\" title=\"Share on Linkedin\" href=\"https:\/\/www.linkedin.com\/shareArticle?mini=true&#038;url=https%3A%2F%2Ffatherbroom.com%2Fes%2Fwp-json%2Fwp%2Fv2%2Fposts%2F23036&#038;title=LECTURAS%20DEL%20DIA%20Y%20CATECISMO%20%7C%2028%20JUNIO%202020\" style=\"font-size: 0px;width:48px;height:48px;margin:0;margin-bottom:5px;margin-right:5px\"><img loading=\"lazy\" decoding=\"async\" alt=\"linkedin\" title=\"Share on Linkedin\" class=\"synved-share-image synved-social-image synved-social-image-share\" width=\"48\" height=\"48\" style=\"display: inline;width:48px;height:48px;margin: 0;padding: 0;border: none;box-shadow: none\" src=\"https:\/\/fatherbroom.com\/es\/wp-content\/plugins\/social-media-feather\/synved-social\/image\/social\/regular\/96x96\/linkedin.png\" \/><\/a><a class=\"synved-social-button synved-social-button-share synved-social-size-48 synved-social-resolution-single synved-social-provider-mail nolightbox\" data-provider=\"mail\" rel=\"nofollow\" title=\"Share by email\" href=\"mailto:?subject=LECTURAS%20DEL%20DIA%20Y%20CATECISMO%20%7C%2028%20JUNIO%202020&#038;body=Hey%20check%20this%20out:%20https%3A%2F%2Ffatherbroom.com%2Fes%2Fwp-json%2Fwp%2Fv2%2Fposts%2F23036\" style=\"font-size: 0px;width:48px;height:48px;margin:0;margin-bottom:5px\"><img loading=\"lazy\" decoding=\"async\" alt=\"mail\" title=\"Share by email\" class=\"synved-share-image synved-social-image synved-social-image-share\" width=\"48\" height=\"48\" style=\"display: inline;width:48px;height:48px;margin: 0;padding: 0;border: none;box-shadow: none\" src=\"https:\/\/fatherbroom.com\/es\/wp-content\/plugins\/social-media-feather\/synved-social\/image\/social\/regular\/96x96\/mail.png\" \/><\/a><\/div>","protected":false},"excerpt":{"rendered":"<p>28 de junio 2020 XIII Domingo Ordinario Primera lectura\u00a02 Reyes 4, 8-11. 14-16a Un d\u00eda pasaba Eliseo por la ciudad de Sunem y una mujer distinguida lo invit\u00f3 con insistencia a comer en su casa. Desde entonces, siempre que Eliseo pasaba por ah\u00ed, iba a comer a su casa. En una ocasi\u00f3n, ella le dijo [&hellip;]<\/p>\n","protected":false},"author":7,"featured_media":0,"comment_status":"open","ping_status":"open","sticky":false,"template":"","format":"standard","meta":{"_genesis_hide_title":false,"_genesis_hide_breadcrumbs":false,"_genesis_hide_singular_image":false,"_genesis_hide_footer_widgets":false,"_genesis_custom_body_class":"","_genesis_custom_post_class":"","_genesis_layout":"","footnotes":""},"categories":[277],"tags":[],"class_list":{"0":"post-23036","1":"post","2":"type-post","3":"status-publish","4":"format-standard","6":"category-lecturas-del-dia","7":"entry"},"_links":{"self":[{"href":"https:\/\/fatherbroom.com\/es\/wp-json\/wp\/v2\/posts\/23036","targetHints":{"allow":["GET"]}}],"collection":[{"href":"https:\/\/fatherbroom.com\/es\/wp-json\/wp\/v2\/posts"}],"about":[{"href":"https:\/\/fatherbroom.com\/es\/wp-json\/wp\/v2\/types\/post"}],"author":[{"embeddable":true,"href":"https:\/\/fatherbroom.com\/es\/wp-json\/wp\/v2\/users\/7"}],"replies":[{"embeddable":true,"href":"https:\/\/fatherbroom.com\/es\/wp-json\/wp\/v2\/comments?post=23036"}],"version-history":[{"count":5,"href":"https:\/\/fatherbroom.com\/es\/wp-json\/wp\/v2\/posts\/23036\/revisions"}],"predecessor-version":[{"id":23107,"href":"https:\/\/fatherbroom.com\/es\/wp-json\/wp\/v2\/posts\/23036\/revisions\/23107"}],"wp:attachment":[{"href":"https:\/\/fatherbroom.com\/es\/wp-json\/wp\/v2\/media?parent=23036"}],"wp:term":[{"taxonomy":"category","embeddable":true,"href":"https:\/\/fatherbroom.com\/es\/wp-json\/wp\/v2\/categories?post=23036"},{"taxonomy":"post_tag","embeddable":true,"href":"https:\/\/fatherbroom.com\/es\/wp-json\/wp\/v2\/tags?post=23036"}],"curies":[{"name":"wp","href":"https:\/\/api.w.org\/{rel}","templated":true}]}}