{"id":23027,"date":"2020-06-27T04:00:56","date_gmt":"2020-06-27T11:00:56","guid":{"rendered":"http:\/\/fatherbroom.com\/es\/?p=23027"},"modified":"2020-06-27T14:07:03","modified_gmt":"2020-06-27T21:07:03","slug":"lecturas-del-dia-y-catecismo-27-junio-2020","status":"publish","type":"post","link":"https:\/\/fatherbroom.com\/es\/2020\/06\/lecturas-del-dia-y-catecismo-27-junio-2020\/","title":{"rendered":"LECTURAS DEL DIA Y CATECISMO | 27 JUNIO 2020"},"content":{"rendered":"<p><img loading=\"lazy\" decoding=\"async\" src=\"http:\/\/fatherbroom.com\/es\/wp-content\/media\/sites\/3\/Screen-Shot-2020-06-26-at-10.37.28-PM-300x168.png\" alt=\"\" width=\"677\" height=\"379\" class=\"aligncenter  wp-image-23029\" srcset=\"https:\/\/fatherbroom.com\/es\/wp-content\/media\/sites\/3\/Screen-Shot-2020-06-26-at-10.37.28-PM-300x168.png 300w, https:\/\/fatherbroom.com\/es\/wp-content\/media\/sites\/3\/Screen-Shot-2020-06-26-at-10.37.28-PM-768x431.png 768w, https:\/\/fatherbroom.com\/es\/wp-content\/media\/sites\/3\/Screen-Shot-2020-06-26-at-10.37.28-PM-1024x575.png 1024w, https:\/\/fatherbroom.com\/es\/wp-content\/media\/sites\/3\/Screen-Shot-2020-06-26-at-10.37.28-PM.png 1724w\" sizes=\"auto, (max-width: 677px) 100vw, 677px\" \/><\/p>\n<h4><strong>27 de junio 2020<\/strong><\/h4>\n<div class=\"contentarea\">\n<div id=\"cs_control_1386\" class=\"cs_control CS_Element_Schedule\">\n<div title=\"\" id=\"CS_Element_maincontent\">\n<div id=\"gridRow_1_1_1386\" class=\"cs_GridRow\">\n<div id=\"gridCol_1_1_1_1_1386\" class=\"cs_GridColumn\">\n<div id=\"cs_control_157991\" class=\"cs_control  lecturas-block\">\n<div id=\"cs_control_3683\" class=\"cs_control  CS_Element_Textblock\">\n<div class=\"CS_Textblock_Text\"><strong>S\u00e1bado de la XII semana del Tiempo ordinario<\/strong><\/p>\n<p><strong>Primera lectura \u00a0<\/strong><strong>Lam 2, 2. 10-14. 18-19<\/strong><\/div>\n<\/div>\n<div id=\"cs_control_3684\" class=\"cs_control  CS_Element_Textblock\">\n<div class=\"CS_Textblock_Text\">\n<div class=\"bibleReadingsWrapper\">\n<div class=\"poetry\">\n<p><strong>El Se\u00f1or ha destruido sin piedad<\/strong><br \/><strong>todas las moradas de Jacob;<\/strong><br \/><strong>en su furor ha destruido<\/strong><br \/><strong>las fortalezas de Jud\u00e1;<\/strong><br \/><strong>ha echado por tierra y deshonrado<\/strong><br \/><strong>al rey y a sus pr\u00edncipes.<\/strong><\/p>\n<p><strong>En el suelo est\u00e1n sentados, en silencio,<\/strong><br \/><strong>los ancianos de Si\u00f3n;<\/strong><br \/><strong>se han echado ceniza en la cabeza<\/strong><br \/><strong>y se han vestido de sayal.<\/strong><br \/><strong>Humillan su cabeza hasta la tierra<\/strong><br \/><strong>las doncellas de Jerusal\u00e9n.<\/strong><\/p>\n<p><strong>Mis ojos se consumen de tanto llorar<\/strong><br \/><strong>y el dolor me quema las entra\u00f1as;<\/strong><br \/><strong>la bilis me amarga la boca<\/strong><br \/><strong>por el desastre de mi pueblo,<\/strong><br \/><strong>al ver que los ni\u00f1os y lactantes desfallecen<\/strong><br \/><strong>en las plazas de la ciudad.<\/strong><\/p>\n<p><strong>Los ni\u00f1os les preguntan a sus madres:<\/strong><br \/><strong>\u201c\u00bfD\u00f3nde hay pan?\u201d<\/strong><br \/><strong>Y caen sin fuerzas, como heridos,<\/strong><br \/><strong>en las plazas de la ciudad,<\/strong><br \/><strong>y expiran en brazos de sus madres.<\/strong><\/p>\n<p><strong>\u00bfCon qui\u00e9n podr\u00e9 compararte, Jerusal\u00e9n?<\/strong><br \/><strong>\u00bfCon qui\u00e9n te podr\u00e9 asemejar?<\/strong><br \/><strong>\u00bfO qu\u00e9 palabras te podr\u00e9 decir para consolarte,<\/strong><br \/><strong>virgen, hija de Si\u00f3n?<\/strong><br \/><strong>Inmensa como el mar es tu desgracia.<\/strong><br \/><strong>\u00bfQui\u00e9n podr\u00e1 curarte?<\/strong><\/p>\n<p><strong>Tus profetas te enga\u00f1aron<\/strong><br \/><strong>con sus visiones falsas e insensatas.<\/strong><br \/><strong>No te hicieron ver tus pecados<\/strong><br \/><strong>para evitarte as\u00ed el cautiverio,<\/strong><br \/><strong>y s\u00f3lo te anunciaron falsedades e ilusiones.<\/strong><\/p>\n<p><strong>Clama, pues, al Se\u00f1or con toda el alma;<\/strong><br \/><strong>gime, Jerusal\u00e9n;<\/strong><br \/><strong>deja correr a torrentes tus l\u00e1grimas<\/strong><br \/><strong>de d\u00eda y de noche;<\/strong><br \/><strong>no te concedas descanso;<\/strong><br \/><strong>que no dejen de llorar las ni\u00f1as de tus ojos.<\/strong><\/p>\n<p><strong>Lev\u00e1ntate y clama al Se\u00f1or<\/strong><br \/><strong>durante toda la noche;<\/strong><br \/><strong>derrama como agua tu coraz\u00f3n<\/strong><br \/><strong>en la presencia de Dios;<\/strong><br \/><strong>alza tus manos hacia \u00e9l<\/strong><br \/><strong>y ruega por la vida de tus peque\u00f1uelos.<\/strong><\/p>\n<\/div>\n<\/div>\n<\/div>\n<\/div>\n<div id=\"cs_control_289228\" class=\"cs_control  CS_Element_Textblock\">\n<div class=\"CS_Textblock_Text\">\n<div class=\"bibleReadingsWrapper\">\n<h4><strong>Salmo Responsorial<\/strong><\/h4>\n<h4><strong>Salmo 73, 1-2. 3-5a. 5b-7. 20-21<\/strong><\/h4>\n<div class=\"poetry\">\n<p><strong>R. (19b) No te olvides, Se\u00f1or, de nosotros.<\/strong><br \/><strong>\u00bfPor qu\u00e9, Dios nuestro, nos has abandonado,<\/strong><br \/><strong>\u00a0y est\u00e1 ardiendo tu c\u00f3lera contra las ovejas de tu reba\u00f1o?<\/strong><br \/><strong>Acu\u00e9rdate de la comunidad que adquiriste desde antiguo,<\/strong><br \/><strong>de la tribu que rescataste para posesi\u00f3n tuya,<\/strong><br \/><strong>del monte Si\u00f3n, donde pusiste tu morada. R.<\/strong><\/p>\n<p><strong>R. No te olvides, Se\u00f1or, de nosotros.<\/strong><br \/><strong>Ven a ver estas ruinas interminables:<\/strong><br \/><strong>el enemigo ha arrasado todo el santuario;<\/strong><br \/><strong>rugieron los agresores en medio de tu asamblea,<\/strong><br \/><strong>levantaron sus estandartes. R.<\/strong><\/p>\n<p><strong>R. No te olvides, Se\u00f1or, de nosotros.<\/strong><br \/><strong>Parec\u00eda que se abr\u00edan paso a hachazos<\/strong><br \/><strong>en medio de la maleza.<\/strong><br \/><strong>Con martillos y mazos<\/strong><br \/><strong>destrozaron todas las puertas;<\/strong><br \/><strong>prendieron fuego a tu santuario,<\/strong><br \/><strong>derribaron y profanaron la morada. R.<\/strong><\/p>\n<p><strong>R. No te olvides, Se\u00f1or, de nosotros.<\/strong><br \/><strong>Acu\u00e9rdate de tu alianza, Se\u00f1or,<\/strong><br \/><strong>pues todo el pa\u00eds est\u00e1 lleno de violencia.<\/strong><br \/><strong>Que el humilde no salga defraudado,<\/strong><br \/><strong>y los pobres y afligidos alaben tu nombre. R.<\/strong><\/p>\n<p><strong>R. No te olvides, Se\u00f1or, de nosotros.<\/strong><\/p>\n<\/div>\n<\/div>\n<\/div>\n<\/div>\n<div id=\"cs_control_289230\" class=\"cs_control  CS_Element_Textblock\">\n<div class=\"CS_Textblock_Text\">\n<div class=\"bibleReadingsWrapper\">\n<h4><strong>Aclamaci\u00f3n antes del Evangelio<\/strong><\/h4>\n<h4><strong>Mt 8, 17<\/strong><\/h4>\n<div class=\"poetry\">\n<p><strong>R. Aleluya, aleluya.<\/strong><br \/><strong>Cristo hizo suyas nuestras debilidades<\/strong><br \/><strong>y carg\u00f3 con nuestros dolores.<\/strong><br \/><strong>R. Aleluya.<\/strong><\/p>\n<\/div>\n<\/div>\n<\/div>\n<\/div>\n<div id=\"cs_control_289231\" class=\"cs_control  CS_Element_Textblock\">\n<div class=\"CS_Textblock_Text\">\n<div class=\"bibleReadingsWrapper\">\n<h4><strong>Evangelio<\/strong><\/h4>\n<h4><strong>Mt 8, 5-17<\/strong><\/h4>\n<div class=\"poetry\">\n<p><strong>En aquel tiempo, al entrar Jes\u00fas en Cafarna\u00fam, se le acerc\u00f3 un oficial romano y le dijo: \u201cSe\u00f1or, tengo en mi casa un criado que est\u00e1 en cama, paral\u00edtico, y sufre mucho\u201d. El le contest\u00f3: \u201cVoy a curarlo\u201d.<\/strong><\/p>\n<p><strong>Pero el oficial le replic\u00f3: \u201cSe\u00f1or, yo no soy digno de que entres en mi casa; con que digas una sola palabra, mi criado quedar\u00e1 sano. Porque yo tambi\u00e9n vivo bajo disciplina y tengo soldados a mis \u00f3rdenes; cuando le digo a uno: \u2018\u00a1Ve!\u2019, \u00e9l va; al otro: \u2018\u00a1Ven!\u2019, y viene; a mi criado: \u2018\u00a1Haz esto!\u2019, y lo hace\u201d.<\/strong><\/p>\n<p><strong>Al o\u00edr aquellas palabras, se admir\u00f3 Jes\u00fas y dijo a los que lo segu\u00edan: \u201cYo les aseguro que en ning\u00fan israelita he hallado una fe tan grande. Les aseguro que muchos vendr\u00e1n de oriente y de occidente y se sentar\u00e1n con Abraham, Isaac y Jacob en el Reino de los cielos. En cambio, a los herederos del Reino los echar\u00e1n fuera, a las tinieblas. Ah\u00ed ser\u00e1 el llanto y la desesperaci\u00f3n\u201d.<\/strong><\/p>\n<p><strong>Jes\u00fas le dijo al oficial romano: \u201cVuelve a tu casa y que se te cumpla lo que has cre\u00eddo\u201d. Y en aquel momento se cur\u00f3 el criado.<\/strong><\/p>\n<p><strong>Al llegar Jes\u00fas a la casa de Pedro, vio a la suegra de \u00e9ste en cama, con fiebre. Entonces la tom\u00f3 de la mano y desapareci\u00f3 la fiebre. Ella se levant\u00f3 y se puso a servirles.<\/strong><\/p>\n<p><strong>Al atardecer le trajeron muchos endemoniados. \u00c9l expuls\u00f3 a los demonios con su palabra y cur\u00f3 a todos los enfermos. As\u00ed se cumpli\u00f3 lo dicho por el profeta Isa\u00edas: \u00c9l hizo suyas nuestras debilidades y carg\u00f3 con nuestros dolores.<\/strong><\/p>\n<\/div>\n<\/div>\n<\/div>\n<\/div>\n<\/div>\n<\/div>\n<\/div>\n<\/div>\n<\/div>\n<\/div>\n<p><img loading=\"lazy\" decoding=\"async\" src=\"http:\/\/fatherbroom.com\/es\/wp-content\/media\/sites\/3\/Screen-Shot-2020-06-26-at-10.36.39-PM-300x100.png\" alt=\"\" width=\"639\" height=\"213\" class=\"aligncenter  wp-image-23030\" srcset=\"https:\/\/fatherbroom.com\/es\/wp-content\/media\/sites\/3\/Screen-Shot-2020-06-26-at-10.36.39-PM-300x100.png 300w, https:\/\/fatherbroom.com\/es\/wp-content\/media\/sites\/3\/Screen-Shot-2020-06-26-at-10.36.39-PM-768x255.png 768w, https:\/\/fatherbroom.com\/es\/wp-content\/media\/sites\/3\/Screen-Shot-2020-06-26-at-10.36.39-PM-1024x340.png 1024w, https:\/\/fatherbroom.com\/es\/wp-content\/media\/sites\/3\/Screen-Shot-2020-06-26-at-10.36.39-PM.png 1814w\" sizes=\"auto, (max-width: 639px) 100vw, 639px\" \/><br \/><strong>Catecismo de la Iglesia Cat\u00f3lica<\/strong><\/p>\n<p><strong>25 Para concluir esta presentaci\u00f3n es oportuno recordar el principio pastoral que enuncia el Catecismo Romano:<\/strong><\/p>\n<p><strong>\u00abEl camino mejor es que el Ap\u00f3stol [&#8230;] mostr\u00f3: Toda la finalidad de la doctrina y de la ense\u00f1anza debe ser puesta en el amor que no acaba. Porque se puede muy bien exponer lo que es preciso creer, esperar o hacer; pero sobre todo debe resaltarse que el amor de Nuestro Se\u00f1or siempre prevalece, a fin de que cada uno comprenda que todo acto de virtud perfectamente cristiano no tiene otro origen que el amor, ni otro t\u00e9rmino que el amor (Catecismo Romano, Prefacio, 10).<\/p>\n<p><img loading=\"lazy\" decoding=\"async\" src=\"http:\/\/fatherbroom.com\/es\/wp-content\/media\/sites\/3\/il_1588xN.1979723281_k4f3-240x300.jpg\" alt=\"\" width=\"335\" height=\"419\" class=\"aligncenter  wp-image-23034\" srcset=\"https:\/\/fatherbroom.com\/es\/wp-content\/media\/sites\/3\/il_1588xN.1979723281_k4f3-240x300.jpg 240w, https:\/\/fatherbroom.com\/es\/wp-content\/media\/sites\/3\/il_1588xN.1979723281_k4f3-768x960.jpg 768w, https:\/\/fatherbroom.com\/es\/wp-content\/media\/sites\/3\/il_1588xN.1979723281_k4f3-819x1024.jpg 819w, https:\/\/fatherbroom.com\/es\/wp-content\/media\/sites\/3\/il_1588xN.1979723281_k4f3.jpg 1588w\" sizes=\"auto, (max-width: 335px) 100vw, 335px\" \/><\/p>\n<p><span>El 27 de junio se celebra la Fiesta de Nuestra Se\u00f1ora del Perpetuo Socorro, patrona de los Padres Redentoristas y cuyo icono original est\u00e1 en el altar mayor de la Iglesia de San Alfonso del Esquilino, en Roma.<\/span><br \/><\/strong><\/p>\n<div class=\"synved-social-container synved-social-container-share\" style=\"text-align: center\"><a class=\"synved-social-button synved-social-button-share synved-social-size-48 synved-social-resolution-single synved-social-provider-facebook nolightbox\" data-provider=\"facebook\" target=\"_blank\" rel=\"nofollow\" title=\"Share on Facebook\" href=\"https:\/\/www.facebook.com\/sharer.php?u=https%3A%2F%2Ffatherbroom.com%2Fes%2Fwp-json%2Fwp%2Fv2%2Fposts%2F23027&#038;t=LECTURAS%20DEL%20DIA%20Y%20CATECISMO%20%7C%2027%20JUNIO%202020&#038;s=100&#038;p&#091;url&#093;=https%3A%2F%2Ffatherbroom.com%2Fes%2Fwp-json%2Fwp%2Fv2%2Fposts%2F23027&#038;p&#091;images&#093;&#091;0&#093;=http%3A%2F%2Ffatherbroom.com%2Fes%2Fwp-content%2Fmedia%2Fsites%2F3%2Fil_1588xN.1979723281_k4f3-240x300.jpg&#038;p&#091;title&#093;=LECTURAS%20DEL%20DIA%20Y%20CATECISMO%20%7C%2027%20JUNIO%202020\" style=\"font-size: 0px;width:48px;height:48px;margin:0;margin-bottom:5px;margin-right:5px\"><img loading=\"lazy\" decoding=\"async\" alt=\"Facebook\" title=\"Share on Facebook\" class=\"synved-share-image synved-social-image synved-social-image-share\" width=\"48\" height=\"48\" style=\"display: inline;width:48px;height:48px;margin: 0;padding: 0;border: none;box-shadow: none\" src=\"https:\/\/fatherbroom.com\/es\/wp-content\/plugins\/social-media-feather\/synved-social\/image\/social\/regular\/96x96\/facebook.png\" \/><\/a><a class=\"synved-social-button synved-social-button-share synved-social-size-48 synved-social-resolution-single synved-social-provider-twitter nolightbox\" data-provider=\"twitter\" target=\"_blank\" rel=\"nofollow\" title=\"Share on Twitter\" href=\"https:\/\/twitter.com\/intent\/tweet?url=https%3A%2F%2Ffatherbroom.com%2Fes%2Fwp-json%2Fwp%2Fv2%2Fposts%2F23027&#038;text=Hey%20check%20this%20out\" style=\"font-size: 0px;width:48px;height:48px;margin:0;margin-bottom:5px;margin-right:5px\"><img loading=\"lazy\" decoding=\"async\" alt=\"twitter\" title=\"Share on Twitter\" class=\"synved-share-image synved-social-image synved-social-image-share\" width=\"48\" height=\"48\" style=\"display: inline;width:48px;height:48px;margin: 0;padding: 0;border: none;box-shadow: none\" src=\"https:\/\/fatherbroom.com\/es\/wp-content\/plugins\/social-media-feather\/synved-social\/image\/social\/regular\/96x96\/twitter.png\" \/><\/a><a class=\"synved-social-button synved-social-button-share synved-social-size-48 synved-social-resolution-single synved-social-provider-reddit nolightbox\" data-provider=\"reddit\" target=\"_blank\" rel=\"nofollow\" title=\"Share on Reddit\" href=\"https:\/\/www.reddit.com\/submit?url=https%3A%2F%2Ffatherbroom.com%2Fes%2Fwp-json%2Fwp%2Fv2%2Fposts%2F23027&#038;title=LECTURAS%20DEL%20DIA%20Y%20CATECISMO%20%7C%2027%20JUNIO%202020\" style=\"font-size: 0px;width:48px;height:48px;margin:0;margin-bottom:5px;margin-right:5px\"><img loading=\"lazy\" decoding=\"async\" alt=\"reddit\" title=\"Share on Reddit\" class=\"synved-share-image synved-social-image synved-social-image-share\" width=\"48\" height=\"48\" style=\"display: inline;width:48px;height:48px;margin: 0;padding: 0;border: none;box-shadow: none\" src=\"https:\/\/fatherbroom.com\/es\/wp-content\/plugins\/social-media-feather\/synved-social\/image\/social\/regular\/96x96\/reddit.png\" \/><\/a><a class=\"synved-social-button synved-social-button-share synved-social-size-48 synved-social-resolution-single synved-social-provider-pinterest nolightbox\" data-provider=\"pinterest\" target=\"_blank\" rel=\"nofollow\" title=\"Pin it with Pinterest\" href=\"https:\/\/pinterest.com\/pin\/create\/button\/?url=https%3A%2F%2Ffatherbroom.com%2Fes%2Fwp-json%2Fwp%2Fv2%2Fposts%2F23027&#038;media=http%3A%2F%2Ffatherbroom.com%2Fes%2Fwp-content%2Fmedia%2Fsites%2F3%2Fil_1588xN.1979723281_k4f3-240x300.jpg&#038;description=LECTURAS%20DEL%20DIA%20Y%20CATECISMO%20%7C%2027%20JUNIO%202020\" style=\"font-size: 0px;width:48px;height:48px;margin:0;margin-bottom:5px;margin-right:5px\"><img loading=\"lazy\" decoding=\"async\" alt=\"pinterest\" title=\"Pin it with Pinterest\" class=\"synved-share-image synved-social-image synved-social-image-share\" width=\"48\" height=\"48\" style=\"display: inline;width:48px;height:48px;margin: 0;padding: 0;border: none;box-shadow: none\" src=\"https:\/\/fatherbroom.com\/es\/wp-content\/plugins\/social-media-feather\/synved-social\/image\/social\/regular\/96x96\/pinterest.png\" \/><\/a><a class=\"synved-social-button synved-social-button-share synved-social-size-48 synved-social-resolution-single synved-social-provider-linkedin nolightbox\" data-provider=\"linkedin\" target=\"_blank\" rel=\"nofollow\" title=\"Share on Linkedin\" href=\"https:\/\/www.linkedin.com\/shareArticle?mini=true&#038;url=https%3A%2F%2Ffatherbroom.com%2Fes%2Fwp-json%2Fwp%2Fv2%2Fposts%2F23027&#038;title=LECTURAS%20DEL%20DIA%20Y%20CATECISMO%20%7C%2027%20JUNIO%202020\" style=\"font-size: 0px;width:48px;height:48px;margin:0;margin-bottom:5px;margin-right:5px\"><img loading=\"lazy\" decoding=\"async\" alt=\"linkedin\" title=\"Share on Linkedin\" class=\"synved-share-image synved-social-image synved-social-image-share\" width=\"48\" height=\"48\" style=\"display: inline;width:48px;height:48px;margin: 0;padding: 0;border: none;box-shadow: none\" src=\"https:\/\/fatherbroom.com\/es\/wp-content\/plugins\/social-media-feather\/synved-social\/image\/social\/regular\/96x96\/linkedin.png\" \/><\/a><a class=\"synved-social-button synved-social-button-share synved-social-size-48 synved-social-resolution-single synved-social-provider-mail nolightbox\" data-provider=\"mail\" rel=\"nofollow\" title=\"Share by email\" href=\"mailto:?subject=LECTURAS%20DEL%20DIA%20Y%20CATECISMO%20%7C%2027%20JUNIO%202020&#038;body=Hey%20check%20this%20out:%20https%3A%2F%2Ffatherbroom.com%2Fes%2Fwp-json%2Fwp%2Fv2%2Fposts%2F23027\" style=\"font-size: 0px;width:48px;height:48px;margin:0;margin-bottom:5px\"><img loading=\"lazy\" decoding=\"async\" alt=\"mail\" title=\"Share by email\" class=\"synved-share-image synved-social-image synved-social-image-share\" width=\"48\" height=\"48\" style=\"display: inline;width:48px;height:48px;margin: 0;padding: 0;border: none;box-shadow: none\" src=\"https:\/\/fatherbroom.com\/es\/wp-content\/plugins\/social-media-feather\/synved-social\/image\/social\/regular\/96x96\/mail.png\" \/><\/a><\/div>","protected":false},"excerpt":{"rendered":"<p>27 de junio 2020 S\u00e1bado de la XII semana del Tiempo ordinario Primera lectura \u00a0Lam 2, 2. 10-14. 18-19 El Se\u00f1or ha destruido sin piedadtodas las moradas de Jacob;en su furor ha destruidolas fortalezas de Jud\u00e1;ha echado por tierra y deshonradoal rey y a sus pr\u00edncipes. En el suelo est\u00e1n sentados, en silencio,los ancianos de [&hellip;]<\/p>\n","protected":false},"author":7,"featured_media":0,"comment_status":"open","ping_status":"open","sticky":false,"template":"","format":"standard","meta":{"_genesis_hide_title":false,"_genesis_hide_breadcrumbs":false,"_genesis_hide_singular_image":false,"_genesis_hide_footer_widgets":false,"_genesis_custom_body_class":"","_genesis_custom_post_class":"","_genesis_layout":"","footnotes":""},"categories":[277],"tags":[],"class_list":{"0":"post-23027","1":"post","2":"type-post","3":"status-publish","4":"format-standard","6":"category-lecturas-del-dia","7":"entry"},"_links":{"self":[{"href":"https:\/\/fatherbroom.com\/es\/wp-json\/wp\/v2\/posts\/23027","targetHints":{"allow":["GET"]}}],"collection":[{"href":"https:\/\/fatherbroom.com\/es\/wp-json\/wp\/v2\/posts"}],"about":[{"href":"https:\/\/fatherbroom.com\/es\/wp-json\/wp\/v2\/types\/post"}],"author":[{"embeddable":true,"href":"https:\/\/fatherbroom.com\/es\/wp-json\/wp\/v2\/users\/7"}],"replies":[{"embeddable":true,"href":"https:\/\/fatherbroom.com\/es\/wp-json\/wp\/v2\/comments?post=23027"}],"version-history":[{"count":4,"href":"https:\/\/fatherbroom.com\/es\/wp-json\/wp\/v2\/posts\/23027\/revisions"}],"predecessor-version":[{"id":23035,"href":"https:\/\/fatherbroom.com\/es\/wp-json\/wp\/v2\/posts\/23027\/revisions\/23035"}],"wp:attachment":[{"href":"https:\/\/fatherbroom.com\/es\/wp-json\/wp\/v2\/media?parent=23027"}],"wp:term":[{"taxonomy":"category","embeddable":true,"href":"https:\/\/fatherbroom.com\/es\/wp-json\/wp\/v2\/categories?post=23027"},{"taxonomy":"post_tag","embeddable":true,"href":"https:\/\/fatherbroom.com\/es\/wp-json\/wp\/v2\/tags?post=23027"}],"curies":[{"name":"wp","href":"https:\/\/api.w.org\/{rel}","templated":true}]}}