{"id":23020,"date":"2020-06-26T04:00:26","date_gmt":"2020-06-26T11:00:26","guid":{"rendered":"http:\/\/fatherbroom.com\/es\/?p=23020"},"modified":"2020-06-25T22:09:41","modified_gmt":"2020-06-26T05:09:41","slug":"lecturas-del-dia-y-catecismo-26-junio-2020","status":"publish","type":"post","link":"https:\/\/fatherbroom.com\/es\/2020\/06\/lecturas-del-dia-y-catecismo-26-junio-2020\/","title":{"rendered":"LECTURAS DEL DIA Y CATECISMO | 26 JUNIO 2020"},"content":{"rendered":"<p><img loading=\"lazy\" decoding=\"async\" src=\"http:\/\/fatherbroom.com\/es\/wp-content\/media\/sites\/3\/Screen-Shot-2020-06-25-at-10.04.57-PM-300x168.png\" alt=\"\" width=\"541\" height=\"303\" class=\"aligncenter  wp-image-23023\" srcset=\"https:\/\/fatherbroom.com\/es\/wp-content\/media\/sites\/3\/Screen-Shot-2020-06-25-at-10.04.57-PM-300x168.png 300w, https:\/\/fatherbroom.com\/es\/wp-content\/media\/sites\/3\/Screen-Shot-2020-06-25-at-10.04.57-PM-768x430.png 768w, https:\/\/fatherbroom.com\/es\/wp-content\/media\/sites\/3\/Screen-Shot-2020-06-25-at-10.04.57-PM-1024x574.png 1024w, https:\/\/fatherbroom.com\/es\/wp-content\/media\/sites\/3\/Screen-Shot-2020-06-25-at-10.04.57-PM.png 1338w\" sizes=\"auto, (max-width: 541px) 100vw, 541px\" \/><br \/><strong>26 de junio 2020<\/strong><\/p>\n<div class=\"contentarea\">\n<div id=\"cs_control_1386\" class=\"cs_control CS_Element_Schedule\">\n<div title=\"\" id=\"CS_Element_maincontent\">\n<div id=\"gridRow_1_1_1386\" class=\"cs_GridRow\">\n<div id=\"gridCol_1_1_1_1_1386\" class=\"cs_GridColumn\">\n<div id=\"cs_control_157991\" class=\"cs_control  lecturas-block\">\n<div id=\"cs_control_3683\" class=\"cs_control  CS_Element_Textblock\">\n<div class=\"CS_Textblock_Text\"><strong><br \/>Viernes de la XII semana del Tiempo ordinario<\/strong><br \/><strong><br \/>Primera lectura\u00a0<\/strong><strong>2 Reyes 25, 1-12<\/strong><\/div>\n<\/div>\n<div id=\"cs_control_3684\" class=\"cs_control  CS_Element_Textblock\">\n<div class=\"CS_Textblock_Text\">\n<div class=\"bibleReadingsWrapper\">\n<div class=\"poetry\">\n<p><strong>El d\u00eda diez del mes d\u00e9cimo del a\u00f1o noveno del reinado de Sedec\u00edas, Nabucodonosor, rey de Babilonia, vino a Jerusal\u00e9n con todo su ej\u00e9rcito, la siti\u00f3 y construy\u00f3 torres de asalto alrededor de ella. La ciudad estuvo sitiada hasta el a\u00f1o und\u00e9cimo del reinado de Sedec\u00edas.<\/strong><\/p>\n<p><strong>El d\u00eda nueve del cuarto mes, cuando el hambre hab\u00eda arreciado en la ciudad y la poblaci\u00f3n no ten\u00eda ya nada que comer, abrieron una brecha en la muralla de la ciudad. El rey Sedec\u00edas y sus hombres huyeron de noche por el camino de la puerta que est\u00e1 entre los dos muros del jard\u00edn del rey, y ocult\u00e1ndose de los caldeos, que ten\u00edan cercada la ciudad, escaparon en direcci\u00f3n al desierto.<\/strong><\/p>\n<p><strong>El ej\u00e9rcito caldeo persigui\u00f3 al rey y le dio alcance en los llanos de Jeric\u00f3, donde su ej\u00e9rcito se dispers\u00f3 y lo abandon\u00f3. Los caldeos capturaron al rey y lo llevaron a Ribl\u00e1, donde estaba Nabucodonosor, rey de Babilonia, quien lo someti\u00f3 a juicio. Nabucodonosor hizo degollar a los hijos de Sedec\u00edas en su presencia, mand\u00f3 que le sacaran los ojos y lo condujo encadenado a Babilonia.<\/strong><\/p>\n<p><strong>El d\u00eda s\u00e9ptimo del quinto mes del a\u00f1o d\u00e9cimo noveno del reinado de Nabucodonosor en Babilonia, Nebuzarad\u00e1n, jefe del ej\u00e9rcito caldeo y s\u00fabdito del rey de Babilonia, entr\u00f3 en Jerusal\u00e9n, quem\u00f3 el templo del Se\u00f1or, el palacio real y todas las casas de Jerusal\u00e9n. Los soldados caldeos, que estaban con el jefe del ej\u00e9rcito, destruyeron las murallas que rodeaban la ciudad. Nebuzarad\u00e1n deport\u00f3 al resto de la poblaci\u00f3n y tambi\u00e9n a los que se hab\u00edan rendido al rey de Babilonia, y s\u00f3lo dej\u00f3 a algunos campesinos pobres para trabajar las vi\u00f1as y los campos.<\/strong><\/p>\n<\/div>\n<\/div>\n<\/div>\n<\/div>\n<div id=\"cs_control_289228\" class=\"cs_control  CS_Element_Textblock\">\n<div class=\"CS_Textblock_Text\">\n<div class=\"bibleReadingsWrapper\">\n<h4><strong>Salmo Responsorial<\/strong><\/h4>\n<h4><strong>Salmo 136, 1-2. 3. 4-5. 6<\/strong><\/h4>\n<div class=\"poetry\">\n<p><strong>R. (6a) Tu recuerdo, Se\u00f1or, es mi alegr\u00eda.<\/strong><br \/><strong>Junto a los r\u00edos de Babilonia nos sent\u00e1bamos<\/strong><br \/><strong>a llorar de nostalgia;<\/strong><br \/><strong>de los sauces que esteban en la orilla<\/strong><br \/><strong>colgamos nuestras arpas. R.<\/strong><\/p>\n<p><strong>R. Tu recuerdo, Se\u00f1or, es mi alegr\u00eda.<\/strong><br \/><strong>Aquellos que cautivos nos ten\u00edan<\/strong><br \/><strong>pidieron que cant\u00e1ramos.<\/strong><br \/><strong>Dec\u00edan los opresores:<\/strong><br \/><strong>\u201cAlg\u00fan cantar de Si\u00f3n, alegres, c\u00e1ntennos\u201d. R.<\/strong><\/p>\n<p><strong>R. Tu recuerdo, Se\u00f1or, es mi alegr\u00eda.<\/strong><br \/><strong>Pero, \u00bfc\u00f3mo pod\u00edamos cantar<\/strong><br \/><strong>un himno del Se\u00f1or en tierra extra\u00f1a?<\/strong><br \/><strong>\u00a1Que la mano derecha se me seque,<\/strong><br \/><strong>si de ti, Jerusal\u00e9n, yo me olvidara! R.<\/strong><\/p>\n<p><strong>R. Tu recuerdo, Se\u00f1or, es mi alegr\u00eda.<\/strong><br \/><strong>\u00a1Que se me pegue al paladar la lengua,<\/strong><br \/><strong>Jerusal\u00e9n, si no te recordara,<\/strong><br \/><strong>o si fuera de ti,<\/strong><br \/><strong>alguna otra alegr\u00eda yo buscara! R.<\/strong><\/p>\n<p><strong>R. Tu recuerdo, Se\u00f1or, es mi alegr\u00eda.<\/strong><\/p>\n<\/div>\n<\/div>\n<\/div>\n<\/div>\n<div id=\"cs_control_289230\" class=\"cs_control  CS_Element_Textblock\">\n<div class=\"CS_Textblock_Text\">\n<div class=\"bibleReadingsWrapper\">\n<h4><strong>Aclamaci\u00f3n antes del Evangelio<\/strong><\/h4>\n<h4><strong>Mt 8, 17<\/strong><\/h4>\n<div class=\"poetry\">\n<p><strong>R. Aleluya, aleluya.<\/strong><br \/><strong>Cristo hizo suyas nuestras debilidades<\/strong><br \/><strong>y carg\u00f3 con nuestros dolores.<\/strong><br \/><strong>R. Aleluya.<\/strong><\/p>\n<\/div>\n<\/div>\n<\/div>\n<\/div>\n<div id=\"cs_control_289231\" class=\"cs_control  CS_Element_Textblock\">\n<div class=\"CS_Textblock_Text\">\n<div class=\"bibleReadingsWrapper\">\n<h4><strong>Evangelio\u00a0Mc 8, 1-4<\/strong><\/h4>\n<div class=\"poetry\">\n<p><strong>En aquel tiempo, cuando Jes\u00fas baj\u00f3 de la monta\u00f1a, lo iba siguiendo una gran multitud. De pronto se le acerc\u00f3 un leproso, se postr\u00f3 ante \u00e9l y le dijo: \u201cSe\u00f1or, si quieres, puedes curarme\u201d. Jes\u00fas extendi\u00f3 la mano y lo toc\u00f3, dici\u00e9ndole: \u201cS\u00ed quiero, queda curado\u201d.<\/strong><\/p>\n<p><strong>Inmediatamente qued\u00f3 limpio de la lepra. Jes\u00fas le dijo: \u201cNo le vayas a contar esto a nadie. Pero ve ahora a presentarte al sacerdote y lleva la ofrenda prescrita por Mois\u00e9s para probar tu curaci\u00f3n\u201d.<\/strong><\/p>\n<\/div>\n<\/div>\n<\/div>\n<\/div>\n<div id=\"cs_control_289214\" class=\"cs_control  CS_Element_Textblock\">\n<div class=\"CS_Textblock_Text\">\n<p><img loading=\"lazy\" decoding=\"async\" src=\"http:\/\/fatherbroom.com\/es\/wp-content\/media\/sites\/3\/Screen-Shot-2020-06-25-at-10.06.47-PM-300x101.png\" alt=\"\" width=\"576\" height=\"194\" class=\"aligncenter  wp-image-23024\" srcset=\"https:\/\/fatherbroom.com\/es\/wp-content\/media\/sites\/3\/Screen-Shot-2020-06-25-at-10.06.47-PM-300x101.png 300w, https:\/\/fatherbroom.com\/es\/wp-content\/media\/sites\/3\/Screen-Shot-2020-06-25-at-10.06.47-PM-768x259.png 768w, https:\/\/fatherbroom.com\/es\/wp-content\/media\/sites\/3\/Screen-Shot-2020-06-25-at-10.06.47-PM-1024x345.png 1024w, https:\/\/fatherbroom.com\/es\/wp-content\/media\/sites\/3\/Screen-Shot-2020-06-25-at-10.06.47-PM.png 1334w\" sizes=\"auto, (max-width: 576px) 100vw, 576px\" \/><br \/><strong>Catecismo de la Iglesia Cat\u00f3lica<\/strong><\/p>\n<p><strong>24 Por su misma finalidad, este catecismo no se propone da una respuesta adaptada, tanto en el contenido cuanto en el m\u00e9todo a las exigencias que dimanan de las diferentes culturas, de edades, de la vida espiritual, de situaciones sociales y eclesiales de aquellos a quienes se dirige la catequesis. Estas indispensables adaptaciones corresponden a catecismos propios de cada lugar, y m\u00e1s a\u00fan a aquellos que toman a su cargo instruir a los fieles:<\/strong><\/p>\n<p><strong>\u00abEl que ense\u00f1a debe hacerse todo a todos, para ganarlos a todos para Jesucristo [&#8230;]\u00a1Sobre todo que no se imagine que le ha sido confiada una sola clase de almas, y que, por consiguiente, le es l\u00edcito ense\u00f1ar y formar igualmente a todos los fieles en la verdadera piedad, con un \u00fanico m\u00e9todo y siempre el mismo! Que sepa bien que unos son, en Jesucristo, como ni\u00f1os reci\u00e9n nacidos, otros como adolescentes, otros finalmente como poseedores ya de todas sus fuerzas [&#8230;] es necesario tener en cuenta cuidadosamente qui\u00e9nes pueden necesitar leche y qui\u00e9nes otro alimento m\u00e1s s\u00f3lido [&#8230;]. El Ap\u00f3stol [&#8230;] se\u00f1al\u00f3 que hab\u00eda que considerar que los que son llamados al ministerio de la predicaci\u00f3n deben, al transmitir la ense\u00f1anza del misterio de la fe y de las reglas de las costumbres, acomodar sus palabras al esp\u00edritu y a la inteligencia de sus oyentes\u00bb (Catecismo Romano, Prefacio, 11).<\/strong><\/p>\n<p><strong>Por encima de todo, la Caridad.<\/p>\n<p><img loading=\"lazy\" decoding=\"async\" src=\"http:\/\/fatherbroom.com\/es\/wp-content\/media\/sites\/3\/DSCN0335-300x225.jpg\" alt=\"\" width=\"460\" height=\"345\" class=\"aligncenter  wp-image-23025\" srcset=\"https:\/\/fatherbroom.com\/es\/wp-content\/media\/sites\/3\/DSCN0335-300x225.jpg 300w, https:\/\/fatherbroom.com\/es\/wp-content\/media\/sites\/3\/DSCN0335-768x576.jpg 768w, https:\/\/fatherbroom.com\/es\/wp-content\/media\/sites\/3\/DSCN0335-1024x768.jpg 1024w\" sizes=\"auto, (max-width: 460px) 100vw, 460px\" \/><br \/><\/strong><\/p>\n<\/div>\n<\/div>\n<\/div>\n<\/div>\n<\/div>\n<\/div>\n<\/div>\n<\/div>\n<div class=\"synved-social-container synved-social-container-share\" style=\"text-align: center\"><a class=\"synved-social-button synved-social-button-share synved-social-size-48 synved-social-resolution-single synved-social-provider-facebook nolightbox\" data-provider=\"facebook\" target=\"_blank\" rel=\"nofollow\" title=\"Share on Facebook\" href=\"https:\/\/www.facebook.com\/sharer.php?u=https%3A%2F%2Ffatherbroom.com%2Fes%2Fwp-json%2Fwp%2Fv2%2Fposts%2F23020&#038;t=LECTURAS%20DEL%20DIA%20Y%20CATECISMO%20%7C%2026%20JUNIO%202020&#038;s=100&#038;p&#091;url&#093;=https%3A%2F%2Ffatherbroom.com%2Fes%2Fwp-json%2Fwp%2Fv2%2Fposts%2F23020&#038;p&#091;images&#093;&#091;0&#093;=http%3A%2F%2Ffatherbroom.com%2Fes%2Fwp-content%2Fmedia%2Fsites%2F3%2FDSCN0335-300x225.jpg&#038;p&#091;title&#093;=LECTURAS%20DEL%20DIA%20Y%20CATECISMO%20%7C%2026%20JUNIO%202020\" style=\"font-size: 0px;width:48px;height:48px;margin:0;margin-bottom:5px;margin-right:5px\"><img loading=\"lazy\" decoding=\"async\" alt=\"Facebook\" title=\"Share on Facebook\" class=\"synved-share-image synved-social-image synved-social-image-share\" width=\"48\" height=\"48\" style=\"display: inline;width:48px;height:48px;margin: 0;padding: 0;border: none;box-shadow: none\" src=\"https:\/\/fatherbroom.com\/es\/wp-content\/plugins\/social-media-feather\/synved-social\/image\/social\/regular\/96x96\/facebook.png\" \/><\/a><a class=\"synved-social-button synved-social-button-share synved-social-size-48 synved-social-resolution-single synved-social-provider-twitter nolightbox\" data-provider=\"twitter\" target=\"_blank\" rel=\"nofollow\" title=\"Share on Twitter\" href=\"https:\/\/twitter.com\/intent\/tweet?url=https%3A%2F%2Ffatherbroom.com%2Fes%2Fwp-json%2Fwp%2Fv2%2Fposts%2F23020&#038;text=Hey%20check%20this%20out\" style=\"font-size: 0px;width:48px;height:48px;margin:0;margin-bottom:5px;margin-right:5px\"><img loading=\"lazy\" decoding=\"async\" alt=\"twitter\" title=\"Share on Twitter\" class=\"synved-share-image synved-social-image synved-social-image-share\" width=\"48\" height=\"48\" style=\"display: inline;width:48px;height:48px;margin: 0;padding: 0;border: none;box-shadow: none\" src=\"https:\/\/fatherbroom.com\/es\/wp-content\/plugins\/social-media-feather\/synved-social\/image\/social\/regular\/96x96\/twitter.png\" \/><\/a><a class=\"synved-social-button synved-social-button-share synved-social-size-48 synved-social-resolution-single synved-social-provider-reddit nolightbox\" data-provider=\"reddit\" target=\"_blank\" rel=\"nofollow\" title=\"Share on Reddit\" href=\"https:\/\/www.reddit.com\/submit?url=https%3A%2F%2Ffatherbroom.com%2Fes%2Fwp-json%2Fwp%2Fv2%2Fposts%2F23020&#038;title=LECTURAS%20DEL%20DIA%20Y%20CATECISMO%20%7C%2026%20JUNIO%202020\" style=\"font-size: 0px;width:48px;height:48px;margin:0;margin-bottom:5px;margin-right:5px\"><img loading=\"lazy\" decoding=\"async\" alt=\"reddit\" title=\"Share on Reddit\" class=\"synved-share-image synved-social-image synved-social-image-share\" width=\"48\" height=\"48\" style=\"display: inline;width:48px;height:48px;margin: 0;padding: 0;border: none;box-shadow: none\" src=\"https:\/\/fatherbroom.com\/es\/wp-content\/plugins\/social-media-feather\/synved-social\/image\/social\/regular\/96x96\/reddit.png\" \/><\/a><a class=\"synved-social-button synved-social-button-share synved-social-size-48 synved-social-resolution-single synved-social-provider-pinterest nolightbox\" data-provider=\"pinterest\" target=\"_blank\" rel=\"nofollow\" title=\"Pin it with Pinterest\" href=\"https:\/\/pinterest.com\/pin\/create\/button\/?url=https%3A%2F%2Ffatherbroom.com%2Fes%2Fwp-json%2Fwp%2Fv2%2Fposts%2F23020&#038;media=http%3A%2F%2Ffatherbroom.com%2Fes%2Fwp-content%2Fmedia%2Fsites%2F3%2FDSCN0335-300x225.jpg&#038;description=LECTURAS%20DEL%20DIA%20Y%20CATECISMO%20%7C%2026%20JUNIO%202020\" style=\"font-size: 0px;width:48px;height:48px;margin:0;margin-bottom:5px;margin-right:5px\"><img loading=\"lazy\" decoding=\"async\" alt=\"pinterest\" title=\"Pin it with Pinterest\" class=\"synved-share-image synved-social-image synved-social-image-share\" width=\"48\" height=\"48\" style=\"display: inline;width:48px;height:48px;margin: 0;padding: 0;border: none;box-shadow: none\" src=\"https:\/\/fatherbroom.com\/es\/wp-content\/plugins\/social-media-feather\/synved-social\/image\/social\/regular\/96x96\/pinterest.png\" \/><\/a><a class=\"synved-social-button synved-social-button-share synved-social-size-48 synved-social-resolution-single synved-social-provider-linkedin nolightbox\" data-provider=\"linkedin\" target=\"_blank\" rel=\"nofollow\" title=\"Share on Linkedin\" href=\"https:\/\/www.linkedin.com\/shareArticle?mini=true&#038;url=https%3A%2F%2Ffatherbroom.com%2Fes%2Fwp-json%2Fwp%2Fv2%2Fposts%2F23020&#038;title=LECTURAS%20DEL%20DIA%20Y%20CATECISMO%20%7C%2026%20JUNIO%202020\" style=\"font-size: 0px;width:48px;height:48px;margin:0;margin-bottom:5px;margin-right:5px\"><img loading=\"lazy\" decoding=\"async\" alt=\"linkedin\" title=\"Share on Linkedin\" class=\"synved-share-image synved-social-image synved-social-image-share\" width=\"48\" height=\"48\" style=\"display: inline;width:48px;height:48px;margin: 0;padding: 0;border: none;box-shadow: none\" src=\"https:\/\/fatherbroom.com\/es\/wp-content\/plugins\/social-media-feather\/synved-social\/image\/social\/regular\/96x96\/linkedin.png\" \/><\/a><a class=\"synved-social-button synved-social-button-share synved-social-size-48 synved-social-resolution-single synved-social-provider-mail nolightbox\" data-provider=\"mail\" rel=\"nofollow\" title=\"Share by email\" href=\"mailto:?subject=LECTURAS%20DEL%20DIA%20Y%20CATECISMO%20%7C%2026%20JUNIO%202020&#038;body=Hey%20check%20this%20out:%20https%3A%2F%2Ffatherbroom.com%2Fes%2Fwp-json%2Fwp%2Fv2%2Fposts%2F23020\" style=\"font-size: 0px;width:48px;height:48px;margin:0;margin-bottom:5px\"><img loading=\"lazy\" decoding=\"async\" alt=\"mail\" title=\"Share by email\" class=\"synved-share-image synved-social-image synved-social-image-share\" width=\"48\" height=\"48\" style=\"display: inline;width:48px;height:48px;margin: 0;padding: 0;border: none;box-shadow: none\" src=\"https:\/\/fatherbroom.com\/es\/wp-content\/plugins\/social-media-feather\/synved-social\/image\/social\/regular\/96x96\/mail.png\" \/><\/a><\/div>","protected":false},"excerpt":{"rendered":"<p>26 de junio 2020 Viernes de la XII semana del Tiempo ordinarioPrimera lectura\u00a02 Reyes 25, 1-12 El d\u00eda diez del mes d\u00e9cimo del a\u00f1o noveno del reinado de Sedec\u00edas, Nabucodonosor, rey de Babilonia, vino a Jerusal\u00e9n con todo su ej\u00e9rcito, la siti\u00f3 y construy\u00f3 torres de asalto alrededor de ella. La ciudad estuvo sitiada hasta [&hellip;]<\/p>\n","protected":false},"author":7,"featured_media":0,"comment_status":"open","ping_status":"open","sticky":false,"template":"","format":"standard","meta":{"_genesis_hide_title":false,"_genesis_hide_breadcrumbs":false,"_genesis_hide_singular_image":false,"_genesis_hide_footer_widgets":false,"_genesis_custom_body_class":"","_genesis_custom_post_class":"","_genesis_layout":"","footnotes":""},"categories":[277],"tags":[],"class_list":{"0":"post-23020","1":"post","2":"type-post","3":"status-publish","4":"format-standard","6":"category-lecturas-del-dia","7":"entry"},"_links":{"self":[{"href":"https:\/\/fatherbroom.com\/es\/wp-json\/wp\/v2\/posts\/23020","targetHints":{"allow":["GET"]}}],"collection":[{"href":"https:\/\/fatherbroom.com\/es\/wp-json\/wp\/v2\/posts"}],"about":[{"href":"https:\/\/fatherbroom.com\/es\/wp-json\/wp\/v2\/types\/post"}],"author":[{"embeddable":true,"href":"https:\/\/fatherbroom.com\/es\/wp-json\/wp\/v2\/users\/7"}],"replies":[{"embeddable":true,"href":"https:\/\/fatherbroom.com\/es\/wp-json\/wp\/v2\/comments?post=23020"}],"version-history":[{"count":3,"href":"https:\/\/fatherbroom.com\/es\/wp-json\/wp\/v2\/posts\/23020\/revisions"}],"predecessor-version":[{"id":23026,"href":"https:\/\/fatherbroom.com\/es\/wp-json\/wp\/v2\/posts\/23020\/revisions\/23026"}],"wp:attachment":[{"href":"https:\/\/fatherbroom.com\/es\/wp-json\/wp\/v2\/media?parent=23020"}],"wp:term":[{"taxonomy":"category","embeddable":true,"href":"https:\/\/fatherbroom.com\/es\/wp-json\/wp\/v2\/categories?post=23020"},{"taxonomy":"post_tag","embeddable":true,"href":"https:\/\/fatherbroom.com\/es\/wp-json\/wp\/v2\/tags?post=23020"}],"curies":[{"name":"wp","href":"https:\/\/api.w.org\/{rel}","templated":true}]}}