{"id":23011,"date":"2020-06-25T04:00:38","date_gmt":"2020-06-25T11:00:38","guid":{"rendered":"http:\/\/fatherbroom.com\/es\/?p=23011"},"modified":"2020-06-25T09:48:51","modified_gmt":"2020-06-25T16:48:51","slug":"lecturas-del-dia-y-catecismo-25-junio-2020","status":"publish","type":"post","link":"https:\/\/fatherbroom.com\/es\/2020\/06\/lecturas-del-dia-y-catecismo-25-junio-2020\/","title":{"rendered":"LECTURAS DEL DIA Y CATECISMO | 25 JUNIO 2020"},"content":{"rendered":"<p><img loading=\"lazy\" decoding=\"async\" src=\"http:\/\/fatherbroom.com\/es\/wp-content\/media\/sites\/3\/Screen-Shot-2020-06-24-at-10.02.17-PM-300x168.png\" alt=\"\" width=\"611\" height=\"342\" class=\"aligncenter  wp-image-23014\" srcset=\"https:\/\/fatherbroom.com\/es\/wp-content\/media\/sites\/3\/Screen-Shot-2020-06-24-at-10.02.17-PM-300x168.png 300w, https:\/\/fatherbroom.com\/es\/wp-content\/media\/sites\/3\/Screen-Shot-2020-06-24-at-10.02.17-PM-768x431.png 768w, https:\/\/fatherbroom.com\/es\/wp-content\/media\/sites\/3\/Screen-Shot-2020-06-24-at-10.02.17-PM-1024x574.png 1024w, https:\/\/fatherbroom.com\/es\/wp-content\/media\/sites\/3\/Screen-Shot-2020-06-24-at-10.02.17-PM.png 1334w\" sizes=\"auto, (max-width: 611px) 100vw, 611px\" \/><\/p>\n<h4><strong>25 de junio 2020<\/strong><\/h4>\n<div class=\"contentarea\">\n<div id=\"cs_control_1386\" class=\"cs_control CS_Element_Schedule\">\n<div title=\"\" id=\"CS_Element_maincontent\">\n<div id=\"gridRow_1_1_1386\" class=\"cs_GridRow\">\n<div id=\"gridCol_1_1_1_1_1386\" class=\"cs_GridColumn\">\n<div id=\"cs_control_157991\" class=\"cs_control  lecturas-block\">\n<div id=\"cs_control_3683\" class=\"cs_control  CS_Element_Textblock\">\n<div class=\"CS_Textblock_Text\">\n<h4><strong>Jueves del la XII semana del Tiempo ordinario<\/strong><\/p>\n<p><strong>Primera lectura<\/strong><\/h4>\n<\/div>\n<\/div>\n<div id=\"cs_control_3684\" class=\"cs_control  CS_Element_Textblock\">\n<div class=\"CS_Textblock_Text\">\n<div class=\"bibleReadingsWrapper\">\n<h4><strong>2 Reyes 24, 8-17<\/strong><\/h4>\n<div class=\"poetry\">\n<p><strong>Joaqu\u00edn ten\u00eda dieciocho a\u00f1os cuando subi\u00f3 al trono, y rein\u00f3 tres meses en Jerusal\u00e9n. Su madre se llamaba Nejust\u00e1, hija de Elnat\u00e1n, de Jerusal\u00e9n. Joaqu\u00edn, igual que su padre, hizo lo que el Se\u00f1or reprueba.<\/strong><\/p>\n<p><strong>En aquel tiempo, subi\u00f3 contra Jerusal\u00e9n el ej\u00e9rcito de Nabucodonosor, rey de Babilonia, y siti\u00f3 la ciudad. Nabucodonosor lleg\u00f3 a la ciudad mientras sus hombres la sitiaban. Entonces Joaqu\u00edn, rey de Jud\u00e1, junto con su madre, sus servidores, sus jefes y sus funcionarios, se rindieron al rey de Babilonia y \u00e9ste los hizo prisioneros. Era el octavo a\u00f1o del reinado de Nabucodonosor.<\/strong><\/p>\n<p><strong>Nabucodonosor se llev\u00f3 de Jerusal\u00e9n todos los tesoros del templo del Se\u00f1or y los del palacio real. Destroz\u00f3 todos los objetos de oro que Salom\u00f3n, rey de Israel, hab\u00eda hecho para el templo, conforme a las \u00f3rdenes del Se\u00f1or.<\/strong><\/p>\n<p><strong>Nabucodonosor se llev\u00f3 al cautiverio a toda Jerusal\u00e9n, a todos los jefes y hombres de importancia, con todos los carpinteros y herreros, en n\u00famero de diez mil, y s\u00f3lo dej\u00f3 a la gente pobre de la regi\u00f3n. Tambi\u00e9n llev\u00f3 cautivos a Babilonia al rey Joaqu\u00edn, con su madre, sus mujeres, los funcionarios de palacio y toda la gente valiosa, todos los soldados, en n\u00famero de siete mil, los carpinteros y herreros, en n\u00famero de mil; y todos los hombres aptos para la guerra fueron deportados a Babilonia.<\/strong><\/p>\n<p><strong>Y en lugar de Joaqu\u00edn, Nabucodonosor nombr\u00f3 rey a un t\u00edo de Joaqu\u00edn, Matan\u00edas, a quien le puso el nombre de Sedec\u00edas.<\/strong><\/p>\n<\/div>\n<\/div>\n<\/div>\n<\/div>\n<div id=\"cs_control_289228\" class=\"cs_control  CS_Element_Textblock\">\n<div class=\"CS_Textblock_Text\">\n<div class=\"bibleReadingsWrapper\">\n<h4><strong>Salmo Responsorial<\/strong><\/h4>\n<h4><strong>Salmo 78, 1-2. 3-5. 8. 9<\/strong><\/h4>\n<div class=\"poetry\">\n<p><strong>R. (9b) Soc\u00f3rrenos, Dios, salvador nuestro.<\/strong><br \/><strong>Dios m\u00edo, los paganos han invadido tu propiedad,<\/strong><br \/><strong>han profanado tu santo templo<\/strong><br \/><strong>y han convertido a Jerusal\u00e9n en ruinas. R.<\/strong><\/p>\n<p><strong>R. Soc\u00f3rrenos, Dios, salvador nuestro.<\/strong><br \/><strong>Han echado los cad\u00e1veres de tus siervos<\/strong><br \/><strong>a las aves de rapi\u00f1a,<\/strong><br \/><strong>y la carne de tus fieles,<\/strong><br \/><strong>a los animales feroces. R.<\/strong><\/p>\n<p><strong>R. Soc\u00f3rrenos, Dios, salvador nuestro.<\/strong><br \/><strong>Hemos sido el escarnio de nuestros vecinos,<\/strong><br \/><strong>la irrisi\u00f3n y la burla de los que nos rodean.<\/strong><br \/><strong>\u00bfHasta cu\u00e1ndo, Se\u00f1or, vas a estar enojado<\/strong><br \/><strong>y va a arder como fuego tu ira? R.<\/strong><\/p>\n<p><strong>R. Soc\u00f3rrenos, Dios, salvador nuestro.<\/strong><br \/><strong>No recuerdes, Se\u00f1or, contra nosotros<\/strong><br \/><strong>las culpas de nuestros padres.<\/strong><br \/><strong>Que tu amor venga pronto a socorrernos,<\/strong><br \/><strong>porque estamos totalmente abatidos. R.<\/strong><\/p>\n<p><strong>R. Soc\u00f3rrenos, Dios, salvador nuestro.<\/strong><br \/><strong>Para que sepan qui\u00e9n eres.<\/strong><br \/><strong>soc\u00f3rrenos, Dios y salvador nuestro.<\/strong><br \/><strong>Para que sepan qui\u00e9n eres,<\/strong><br \/><strong>s\u00e1lvanos y perdona nuestros pecados. R.<\/strong><\/p>\n<p><strong>R. Soc\u00f3rrenos, Dios, salvador nuestro.<\/strong><\/p>\n<\/div>\n<\/div>\n<\/div>\n<\/div>\n<div id=\"cs_control_289230\" class=\"cs_control  CS_Element_Textblock\">\n<div class=\"CS_Textblock_Text\">\n<div class=\"bibleReadingsWrapper\">\n<h4><strong>Aclamaci\u00f3n antes del Evangelio<\/strong><\/h4>\n<h4><strong>Jn 14, 23<\/strong><\/h4>\n<div class=\"poetry\">\n<p><strong>R. Aleluya, aleluya.<\/strong><br \/><strong>El que me ama cumplir\u00e1 mi palabra y mi Padre lo amar\u00e1<\/strong><br \/><strong>y haremos en \u00e9l nuestra morada, dice el Se\u00f1or.<\/strong><br \/><strong>R. Aleluya.<\/strong><\/p>\n<\/div>\n<\/div>\n<\/div>\n<\/div>\n<div id=\"cs_control_289231\" class=\"cs_control  CS_Element_Textblock\">\n<div class=\"CS_Textblock_Text\">\n<div class=\"bibleReadingsWrapper\">\n<h4><strong>Evangelio<\/strong><\/h4>\n<h4><strong>Mt 7, 21-29<\/strong><\/h4>\n<div class=\"poetry\">\n<p><strong>En aquel tiempo, Jes\u00fas dijo a sus disc\u00edpulos: \u201cNo todo el que me diga: \u2018\u00a1Se\u00f1or, Se\u00f1or!\u2019, entrar\u00e1 en el Reino de los cielos, sino el que cumpla la voluntad de mi Padre, que est\u00e1 en los cielos. Aquel d\u00eda muchos me dir\u00e1n: \u2018\u00a1Se\u00f1or, Se\u00f1or!, \u00bfno hemos hablado y arrojado demonios en tu nombre y no hemos hecho, en tu nombre, muchos milagros?\u2019 Entonces yo les dir\u00e9 en su cara: \u2018Nunca los he conocido. Al\u00e9jense de m\u00ed, ustedes, los que han hecho el mal\u2019.<\/strong><\/p>\n<p><strong>El que escucha estas palabras m\u00edas y las pone en pr\u00e1ctica, se parece a un hombre prudente, que edific\u00f3 su casa sobre roca. Vino la lluvia, bajaron las crecientes, se desataron los vientos y dieron contra aquella casa; pero no se cay\u00f3, porque estaba construida sobre roca.<\/strong><\/p>\n<p><strong>El que escucha estas palabras m\u00edas y no las pone en pr\u00e1ctica, se parece a un hombre imprudente, que edific\u00f3 su casa sobre arena. Vino la lluvia, bajaron las crecientes, se desataron los vientos, dieron contra aquella casa y la arrasaron completamente\u201d.<\/strong><\/p>\n<p><strong>Cuando Jes\u00fas termin\u00f3 de hablar, la gente qued\u00f3 asombrada de su doctrina, porque les ense\u00f1aba como quien tiene autoridad y no como los escribas.<\/p>\n<p><img loading=\"lazy\" decoding=\"async\" src=\"http:\/\/fatherbroom.com\/es\/wp-content\/media\/sites\/3\/Screen-Shot-2020-06-25-at-9.46.11-AM-300x100.png\" alt=\"\" width=\"549\" height=\"183\" class=\"aligncenter  wp-image-23016\" srcset=\"https:\/\/fatherbroom.com\/es\/wp-content\/media\/sites\/3\/Screen-Shot-2020-06-25-at-9.46.11-AM-300x100.png 300w, https:\/\/fatherbroom.com\/es\/wp-content\/media\/sites\/3\/Screen-Shot-2020-06-25-at-9.46.11-AM-768x255.png 768w, https:\/\/fatherbroom.com\/es\/wp-content\/media\/sites\/3\/Screen-Shot-2020-06-25-at-9.46.11-AM-1024x340.png 1024w, https:\/\/fatherbroom.com\/es\/wp-content\/media\/sites\/3\/Screen-Shot-2020-06-25-at-9.46.11-AM.png 1332w\" sizes=\"auto, (max-width: 549px) 100vw, 549px\" \/><br \/><\/strong><\/p>\n<ol><\/ol>\n<p><strong>VI. Las necesarias adaptaciones<\/strong><\/p>\n<p><strong>23 El acento de este catecismo se pone en la exposici\u00f3n doctrinal. <\/strong><strong>Quiere, en efecto, ayudar a profundizar el conocimiento de la fe. Por lo mismo est\u00e1 orientado a la maduraci\u00f3n de esta fe, su enraizamiento en la vida y su irradiaci\u00f3n en el testimonio (cf. CT 20-22; 25).<\/strong><\/p>\n<p><strong>\u00a0<\/strong><\/p>\n<p><strong>\u00a0<\/strong><\/p>\n<\/div>\n<\/div>\n<\/div>\n<\/div>\n<div id=\"cs_control_289214\" class=\"cs_control  CS_Element_Textblock\">\n<div class=\"CS_Textblock_Text\">\n<p>&nbsp;<\/p>\n<\/div>\n<\/div>\n<\/div>\n<\/div>\n<\/div>\n<\/div>\n<\/div>\n<\/div>\n<div class=\"synved-social-container synved-social-container-share\" style=\"text-align: center\"><a class=\"synved-social-button synved-social-button-share synved-social-size-48 synved-social-resolution-single synved-social-provider-facebook nolightbox\" data-provider=\"facebook\" target=\"_blank\" rel=\"nofollow\" title=\"Share on Facebook\" href=\"https:\/\/www.facebook.com\/sharer.php?u=https%3A%2F%2Ffatherbroom.com%2Fes%2Fwp-json%2Fwp%2Fv2%2Fposts%2F23011&#038;t=LECTURAS%20DEL%20DIA%20Y%20CATECISMO%20%7C%2025%20JUNIO%202020&#038;s=100&#038;p&#091;url&#093;=https%3A%2F%2Ffatherbroom.com%2Fes%2Fwp-json%2Fwp%2Fv2%2Fposts%2F23011&#038;p&#091;images&#093;&#091;0&#093;=http%3A%2F%2Ffatherbroom.com%2Fes%2Fwp-content%2Fmedia%2Fsites%2F3%2FScreen-Shot-2020-06-25-at-9.46.11-AM-300x100.png&#038;p&#091;title&#093;=LECTURAS%20DEL%20DIA%20Y%20CATECISMO%20%7C%2025%20JUNIO%202020\" style=\"font-size: 0px;width:48px;height:48px;margin:0;margin-bottom:5px;margin-right:5px\"><img loading=\"lazy\" decoding=\"async\" alt=\"Facebook\" title=\"Share on Facebook\" class=\"synved-share-image synved-social-image synved-social-image-share\" width=\"48\" height=\"48\" style=\"display: inline;width:48px;height:48px;margin: 0;padding: 0;border: none;box-shadow: none\" src=\"https:\/\/fatherbroom.com\/es\/wp-content\/plugins\/social-media-feather\/synved-social\/image\/social\/regular\/96x96\/facebook.png\" \/><\/a><a class=\"synved-social-button synved-social-button-share synved-social-size-48 synved-social-resolution-single synved-social-provider-twitter nolightbox\" data-provider=\"twitter\" target=\"_blank\" rel=\"nofollow\" title=\"Share on Twitter\" href=\"https:\/\/twitter.com\/intent\/tweet?url=https%3A%2F%2Ffatherbroom.com%2Fes%2Fwp-json%2Fwp%2Fv2%2Fposts%2F23011&#038;text=Hey%20check%20this%20out\" style=\"font-size: 0px;width:48px;height:48px;margin:0;margin-bottom:5px;margin-right:5px\"><img loading=\"lazy\" decoding=\"async\" alt=\"twitter\" title=\"Share on Twitter\" class=\"synved-share-image synved-social-image synved-social-image-share\" width=\"48\" height=\"48\" style=\"display: inline;width:48px;height:48px;margin: 0;padding: 0;border: none;box-shadow: none\" src=\"https:\/\/fatherbroom.com\/es\/wp-content\/plugins\/social-media-feather\/synved-social\/image\/social\/regular\/96x96\/twitter.png\" \/><\/a><a class=\"synved-social-button synved-social-button-share synved-social-size-48 synved-social-resolution-single synved-social-provider-reddit nolightbox\" data-provider=\"reddit\" target=\"_blank\" rel=\"nofollow\" title=\"Share on Reddit\" href=\"https:\/\/www.reddit.com\/submit?url=https%3A%2F%2Ffatherbroom.com%2Fes%2Fwp-json%2Fwp%2Fv2%2Fposts%2F23011&#038;title=LECTURAS%20DEL%20DIA%20Y%20CATECISMO%20%7C%2025%20JUNIO%202020\" style=\"font-size: 0px;width:48px;height:48px;margin:0;margin-bottom:5px;margin-right:5px\"><img loading=\"lazy\" decoding=\"async\" alt=\"reddit\" title=\"Share on Reddit\" class=\"synved-share-image synved-social-image synved-social-image-share\" width=\"48\" height=\"48\" style=\"display: inline;width:48px;height:48px;margin: 0;padding: 0;border: none;box-shadow: none\" src=\"https:\/\/fatherbroom.com\/es\/wp-content\/plugins\/social-media-feather\/synved-social\/image\/social\/regular\/96x96\/reddit.png\" \/><\/a><a class=\"synved-social-button synved-social-button-share synved-social-size-48 synved-social-resolution-single synved-social-provider-pinterest nolightbox\" data-provider=\"pinterest\" target=\"_blank\" rel=\"nofollow\" title=\"Pin it with Pinterest\" href=\"https:\/\/pinterest.com\/pin\/create\/button\/?url=https%3A%2F%2Ffatherbroom.com%2Fes%2Fwp-json%2Fwp%2Fv2%2Fposts%2F23011&#038;media=http%3A%2F%2Ffatherbroom.com%2Fes%2Fwp-content%2Fmedia%2Fsites%2F3%2FScreen-Shot-2020-06-25-at-9.46.11-AM-300x100.png&#038;description=LECTURAS%20DEL%20DIA%20Y%20CATECISMO%20%7C%2025%20JUNIO%202020\" style=\"font-size: 0px;width:48px;height:48px;margin:0;margin-bottom:5px;margin-right:5px\"><img loading=\"lazy\" decoding=\"async\" alt=\"pinterest\" title=\"Pin it with Pinterest\" class=\"synved-share-image synved-social-image synved-social-image-share\" width=\"48\" height=\"48\" style=\"display: inline;width:48px;height:48px;margin: 0;padding: 0;border: none;box-shadow: none\" src=\"https:\/\/fatherbroom.com\/es\/wp-content\/plugins\/social-media-feather\/synved-social\/image\/social\/regular\/96x96\/pinterest.png\" \/><\/a><a class=\"synved-social-button synved-social-button-share synved-social-size-48 synved-social-resolution-single synved-social-provider-linkedin nolightbox\" data-provider=\"linkedin\" target=\"_blank\" rel=\"nofollow\" title=\"Share on Linkedin\" href=\"https:\/\/www.linkedin.com\/shareArticle?mini=true&#038;url=https%3A%2F%2Ffatherbroom.com%2Fes%2Fwp-json%2Fwp%2Fv2%2Fposts%2F23011&#038;title=LECTURAS%20DEL%20DIA%20Y%20CATECISMO%20%7C%2025%20JUNIO%202020\" style=\"font-size: 0px;width:48px;height:48px;margin:0;margin-bottom:5px;margin-right:5px\"><img loading=\"lazy\" decoding=\"async\" alt=\"linkedin\" title=\"Share on Linkedin\" class=\"synved-share-image synved-social-image synved-social-image-share\" width=\"48\" height=\"48\" style=\"display: inline;width:48px;height:48px;margin: 0;padding: 0;border: none;box-shadow: none\" src=\"https:\/\/fatherbroom.com\/es\/wp-content\/plugins\/social-media-feather\/synved-social\/image\/social\/regular\/96x96\/linkedin.png\" \/><\/a><a class=\"synved-social-button synved-social-button-share synved-social-size-48 synved-social-resolution-single synved-social-provider-mail nolightbox\" data-provider=\"mail\" rel=\"nofollow\" title=\"Share by email\" href=\"mailto:?subject=LECTURAS%20DEL%20DIA%20Y%20CATECISMO%20%7C%2025%20JUNIO%202020&#038;body=Hey%20check%20this%20out:%20https%3A%2F%2Ffatherbroom.com%2Fes%2Fwp-json%2Fwp%2Fv2%2Fposts%2F23011\" style=\"font-size: 0px;width:48px;height:48px;margin:0;margin-bottom:5px\"><img loading=\"lazy\" decoding=\"async\" alt=\"mail\" title=\"Share by email\" class=\"synved-share-image synved-social-image synved-social-image-share\" width=\"48\" height=\"48\" style=\"display: inline;width:48px;height:48px;margin: 0;padding: 0;border: none;box-shadow: none\" src=\"https:\/\/fatherbroom.com\/es\/wp-content\/plugins\/social-media-feather\/synved-social\/image\/social\/regular\/96x96\/mail.png\" \/><\/a><\/div>","protected":false},"excerpt":{"rendered":"<p>25 de junio 2020 Jueves del la XII semana del Tiempo ordinario Primera lectura 2 Reyes 24, 8-17 Joaqu\u00edn ten\u00eda dieciocho a\u00f1os cuando subi\u00f3 al trono, y rein\u00f3 tres meses en Jerusal\u00e9n. Su madre se llamaba Nejust\u00e1, hija de Elnat\u00e1n, de Jerusal\u00e9n. Joaqu\u00edn, igual que su padre, hizo lo que el Se\u00f1or reprueba. En aquel [&hellip;]<\/p>\n","protected":false},"author":7,"featured_media":0,"comment_status":"open","ping_status":"open","sticky":false,"template":"","format":"standard","meta":{"_genesis_hide_title":false,"_genesis_hide_breadcrumbs":false,"_genesis_hide_singular_image":false,"_genesis_hide_footer_widgets":false,"_genesis_custom_body_class":"","_genesis_custom_post_class":"","_genesis_layout":"","footnotes":""},"categories":[277],"tags":[],"class_list":{"0":"post-23011","1":"post","2":"type-post","3":"status-publish","4":"format-standard","6":"category-lecturas-del-dia","7":"entry"},"_links":{"self":[{"href":"https:\/\/fatherbroom.com\/es\/wp-json\/wp\/v2\/posts\/23011","targetHints":{"allow":["GET"]}}],"collection":[{"href":"https:\/\/fatherbroom.com\/es\/wp-json\/wp\/v2\/posts"}],"about":[{"href":"https:\/\/fatherbroom.com\/es\/wp-json\/wp\/v2\/types\/post"}],"author":[{"embeddable":true,"href":"https:\/\/fatherbroom.com\/es\/wp-json\/wp\/v2\/users\/7"}],"replies":[{"embeddable":true,"href":"https:\/\/fatherbroom.com\/es\/wp-json\/wp\/v2\/comments?post=23011"}],"version-history":[{"count":4,"href":"https:\/\/fatherbroom.com\/es\/wp-json\/wp\/v2\/posts\/23011\/revisions"}],"predecessor-version":[{"id":23017,"href":"https:\/\/fatherbroom.com\/es\/wp-json\/wp\/v2\/posts\/23011\/revisions\/23017"}],"wp:attachment":[{"href":"https:\/\/fatherbroom.com\/es\/wp-json\/wp\/v2\/media?parent=23011"}],"wp:term":[{"taxonomy":"category","embeddable":true,"href":"https:\/\/fatherbroom.com\/es\/wp-json\/wp\/v2\/categories?post=23011"},{"taxonomy":"post_tag","embeddable":true,"href":"https:\/\/fatherbroom.com\/es\/wp-json\/wp\/v2\/tags?post=23011"}],"curies":[{"name":"wp","href":"https:\/\/api.w.org\/{rel}","templated":true}]}}