{"id":22988,"date":"2020-06-24T04:30:33","date_gmt":"2020-06-24T11:30:33","guid":{"rendered":"http:\/\/fatherbroom.com\/es\/?p=22988"},"modified":"2020-06-24T09:42:44","modified_gmt":"2020-06-24T16:42:44","slug":"lecturas-del-dia-y-catecismo-24-junio-2020","status":"publish","type":"post","link":"https:\/\/fatherbroom.com\/es\/2020\/06\/lecturas-del-dia-y-catecismo-24-junio-2020\/","title":{"rendered":"LECTURAS DEL DIA Y CATECISMO | 24 JUNIO 2020"},"content":{"rendered":"<p><\/p>\n<div class=\"contentarea\">\n<div id=\"cs_control_1386\" class=\"cs_control CS_Element_Schedule\">\n<div title=\"\" id=\"CS_Element_maincontent\">\n<div id=\"gridRow_1_1_1386\" class=\"cs_GridRow\">\n<div id=\"gridCol_1_1_1_1_1386\" class=\"cs_GridColumn\">\n<div id=\"cs_control_3683\" class=\"cs_control  CS_Element_Textblock\">\n<div class=\"CS_Textblock_Text\"><img loading=\"lazy\" decoding=\"async\" src=\"http:\/\/fatherbroom.com\/es\/wp-content\/media\/sites\/3\/Screen-Shot-2020-06-22-at-9.00.22-PM-300x168.png\" alt=\"\" width=\"557\" height=\"312\" class=\"aligncenter  wp-image-22990\" srcset=\"https:\/\/fatherbroom.com\/es\/wp-content\/media\/sites\/3\/Screen-Shot-2020-06-22-at-9.00.22-PM-300x168.png 300w, https:\/\/fatherbroom.com\/es\/wp-content\/media\/sites\/3\/Screen-Shot-2020-06-22-at-9.00.22-PM-768x431.png 768w, https:\/\/fatherbroom.com\/es\/wp-content\/media\/sites\/3\/Screen-Shot-2020-06-22-at-9.00.22-PM-1024x574.png 1024w, https:\/\/fatherbroom.com\/es\/wp-content\/media\/sites\/3\/Screen-Shot-2020-06-22-at-9.00.22-PM.png 1334w\" sizes=\"auto, (max-width: 557px) 100vw, 557px\" \/><\/p>\n<p><strong>Solemnidad de Natividad de san Juan Bautista <\/strong><\/p>\n<p><strong>Primera lectura<\/strong><\/div>\n<\/div>\n<div id=\"cs_control_3684\" class=\"cs_control  CS_Element_Textblock\">\n<div class=\"CS_Textblock_Text\">\n<div class=\"bibleReadingsWrapper\">\n<h4><strong>Is 49, 1-6<\/strong><\/h4>\n<div class=\"poetry\">\n<p><strong>Esc\u00fachenme, islas;<\/strong><br \/><strong>pueblos lejanos, ati\u00e9ndanme.<\/strong><br \/><strong>El Se\u00f1or me llam\u00f3 desde el vientre de mi madre;<\/strong><br \/><strong>cuando a\u00fan estaba yo en el seno materno,<\/strong><br \/><strong>\u00e9l pronunci\u00f3 mi nombre.<\/strong><\/p>\n<p><strong>Hizo de mi boca una espada filosa,<\/strong><br \/><strong>me escondi\u00f3 en la sombra de su mano,<\/strong><br \/><strong>me hizo flecha puntiaguda,<\/strong><br \/><strong>me guard\u00f3 en su aljaba y me dijo:<\/strong><br \/><strong>\u201cT\u00fa eres mi siervo, Israel;<\/strong><br \/><strong>en ti manifestar\u00e9 mi gloria\u201d.<\/strong><br \/><strong>Entonces yo pens\u00e9: \u201cEn vano me he cansado,<\/strong><br \/><strong>in\u00fatilmente he gastado mis fuerzas;<\/strong><br \/><strong>en realidad mi causa estaba en manos del Se\u00f1or,<\/strong><br \/><strong>mi recompensa la ten\u00eda mi Dios\u201d.<\/strong><\/p>\n<p><strong>Ahora habla el Se\u00f1or,<\/strong><br \/><strong>el que me form\u00f3 desde el seno materno,<\/strong><br \/><strong>para que fuera su servidor,<\/strong><br \/><strong>para hacer que Jacob volviera a \u00e9l<\/strong><br \/><strong>y congregar a Israel en torno suyo<\/strong><br \/><strong>\u2013tanto as\u00ed me honr\u00f3 el Se\u00f1or<\/strong><br \/><strong>y mi Dios fue mi fuerza\u2013.<\/strong><br \/><strong>Ahora, pues, dice el Se\u00f1or:<\/strong><br \/><strong>\u201cEs poco que seas mi siervo<\/strong><br \/><strong>s\u00f3lo para restablecer a las tribus de Jacob<\/strong><br \/><strong>y reunir a los sobrevivientes de Israel;<\/strong><br \/><strong>te voy a convertir en luz de las naciones,<\/strong><br \/><strong>para que mi salvaci\u00f3n llegue<\/strong><br \/><strong>hasta los \u00faltimos rincones de la tierra\u201d<\/strong><\/p>\n<\/div>\n<\/div>\n<\/div>\n<\/div>\n<div id=\"cs_control_289228\" class=\"cs_control  CS_Element_Textblock\">\n<div class=\"CS_Textblock_Text\">\n<div class=\"bibleReadingsWrapper\">\n<h4><strong>Salmo Responsorial<\/strong><\/h4>\n<h4><strong>Salmo 138, 1-3. 13-14ab. 14c-15<\/strong><\/h4>\n<div class=\"poetry\">\n<p><strong>R. (14a) Te doy gracias, Se\u00f1or, porque me has formado maravillosamente.<\/strong><br \/><strong>T\u00fa me conoces, Se\u00f1or, profundamente:<\/strong><br \/><strong>t\u00fa conoces cu\u00e1ndo me siento y me levanto,<\/strong><br \/><strong>desde lejos sabes mis pensamientos,<\/strong><br \/><strong>t\u00fa observas mi camino y mi descanso,<\/strong><br \/><strong>todas mis sendas te son familiares. R.<\/strong><\/p>\n<p><strong>R. Te doy gracias, Se\u00f1or, porque me has formado maravillosamente.<\/strong><br \/><strong>T\u00fa formaste mis entra\u00f1as,<\/strong><br \/><strong>me tejiste en el seno materno.<\/strong><br \/><strong>Te doy gracias por tan grandes maravillas;<\/strong><br \/><strong>soy un prodigio y tus obras son prodigiosas. R.<\/strong><\/p>\n<p><strong>R. Te doy gracias, Se\u00f1or, porque me has formado maravillosamente.<\/strong><br \/><strong>Conoc\u00edas plenamente mi alma;<\/strong><br \/><strong>no se te escond\u00eda mi organismo,<\/strong><br \/><strong>cuando en lo oculto me iba formando,<\/strong><br \/><strong>y entretejiendo en lo profundo de la tierra. R.<\/strong><\/p>\n<p><strong>R. Te doy gracias, Se\u00f1or, porque me has formado maravillosamente.<\/strong><\/p>\n<\/div>\n<\/div>\n<\/div>\n<\/div>\n<div id=\"cs_control_289230\" class=\"cs_control  CS_Element_Textblock\">\n<div class=\"CS_Textblock_Text\">\n<div class=\"bibleReadingsWrapper\">\n<h4><strong>Segunda lectura<\/strong><\/h4>\n<h4><strong>Hch 13, 22-26<\/strong><\/h4>\n<div class=\"poetry\">\n<p><strong>En aquellos d\u00edas, Pablo les dijo a los jud\u00edos: \u201cHermanos: Dios les dio a nuestros padres como rey a David, de quien hizo esta alabanza: <em>He hallado a David, hijo de Jes\u00e9, hombre seg\u00fan mi coraz\u00f3n, quien realizar\u00e1 todos mis designios.<\/em><\/strong><\/p>\n<p><strong>Del linaje de David, conforme a la promesa, Dios hizo nacer para Israel un salvador: Jes\u00fas. Juan prepar\u00f3 su venida, predicando a todo el pueblo de Israel un bautismo de penitencia, y hacia el final de su vida, Juan dec\u00eda: \u2018Yo no soy el que ustedes piensan. Despu\u00e9s de m\u00ed viene uno a quien no merezco desatarle las sandalias\u2019.<\/strong><\/p>\n<p><strong>Hermanos m\u00edos, descendientes de Abraham, y cuantos temen a Dios: Este mensaje de salvaci\u00f3n les ha sido enviado a ustedes\u201d.<\/strong><\/p>\n<\/div>\n<\/div>\n<div class=\"bibleReadingsWrapper\">\n<h4><strong>Aclamaci\u00f3n antes del Evangelio<\/strong><\/h4>\n<h4><strong>Lc 1, 76<\/strong><\/h4>\n<div class=\"poetry\">\n<p><strong>R.    Aleluya, aleluya.<\/strong><br \/><strong>Y a ti, ni\u00f1o, te llamar\u00e1n profeta del Alt\u00edsimo,<\/strong><br \/><strong>porque ir\u00e1s delante del Se\u00f1or a preparar sus caminos.<\/strong><br \/><strong>R.    Aleluya.<\/strong><\/p>\n<\/div>\n<\/div>\n<\/div>\n<\/div>\n<div id=\"cs_control_289231\" class=\"cs_control  CS_Element_Textblock\">\n<div class=\"CS_Textblock_Text\">\n<div class=\"bibleReadingsWrapper\">\n<h4><strong>Evangelio<\/strong><\/h4>\n<h4><strong>Lc 1, 57-66. 80<\/strong><\/h4>\n<div class=\"poetry\">\n<p><strong>Por aquellos d\u00edas, le lleg\u00f3 a Isabel la hora de dar a luz y tuvo un hijo. Cuando sus vecinos y parientes se enteraron de que el Se\u00f1or le hab\u00eda manifestado tan grande misericordia, se regocijaron con ella.<\/strong><\/p>\n<p><strong>A los ocho d\u00edas fueron a circuncidar al ni\u00f1o y le quer\u00edan poner Zacar\u00edas, como su padre; pero la madre se opuso, dici\u00e9ndoles: \u201cNo. Su nombre ser\u00e1 Juan\u201d. Ellos le dec\u00edan: \u201cPero si ninguno de tus parientes se llama as\u00ed\u201d.<\/strong><\/p>\n<p><strong>Entonces le preguntaron por se\u00f1as al padre c\u00f3mo quer\u00eda que se llamara el ni\u00f1o. \u00c9l pidi\u00f3 una tablilla y escribi\u00f3: \u201cJuan es su nombre\u201d. Todos se quedaron extra\u00f1ados. En ese momento a Zacar\u00edas se le solt\u00f3 la lengua, recobr\u00f3 el habla y empez\u00f3 a bendecir a Dios.<\/strong><\/p>\n<p><strong>Un sentimiento de temor se apoder\u00f3 de los vecinos y en toda la regi\u00f3n monta\u00f1osa de Judea se comentaba este suceso. Cuantos se enteraban de ello se preguntaban impresionados: \u201c\u00bfQu\u00e9 va a ser de este ni\u00f1o?\u201d Esto lo dec\u00edan, porque realmente la mano de Dios estaba con \u00e9l.<\/strong><\/p>\n<p><strong>El ni\u00f1o se iba desarrollando f\u00edsicamente y su esp\u00edritu se iba fortaleciendo, y vivi\u00f3 en el desierto hasta el d\u00eda en que se dio a conocer al pueblo de Israel.<\/p>\n<p><img loading=\"lazy\" decoding=\"async\" src=\"http:\/\/fatherbroom.com\/es\/wp-content\/media\/sites\/3\/Screen-Shot-2020-06-24-at-9.42.19-AM-300x99.png\" alt=\"\" width=\"524\" height=\"173\" class=\"aligncenter  wp-image-23008\" srcset=\"https:\/\/fatherbroom.com\/es\/wp-content\/media\/sites\/3\/Screen-Shot-2020-06-24-at-9.42.19-AM-300x99.png 300w, https:\/\/fatherbroom.com\/es\/wp-content\/media\/sites\/3\/Screen-Shot-2020-06-24-at-9.42.19-AM-768x254.png 768w, https:\/\/fatherbroom.com\/es\/wp-content\/media\/sites\/3\/Screen-Shot-2020-06-24-at-9.42.19-AM-1024x339.png 1024w, https:\/\/fatherbroom.com\/es\/wp-content\/media\/sites\/3\/Screen-Shot-2020-06-24-at-9.42.19-AM.png 1334w\" sizes=\"auto, (max-width: 524px) 100vw, 524px\" \/><br \/><\/strong><br \/><strong>Catecismo de la Iglesia\u00a0Cat\u00f3lica<\/strong><\/p>\n<p><strong>19 Con frecuencia, los textos de la sagrada Escritura no son citados literalmente, sino indicando s\u00f3lo la referencia (mediante cf.). Para una inteligencia m\u00e1s profunda de esos pasajes, es preciso recurrir a los textos mismos. Estas referencias b\u00edblicas son un instrumento de trabajo para la catequesis.<\/strong><\/p>\n<p><strong>20 Cuando, en ciertos pasajes, se emplea letra peque\u00f1a, con ello se indica que se trata de puntualizaciones de tipo hist\u00f3rico, apolog\u00e9tico o de exposiciones doctrinales complementarias.<\/strong><\/p>\n<p><strong>21 Las citas, en letra peque\u00f1a, de fuentes patr\u00edsticas, lit\u00fargicas, magisteriales o hagiogr\u00e1ficas tienen como fin enriquecer la exposici\u00f3n doctrinal. Con frecuencia estos textos han sido escogidos con miras a un uso directamente catequ\u00e9tico.<\/strong><\/p>\n<p><strong>22 Al final de cada unidad tem\u00e1tica, una serie de textos breves resumen en f\u00f3rmulas condensadas lo esencial de la ense\u00f1anza. Estos \u00abres\u00famenes\u00bb tienen como finalidad ofrecer sugerencias para f\u00f3rmulas sint\u00e9ticas y memorizables en la catequesis de cada lugar.<\/strong><\/p>\n<p style=\"text-align: left\"><strong><\/p>\n<p><img loading=\"lazy\" decoding=\"async\" src=\"http:\/\/fatherbroom.com\/es\/wp-content\/media\/sites\/3\/saint-john-the-baptist-in-the-wilderness-bartolome-esteban-murillo-263x300.jpg\" alt=\"\" width=\"406\" height=\"463\" class=\"aligncenter  wp-image-22993\" srcset=\"https:\/\/fatherbroom.com\/es\/wp-content\/media\/sites\/3\/saint-john-the-baptist-in-the-wilderness-bartolome-esteban-murillo-263x300.jpg 263w, https:\/\/fatherbroom.com\/es\/wp-content\/media\/sites\/3\/saint-john-the-baptist-in-the-wilderness-bartolome-esteban-murillo-768x875.jpg 768w, https:\/\/fatherbroom.com\/es\/wp-content\/media\/sites\/3\/saint-john-the-baptist-in-the-wilderness-bartolome-esteban-murillo.jpg 790w\" sizes=\"auto, (max-width: 406px) 100vw, 406px\" \/><\/p>\n<p><\/strong><\/p>\n<\/div>\n<\/div>\n<\/div>\n<\/div>\n<div id=\"cs_control_289214\" class=\"cs_control  CS_Element_Textblock\"><\/div>\n<\/div>\n<\/div>\n<\/div>\n<\/div>\n<\/div>\n<div class=\"synved-social-container synved-social-container-share\" style=\"text-align: center\"><a class=\"synved-social-button synved-social-button-share synved-social-size-48 synved-social-resolution-single synved-social-provider-facebook nolightbox\" data-provider=\"facebook\" target=\"_blank\" rel=\"nofollow\" title=\"Share on Facebook\" href=\"https:\/\/www.facebook.com\/sharer.php?u=https%3A%2F%2Ffatherbroom.com%2Fes%2Fwp-json%2Fwp%2Fv2%2Fposts%2F22988&#038;t=LECTURAS%20DEL%20DIA%20Y%20CATECISMO%20%7C%2024%20JUNIO%202020&#038;s=100&#038;p&#091;url&#093;=https%3A%2F%2Ffatherbroom.com%2Fes%2Fwp-json%2Fwp%2Fv2%2Fposts%2F22988&#038;p&#091;images&#093;&#091;0&#093;=http%3A%2F%2Ffatherbroom.com%2Fes%2Fwp-content%2Fmedia%2Fsites%2F3%2Fsaint-john-the-baptist-in-the-wilderness-bartolome-esteban-murillo-263x300.jpg&#038;p&#091;title&#093;=LECTURAS%20DEL%20DIA%20Y%20CATECISMO%20%7C%2024%20JUNIO%202020\" style=\"font-size: 0px;width:48px;height:48px;margin:0;margin-bottom:5px;margin-right:5px\"><img loading=\"lazy\" decoding=\"async\" alt=\"Facebook\" title=\"Share on Facebook\" class=\"synved-share-image synved-social-image synved-social-image-share\" width=\"48\" height=\"48\" style=\"display: inline;width:48px;height:48px;margin: 0;padding: 0;border: none;box-shadow: none\" src=\"https:\/\/fatherbroom.com\/es\/wp-content\/plugins\/social-media-feather\/synved-social\/image\/social\/regular\/96x96\/facebook.png\" \/><\/a><a class=\"synved-social-button synved-social-button-share synved-social-size-48 synved-social-resolution-single synved-social-provider-twitter nolightbox\" data-provider=\"twitter\" target=\"_blank\" rel=\"nofollow\" title=\"Share on Twitter\" href=\"https:\/\/twitter.com\/intent\/tweet?url=https%3A%2F%2Ffatherbroom.com%2Fes%2Fwp-json%2Fwp%2Fv2%2Fposts%2F22988&#038;text=Hey%20check%20this%20out\" style=\"font-size: 0px;width:48px;height:48px;margin:0;margin-bottom:5px;margin-right:5px\"><img loading=\"lazy\" decoding=\"async\" alt=\"twitter\" title=\"Share on Twitter\" class=\"synved-share-image synved-social-image synved-social-image-share\" width=\"48\" height=\"48\" style=\"display: inline;width:48px;height:48px;margin: 0;padding: 0;border: none;box-shadow: none\" src=\"https:\/\/fatherbroom.com\/es\/wp-content\/plugins\/social-media-feather\/synved-social\/image\/social\/regular\/96x96\/twitter.png\" \/><\/a><a class=\"synved-social-button synved-social-button-share synved-social-size-48 synved-social-resolution-single synved-social-provider-reddit nolightbox\" data-provider=\"reddit\" target=\"_blank\" rel=\"nofollow\" title=\"Share on Reddit\" href=\"https:\/\/www.reddit.com\/submit?url=https%3A%2F%2Ffatherbroom.com%2Fes%2Fwp-json%2Fwp%2Fv2%2Fposts%2F22988&#038;title=LECTURAS%20DEL%20DIA%20Y%20CATECISMO%20%7C%2024%20JUNIO%202020\" style=\"font-size: 0px;width:48px;height:48px;margin:0;margin-bottom:5px;margin-right:5px\"><img loading=\"lazy\" decoding=\"async\" alt=\"reddit\" title=\"Share on Reddit\" class=\"synved-share-image synved-social-image synved-social-image-share\" width=\"48\" height=\"48\" style=\"display: inline;width:48px;height:48px;margin: 0;padding: 0;border: none;box-shadow: none\" src=\"https:\/\/fatherbroom.com\/es\/wp-content\/plugins\/social-media-feather\/synved-social\/image\/social\/regular\/96x96\/reddit.png\" \/><\/a><a class=\"synved-social-button synved-social-button-share synved-social-size-48 synved-social-resolution-single synved-social-provider-pinterest nolightbox\" data-provider=\"pinterest\" target=\"_blank\" rel=\"nofollow\" title=\"Pin it with Pinterest\" href=\"https:\/\/pinterest.com\/pin\/create\/button\/?url=https%3A%2F%2Ffatherbroom.com%2Fes%2Fwp-json%2Fwp%2Fv2%2Fposts%2F22988&#038;media=http%3A%2F%2Ffatherbroom.com%2Fes%2Fwp-content%2Fmedia%2Fsites%2F3%2Fsaint-john-the-baptist-in-the-wilderness-bartolome-esteban-murillo-263x300.jpg&#038;description=LECTURAS%20DEL%20DIA%20Y%20CATECISMO%20%7C%2024%20JUNIO%202020\" style=\"font-size: 0px;width:48px;height:48px;margin:0;margin-bottom:5px;margin-right:5px\"><img loading=\"lazy\" decoding=\"async\" alt=\"pinterest\" title=\"Pin it with Pinterest\" class=\"synved-share-image synved-social-image synved-social-image-share\" width=\"48\" height=\"48\" style=\"display: inline;width:48px;height:48px;margin: 0;padding: 0;border: none;box-shadow: none\" src=\"https:\/\/fatherbroom.com\/es\/wp-content\/plugins\/social-media-feather\/synved-social\/image\/social\/regular\/96x96\/pinterest.png\" \/><\/a><a class=\"synved-social-button synved-social-button-share synved-social-size-48 synved-social-resolution-single synved-social-provider-linkedin nolightbox\" data-provider=\"linkedin\" target=\"_blank\" rel=\"nofollow\" title=\"Share on Linkedin\" href=\"https:\/\/www.linkedin.com\/shareArticle?mini=true&#038;url=https%3A%2F%2Ffatherbroom.com%2Fes%2Fwp-json%2Fwp%2Fv2%2Fposts%2F22988&#038;title=LECTURAS%20DEL%20DIA%20Y%20CATECISMO%20%7C%2024%20JUNIO%202020\" style=\"font-size: 0px;width:48px;height:48px;margin:0;margin-bottom:5px;margin-right:5px\"><img loading=\"lazy\" decoding=\"async\" alt=\"linkedin\" title=\"Share on Linkedin\" class=\"synved-share-image synved-social-image synved-social-image-share\" width=\"48\" height=\"48\" style=\"display: inline;width:48px;height:48px;margin: 0;padding: 0;border: none;box-shadow: none\" src=\"https:\/\/fatherbroom.com\/es\/wp-content\/plugins\/social-media-feather\/synved-social\/image\/social\/regular\/96x96\/linkedin.png\" \/><\/a><a class=\"synved-social-button synved-social-button-share synved-social-size-48 synved-social-resolution-single synved-social-provider-mail nolightbox\" data-provider=\"mail\" rel=\"nofollow\" title=\"Share by email\" href=\"mailto:?subject=LECTURAS%20DEL%20DIA%20Y%20CATECISMO%20%7C%2024%20JUNIO%202020&#038;body=Hey%20check%20this%20out:%20https%3A%2F%2Ffatherbroom.com%2Fes%2Fwp-json%2Fwp%2Fv2%2Fposts%2F22988\" style=\"font-size: 0px;width:48px;height:48px;margin:0;margin-bottom:5px\"><img loading=\"lazy\" decoding=\"async\" alt=\"mail\" title=\"Share by email\" class=\"synved-share-image synved-social-image synved-social-image-share\" width=\"48\" height=\"48\" style=\"display: inline;width:48px;height:48px;margin: 0;padding: 0;border: none;box-shadow: none\" src=\"https:\/\/fatherbroom.com\/es\/wp-content\/plugins\/social-media-feather\/synved-social\/image\/social\/regular\/96x96\/mail.png\" \/><\/a><\/div>","protected":false},"excerpt":{"rendered":"<p>Solemnidad de Natividad de san Juan Bautista Primera lectura Is 49, 1-6 Esc\u00fachenme, islas;pueblos lejanos, ati\u00e9ndanme.El Se\u00f1or me llam\u00f3 desde el vientre de mi madre;cuando a\u00fan estaba yo en el seno materno,\u00e9l pronunci\u00f3 mi nombre. Hizo de mi boca una espada filosa,me escondi\u00f3 en la sombra de su mano,me hizo flecha puntiaguda,me guard\u00f3 en su [&hellip;]<\/p>\n","protected":false},"author":7,"featured_media":0,"comment_status":"open","ping_status":"open","sticky":false,"template":"","format":"standard","meta":{"_genesis_hide_title":false,"_genesis_hide_breadcrumbs":false,"_genesis_hide_singular_image":false,"_genesis_hide_footer_widgets":false,"_genesis_custom_body_class":"","_genesis_custom_post_class":"","_genesis_layout":"","footnotes":""},"categories":[277],"tags":[],"class_list":{"0":"post-22988","1":"post","2":"type-post","3":"status-publish","4":"format-standard","6":"category-lecturas-del-dia","7":"entry"},"_links":{"self":[{"href":"https:\/\/fatherbroom.com\/es\/wp-json\/wp\/v2\/posts\/22988","targetHints":{"allow":["GET"]}}],"collection":[{"href":"https:\/\/fatherbroom.com\/es\/wp-json\/wp\/v2\/posts"}],"about":[{"href":"https:\/\/fatherbroom.com\/es\/wp-json\/wp\/v2\/types\/post"}],"author":[{"embeddable":true,"href":"https:\/\/fatherbroom.com\/es\/wp-json\/wp\/v2\/users\/7"}],"replies":[{"embeddable":true,"href":"https:\/\/fatherbroom.com\/es\/wp-json\/wp\/v2\/comments?post=22988"}],"version-history":[{"count":4,"href":"https:\/\/fatherbroom.com\/es\/wp-json\/wp\/v2\/posts\/22988\/revisions"}],"predecessor-version":[{"id":23009,"href":"https:\/\/fatherbroom.com\/es\/wp-json\/wp\/v2\/posts\/22988\/revisions\/23009"}],"wp:attachment":[{"href":"https:\/\/fatherbroom.com\/es\/wp-json\/wp\/v2\/media?parent=22988"}],"wp:term":[{"taxonomy":"category","embeddable":true,"href":"https:\/\/fatherbroom.com\/es\/wp-json\/wp\/v2\/categories?post=22988"},{"taxonomy":"post_tag","embeddable":true,"href":"https:\/\/fatherbroom.com\/es\/wp-json\/wp\/v2\/tags?post=22988"}],"curies":[{"name":"wp","href":"https:\/\/api.w.org\/{rel}","templated":true}]}}