{"id":22983,"date":"2020-06-22T10:45:24","date_gmt":"2020-06-22T17:45:24","guid":{"rendered":"http:\/\/fatherbroom.com\/es\/?p=22983"},"modified":"2020-06-22T10:45:24","modified_gmt":"2020-06-22T17:45:24","slug":"lecturas-del-dia-y-catecismo-22-junio-2020-2","status":"publish","type":"post","link":"https:\/\/fatherbroom.com\/es\/2020\/06\/lecturas-del-dia-y-catecismo-22-junio-2020-2\/","title":{"rendered":"LECTURAS DEL DIA Y CATECISMO | 22 JUNIO 2020"},"content":{"rendered":"<p><img loading=\"lazy\" decoding=\"async\" src=\"http:\/\/fatherbroom.com\/es\/wp-content\/media\/sites\/3\/Screen-Shot-2020-06-22-at-10.42.32-AM-300x169.png\" alt=\"\" width=\"563\" height=\"317\" class=\"aligncenter  wp-image-22984\" srcset=\"https:\/\/fatherbroom.com\/es\/wp-content\/media\/sites\/3\/Screen-Shot-2020-06-22-at-10.42.32-AM-300x169.png 300w, https:\/\/fatherbroom.com\/es\/wp-content\/media\/sites\/3\/Screen-Shot-2020-06-22-at-10.42.32-AM-768x433.png 768w, https:\/\/fatherbroom.com\/es\/wp-content\/media\/sites\/3\/Screen-Shot-2020-06-22-at-10.42.32-AM-1024x577.png 1024w, https:\/\/fatherbroom.com\/es\/wp-content\/media\/sites\/3\/Screen-Shot-2020-06-22-at-10.42.32-AM.png 1334w\" sizes=\"auto, (max-width: 563px) 100vw, 563px\" \/><\/p>\n<h4><strong>22 de junio 2020<\/strong><\/h4>\n<div class=\"contentarea\">\n<div id=\"cs_control_1386\" class=\"cs_control CS_Element_Schedule\">\n<div title=\"\" id=\"CS_Element_maincontent\">\n<div id=\"gridRow_1_1_1386\" class=\"cs_GridRow\">\n<div id=\"gridCol_1_1_1_1_1386\" class=\"cs_GridColumn\">\n<div id=\"cs_control_157991\" class=\"cs_control  lecturas-block\">\n<div id=\"cs_control_3683\" class=\"cs_control  CS_Element_Textblock\">\n<div class=\"CS_Textblock_Text\">\n<h4><strong>Lunes de la XII semana de Tiempo ordinario<\/strong><\/h4>\n<p><strong>Primera lectura<\/strong><\/p>\n<\/div>\n<\/div>\n<div id=\"cs_control_3684\" class=\"cs_control  CS_Element_Textblock\">\n<div class=\"CS_Textblock_Text\">\n<div class=\"bibleReadingsWrapper\">\n<h4><strong>2 Reyes 17, 5-8. 13-15. 18<\/strong><\/h4>\n<div class=\"poetry\">\n<p><strong>En aquellos d\u00edas, Salmanasar, rey de Asiria, invadi\u00f3 el pa\u00eds, lleg\u00f3 a Samaria y la siti\u00f3 durante tres a\u00f1os. En el a\u00f1o noveno de Oseas, el rey de Asiria ocup\u00f3 Samaria y deport\u00f3 a los israelitas a Asiria. Los instal\u00f3 en Jalaj, junto al Jabor, r\u00edo de Goz\u00e1n, y en las ciudades de Media.<\/strong><\/p>\n<p><strong>Esto sucedi\u00f3 porque los hijos de Israel hab\u00edan pecado contra el Se\u00f1or, su Dios, que los sac\u00f3 de la tierra de Egipto, y hab\u00edan adorado a otros dioses, siguiendo las costumbres de las naciones que el Se\u00f1or hab\u00eda exterminado a su llegada y que sus mismos reyes hab\u00edan introducido.<\/strong><\/p>\n<p><strong>El Se\u00f1or hab\u00eda advertido a Israel y a Jud\u00e1, por boca de todos los profetas y videntes, diciendo: \u201cEnderecen sus malos caminos y cumplan mis mandamientos y preceptos, conforme a la ley que impuse a sus padres y que les manifest\u00e9 por medio de mis siervos, los profetas\u201d. Pero ellos no escucharon y endurecieron su coraz\u00f3n como lo hab\u00edan hecho sus padres, que no quisieron obedecer al Se\u00f1or, su Dios. Despreciaron sus decretos, la alianza que estableci\u00f3 con sus padres y las advertencias que les hizo.<\/strong><\/p>\n<p><strong>El Se\u00f1or se enoj\u00f3 mucho contra Israel y lo arroj\u00f3 de su presencia, y solamente qued\u00f3 la tribu de Jud\u00e1.<\/strong><\/p>\n<\/div>\n<\/div>\n<\/div>\n<\/div>\n<div id=\"cs_control_289228\" class=\"cs_control  CS_Element_Textblock\">\n<div class=\"CS_Textblock_Text\">\n<div class=\"bibleReadingsWrapper\">\n<h4><strong>Salmo Responsorial<\/strong><\/h4>\n<h4><strong>Salmo 59, 3. 4-5. 12-13<\/strong><\/h4>\n<div class=\"poetry\">\n<p><strong>R. (7b) Esc\u00fachanos, Se\u00f1or, y s\u00e1lvanos.<\/strong><br \/><strong>Dios nuestro, nos has rechazado<\/strong><br \/><strong>y nos has deshecho.<\/strong><br \/><strong>Estabas enojado,<\/strong><br \/><strong>pero ahora vu\u00e9lvete a nosotros. R.<\/strong><\/p>\n<p><strong>R. Esc\u00fachanos, Se\u00f1or, y s\u00e1lvanos.<\/strong><br \/><strong>Has sacudido la tierra, la has agrietado;<\/strong><br \/><strong>repara sus grietas, porque se desmorona.<\/strong><br \/><strong>Hiciste sufrir un desastre a tu pueblo,<\/strong><br \/><strong>nos diste a beber un vino que nos hace temblar. R.<\/strong><\/p>\n<p><strong>R. Esc\u00fachanos, Se\u00f1or, y s\u00e1lvanos.<\/strong><br \/><strong>T\u00fa, Se\u00f1or, nos has rechazado<\/strong><br \/><strong>y no acompa\u00f1as ya a nuestras tropas.<\/strong><br \/><strong>Ay\u00fadanos contra el enemigo,<\/strong><br \/><strong>porque la ayuda del hombre es in\u00fatil.<\/strong><br \/><strong>Con Dios haremos maravillas,<\/strong><br \/><strong>porque \u00e9l vencer\u00e1 a nuestros enemigos. R.<\/strong><\/p>\n<p><strong>R. Esc\u00fachanos, Se\u00f1or, y s\u00e1lvanos.<\/strong><\/p>\n<\/div>\n<\/div>\n<\/div>\n<\/div>\n<div id=\"cs_control_289230\" class=\"cs_control  CS_Element_Textblock\">\n<div class=\"CS_Textblock_Text\">\n<div class=\"bibleReadingsWrapper\">\n<h4><strong>Aclamaci\u00f3n antes del Evangelio<\/strong><\/h4>\n<h4><strong>Heb 4, 12<\/strong><\/h4>\n<div class=\"poetry\">\n<p><strong>R. Aleluya, aleluya.<\/strong><br \/><strong>La palabra de Dios es viva y eficaz,<\/strong><br \/><strong>y descubre los pensamientos e intenciones del coraz\u00f3n.<\/strong><br \/><strong>R. Aleluya.<\/strong><\/p>\n<\/div>\n<\/div>\n<\/div>\n<\/div>\n<div id=\"cs_control_289231\" class=\"cs_control  CS_Element_Textblock\">\n<div class=\"CS_Textblock_Text\">\n<div class=\"bibleReadingsWrapper\">\n<h4><strong>Evangelio<\/strong><\/h4>\n<h4><strong>Mt 7, 1-5<\/strong><\/h4>\n<div class=\"poetry\">\n<p><strong>En aquel tiempo, Jes\u00fas dijo a sus disc\u00edpulos: \u201cNo juzguen y no ser\u00e1n juzgados; porque as\u00ed como juzguen los juzgar\u00e1n y con la medida que midan los medir\u00e1n.<\/strong><\/p>\n<p><strong>\u00bfPor qu\u00e9 miras la paja en el ojo de tu hermano y no te das cuenta de la viga que tienes en el tuyo? \u00bfCon qu\u00e9 cara le dices a tu hermano: \u2018D\u00e9jame quitarte la paja que llevas en el ojo\u2019, cuando t\u00fa llevas una viga en el tuyo? \u00a1Hip\u00f3crita! S\u00e1cate primero la viga que tienes en el ojo, y luego podr\u00e1s ver bien para sacarle a tu hermano la paja que lleva en el suyo\u201d.<\/strong><\/p>\n<\/div>\n<\/div>\n<\/div>\n<\/div>\n<div id=\"cs_control_289214\" class=\"cs_control  CS_Element_Textblock\">\n<div class=\"CS_Textblock_Text\">\n<p><img loading=\"lazy\" decoding=\"async\" src=\"http:\/\/fatherbroom.com\/es\/wp-content\/media\/sites\/3\/Screen-Shot-2020-06-22-at-10.44.59-AM-300x101.png\" alt=\"\" width=\"520\" height=\"175\" class=\"aligncenter  wp-image-22986\" srcset=\"https:\/\/fatherbroom.com\/es\/wp-content\/media\/sites\/3\/Screen-Shot-2020-06-22-at-10.44.59-AM-300x101.png 300w, https:\/\/fatherbroom.com\/es\/wp-content\/media\/sites\/3\/Screen-Shot-2020-06-22-at-10.44.59-AM-768x258.png 768w, https:\/\/fatherbroom.com\/es\/wp-content\/media\/sites\/3\/Screen-Shot-2020-06-22-at-10.44.59-AM-1024x343.png 1024w, https:\/\/fatherbroom.com\/es\/wp-content\/media\/sites\/3\/Screen-Shot-2020-06-22-at-10.44.59-AM.png 1336w\" sizes=\"auto, (max-width: 520px) 100vw, 520px\" \/><\/p>\n<\/div>\n<\/div>\n<\/div>\n<\/div>\n<\/div>\n<\/div>\n<\/div>\n<\/div>\n<p><strong>Cuarta parte: La oraci\u00f3n en la vida de la fe<\/strong><\/p>\n<p><strong>17 La \u00faltima parte del catecismo trata del sentido y la importancia de la oraci\u00f3n en la vida de los creyentes (primera secci\u00f3n). Se cierra con un breve comentario de las siete peticiones de la oraci\u00f3n del Se\u00f1or (segunda secci\u00f3n). En ellas, en efecto, encontramos la suma de los bienes que debemos esperar y que nuestro Padre celestial quiere concedernos.<\/strong><\/p>\n<div class=\"synved-social-container synved-social-container-share\" style=\"text-align: center\"><a class=\"synved-social-button synved-social-button-share synved-social-size-48 synved-social-resolution-single synved-social-provider-facebook nolightbox\" data-provider=\"facebook\" target=\"_blank\" rel=\"nofollow\" title=\"Share on Facebook\" href=\"https:\/\/www.facebook.com\/sharer.php?u=https%3A%2F%2Ffatherbroom.com%2Fes%2Fwp-json%2Fwp%2Fv2%2Fposts%2F22983&#038;t=LECTURAS%20DEL%20DIA%20Y%20CATECISMO%20%7C%2022%20JUNIO%202020&#038;s=100&#038;p&#091;url&#093;=https%3A%2F%2Ffatherbroom.com%2Fes%2Fwp-json%2Fwp%2Fv2%2Fposts%2F22983&#038;p&#091;images&#093;&#091;0&#093;=http%3A%2F%2Ffatherbroom.com%2Fes%2Fwp-content%2Fmedia%2Fsites%2F3%2FScreen-Shot-2020-06-22-at-10.44.59-AM-300x101.png&#038;p&#091;title&#093;=LECTURAS%20DEL%20DIA%20Y%20CATECISMO%20%7C%2022%20JUNIO%202020\" style=\"font-size: 0px;width:48px;height:48px;margin:0;margin-bottom:5px;margin-right:5px\"><img loading=\"lazy\" decoding=\"async\" alt=\"Facebook\" title=\"Share on Facebook\" class=\"synved-share-image synved-social-image synved-social-image-share\" width=\"48\" height=\"48\" style=\"display: inline;width:48px;height:48px;margin: 0;padding: 0;border: none;box-shadow: none\" src=\"https:\/\/fatherbroom.com\/es\/wp-content\/plugins\/social-media-feather\/synved-social\/image\/social\/regular\/96x96\/facebook.png\" \/><\/a><a class=\"synved-social-button synved-social-button-share synved-social-size-48 synved-social-resolution-single synved-social-provider-twitter nolightbox\" data-provider=\"twitter\" target=\"_blank\" rel=\"nofollow\" title=\"Share on Twitter\" href=\"https:\/\/twitter.com\/intent\/tweet?url=https%3A%2F%2Ffatherbroom.com%2Fes%2Fwp-json%2Fwp%2Fv2%2Fposts%2F22983&#038;text=Hey%20check%20this%20out\" style=\"font-size: 0px;width:48px;height:48px;margin:0;margin-bottom:5px;margin-right:5px\"><img loading=\"lazy\" decoding=\"async\" alt=\"twitter\" title=\"Share on Twitter\" class=\"synved-share-image synved-social-image synved-social-image-share\" width=\"48\" height=\"48\" style=\"display: inline;width:48px;height:48px;margin: 0;padding: 0;border: none;box-shadow: none\" src=\"https:\/\/fatherbroom.com\/es\/wp-content\/plugins\/social-media-feather\/synved-social\/image\/social\/regular\/96x96\/twitter.png\" \/><\/a><a class=\"synved-social-button synved-social-button-share synved-social-size-48 synved-social-resolution-single synved-social-provider-reddit nolightbox\" data-provider=\"reddit\" target=\"_blank\" rel=\"nofollow\" title=\"Share on Reddit\" href=\"https:\/\/www.reddit.com\/submit?url=https%3A%2F%2Ffatherbroom.com%2Fes%2Fwp-json%2Fwp%2Fv2%2Fposts%2F22983&#038;title=LECTURAS%20DEL%20DIA%20Y%20CATECISMO%20%7C%2022%20JUNIO%202020\" style=\"font-size: 0px;width:48px;height:48px;margin:0;margin-bottom:5px;margin-right:5px\"><img loading=\"lazy\" decoding=\"async\" alt=\"reddit\" title=\"Share on Reddit\" class=\"synved-share-image synved-social-image synved-social-image-share\" width=\"48\" height=\"48\" style=\"display: inline;width:48px;height:48px;margin: 0;padding: 0;border: none;box-shadow: none\" src=\"https:\/\/fatherbroom.com\/es\/wp-content\/plugins\/social-media-feather\/synved-social\/image\/social\/regular\/96x96\/reddit.png\" \/><\/a><a class=\"synved-social-button synved-social-button-share synved-social-size-48 synved-social-resolution-single synved-social-provider-pinterest nolightbox\" data-provider=\"pinterest\" target=\"_blank\" rel=\"nofollow\" title=\"Pin it with Pinterest\" href=\"https:\/\/pinterest.com\/pin\/create\/button\/?url=https%3A%2F%2Ffatherbroom.com%2Fes%2Fwp-json%2Fwp%2Fv2%2Fposts%2F22983&#038;media=http%3A%2F%2Ffatherbroom.com%2Fes%2Fwp-content%2Fmedia%2Fsites%2F3%2FScreen-Shot-2020-06-22-at-10.44.59-AM-300x101.png&#038;description=LECTURAS%20DEL%20DIA%20Y%20CATECISMO%20%7C%2022%20JUNIO%202020\" style=\"font-size: 0px;width:48px;height:48px;margin:0;margin-bottom:5px;margin-right:5px\"><img loading=\"lazy\" decoding=\"async\" alt=\"pinterest\" title=\"Pin it with Pinterest\" class=\"synved-share-image synved-social-image synved-social-image-share\" width=\"48\" height=\"48\" style=\"display: inline;width:48px;height:48px;margin: 0;padding: 0;border: none;box-shadow: none\" src=\"https:\/\/fatherbroom.com\/es\/wp-content\/plugins\/social-media-feather\/synved-social\/image\/social\/regular\/96x96\/pinterest.png\" \/><\/a><a class=\"synved-social-button synved-social-button-share synved-social-size-48 synved-social-resolution-single synved-social-provider-linkedin nolightbox\" data-provider=\"linkedin\" target=\"_blank\" rel=\"nofollow\" title=\"Share on Linkedin\" href=\"https:\/\/www.linkedin.com\/shareArticle?mini=true&#038;url=https%3A%2F%2Ffatherbroom.com%2Fes%2Fwp-json%2Fwp%2Fv2%2Fposts%2F22983&#038;title=LECTURAS%20DEL%20DIA%20Y%20CATECISMO%20%7C%2022%20JUNIO%202020\" style=\"font-size: 0px;width:48px;height:48px;margin:0;margin-bottom:5px;margin-right:5px\"><img loading=\"lazy\" decoding=\"async\" alt=\"linkedin\" title=\"Share on Linkedin\" class=\"synved-share-image synved-social-image synved-social-image-share\" width=\"48\" height=\"48\" style=\"display: inline;width:48px;height:48px;margin: 0;padding: 0;border: none;box-shadow: none\" src=\"https:\/\/fatherbroom.com\/es\/wp-content\/plugins\/social-media-feather\/synved-social\/image\/social\/regular\/96x96\/linkedin.png\" \/><\/a><a class=\"synved-social-button synved-social-button-share synved-social-size-48 synved-social-resolution-single synved-social-provider-mail nolightbox\" data-provider=\"mail\" rel=\"nofollow\" title=\"Share by email\" href=\"mailto:?subject=LECTURAS%20DEL%20DIA%20Y%20CATECISMO%20%7C%2022%20JUNIO%202020&#038;body=Hey%20check%20this%20out:%20https%3A%2F%2Ffatherbroom.com%2Fes%2Fwp-json%2Fwp%2Fv2%2Fposts%2F22983\" style=\"font-size: 0px;width:48px;height:48px;margin:0;margin-bottom:5px\"><img loading=\"lazy\" decoding=\"async\" alt=\"mail\" title=\"Share by email\" class=\"synved-share-image synved-social-image synved-social-image-share\" width=\"48\" height=\"48\" style=\"display: inline;width:48px;height:48px;margin: 0;padding: 0;border: none;box-shadow: none\" src=\"https:\/\/fatherbroom.com\/es\/wp-content\/plugins\/social-media-feather\/synved-social\/image\/social\/regular\/96x96\/mail.png\" \/><\/a><\/div>","protected":false},"excerpt":{"rendered":"<p>22 de junio 2020 Lunes de la XII semana de Tiempo ordinario Primera lectura 2 Reyes 17, 5-8. 13-15. 18 En aquellos d\u00edas, Salmanasar, rey de Asiria, invadi\u00f3 el pa\u00eds, lleg\u00f3 a Samaria y la siti\u00f3 durante tres a\u00f1os. En el a\u00f1o noveno de Oseas, el rey de Asiria ocup\u00f3 Samaria y deport\u00f3 a los [&hellip;]<\/p>\n","protected":false},"author":7,"featured_media":0,"comment_status":"open","ping_status":"open","sticky":false,"template":"","format":"standard","meta":{"_genesis_hide_title":false,"_genesis_hide_breadcrumbs":false,"_genesis_hide_singular_image":false,"_genesis_hide_footer_widgets":false,"_genesis_custom_body_class":"","_genesis_custom_post_class":"","_genesis_layout":"","footnotes":""},"categories":[277],"tags":[],"class_list":{"0":"post-22983","1":"post","2":"type-post","3":"status-publish","4":"format-standard","6":"category-lecturas-del-dia","7":"entry"},"_links":{"self":[{"href":"https:\/\/fatherbroom.com\/es\/wp-json\/wp\/v2\/posts\/22983","targetHints":{"allow":["GET"]}}],"collection":[{"href":"https:\/\/fatherbroom.com\/es\/wp-json\/wp\/v2\/posts"}],"about":[{"href":"https:\/\/fatherbroom.com\/es\/wp-json\/wp\/v2\/types\/post"}],"author":[{"embeddable":true,"href":"https:\/\/fatherbroom.com\/es\/wp-json\/wp\/v2\/users\/7"}],"replies":[{"embeddable":true,"href":"https:\/\/fatherbroom.com\/es\/wp-json\/wp\/v2\/comments?post=22983"}],"version-history":[{"count":2,"href":"https:\/\/fatherbroom.com\/es\/wp-json\/wp\/v2\/posts\/22983\/revisions"}],"predecessor-version":[{"id":22987,"href":"https:\/\/fatherbroom.com\/es\/wp-json\/wp\/v2\/posts\/22983\/revisions\/22987"}],"wp:attachment":[{"href":"https:\/\/fatherbroom.com\/es\/wp-json\/wp\/v2\/media?parent=22983"}],"wp:term":[{"taxonomy":"category","embeddable":true,"href":"https:\/\/fatherbroom.com\/es\/wp-json\/wp\/v2\/categories?post=22983"},{"taxonomy":"post_tag","embeddable":true,"href":"https:\/\/fatherbroom.com\/es\/wp-json\/wp\/v2\/tags?post=22983"}],"curies":[{"name":"wp","href":"https:\/\/api.w.org\/{rel}","templated":true}]}}