{"id":22977,"date":"2020-06-23T04:30:02","date_gmt":"2020-06-23T11:30:02","guid":{"rendered":"http:\/\/fatherbroom.com\/es\/?p=22977"},"modified":"2020-06-23T20:35:04","modified_gmt":"2020-06-24T03:35:04","slug":"lecturas-del-dia-y-catecismo-23-junio-2020","status":"publish","type":"post","link":"https:\/\/fatherbroom.com\/es\/2020\/06\/lecturas-del-dia-y-catecismo-23-junio-2020\/","title":{"rendered":"LECTURAS DEL DIA Y CATECISMO | 23 JUNIO 2020"},"content":{"rendered":"<p><img loading=\"lazy\" decoding=\"async\" src=\"http:\/\/fatherbroom.com\/es\/wp-content\/media\/sites\/3\/Screen-Shot-2020-06-21-at-7.21.44-PM-300x167.png\" alt=\"\" width=\"584\" height=\"325\" class=\"aligncenter  wp-image-22980\" srcset=\"https:\/\/fatherbroom.com\/es\/wp-content\/media\/sites\/3\/Screen-Shot-2020-06-21-at-7.21.44-PM-300x167.png 300w, https:\/\/fatherbroom.com\/es\/wp-content\/media\/sites\/3\/Screen-Shot-2020-06-21-at-7.21.44-PM-768x428.png 768w, https:\/\/fatherbroom.com\/es\/wp-content\/media\/sites\/3\/Screen-Shot-2020-06-21-at-7.21.44-PM-1024x570.png 1024w, https:\/\/fatherbroom.com\/es\/wp-content\/media\/sites\/3\/Screen-Shot-2020-06-21-at-7.21.44-PM.png 1340w\" sizes=\"auto, (max-width: 584px) 100vw, 584px\" \/><\/p>\n<h4><strong>23 de junio 2020<\/strong><\/p>\n<p><strong>Martes de la XII semana del Tiempo ordinario<\/strong><\/p>\n<p><strong>Primera lectura<\/strong><\/h4>\n<div class=\"contentarea\">\n<div id=\"cs_control_1386\" class=\"cs_control CS_Element_Schedule\">\n<div title=\"\" id=\"CS_Element_maincontent\">\n<div id=\"gridRow_1_1_1386\" class=\"cs_GridRow\">\n<div id=\"gridCol_1_1_1_1_1386\" class=\"cs_GridColumn\">\n<div id=\"cs_control_3684\" class=\"cs_control  CS_Element_Textblock\">\n<div class=\"CS_Textblock_Text\">\n<div class=\"bibleReadingsWrapper\">\n<h4><strong>2 Reyes 19, 9-11. 14-21. 31-35. 36<\/strong><\/h4>\n<div class=\"poetry\">\n<p><strong>En aquellos d\u00edas, Senaquerib, rey de Asiria, envi\u00f3 mensajeros para decir a Ezequ\u00edas: \u201cD\u00edganle esto a Ezequ\u00edas, rey de Jud\u00e1: \u2018Que no te enga\u00f1e tu Dios, en el que conf\u00edas, pensando que no ser\u00e1 entregada Jerusal\u00e9n en manos del rey de Asiria. Sabes bien que los reyes de Asiria han exterminado a todos los pa\u00edses, \u00bfy crees que s\u00f3lo t\u00fa te vas a librar de m\u00ed?\u2019 \u201d<\/strong><\/p>\n<p><strong>Ezequ\u00edas tom\u00f3 la carta de manos de los mensajeros y la ley\u00f3. Luego se fue al templo, y desenrollando la carta delante del Se\u00f1or, hizo esta oraci\u00f3n:<\/strong><\/p>\n<p><strong>\u201cSe\u00f1or, Dios de Israel, que est\u00e1s sobre los querubines, t\u00fa eres el \u00fanico Dios de todas las naciones del mundo, t\u00fa has hecho los cielos y la tierra. Acerca, Se\u00f1or, tus o\u00eddos y escucha; abre, Se\u00f1or, tus ojos y mira. Oye las palabras con que Senaquerib te ha insultado a ti, Dios vivo. Es cierto, Se\u00f1or, que los reyes de Asiria han exterminado a todas las naciones y han entregado sus dioses al fuego, porque \u00e9sos no son dioses, sino objetos de madera y de piedra, hechos por hombres, y por eso han sido aniquilados. Pero t\u00fa, Se\u00f1or, Dios nuestro, s\u00e1lvanos de su mano para que sepan todas las naciones que s\u00f3lo t\u00fa, Se\u00f1or, eres Dios\u201d.<\/strong><\/p>\n<p><strong>Entonces el profeta Isa\u00edas, hijo de Am\u00f3s, mand\u00f3 decir a Ezequ\u00edas: \u201cEsto dice el Se\u00f1or, Dios de Israel: \u2018He escuchado tu oraci\u00f3n\u2019. Esta es la palabra que el Se\u00f1or pronuncia contra Senaquerib, rey de Asiria:<\/strong><\/p>\n<p><strong>\u2018Te desprecia y se burla de ti<\/strong><br \/><strong>la doncella, la ciudad de Si\u00f3n;<\/strong><br \/><strong>a tus espaldas se r\u00ede de ti<\/strong><br \/><strong>la ciudad de Jerusal\u00e9n.<\/strong><\/p>\n<p><strong>De Jerusal\u00e9n saldr\u00e1 un peque\u00f1o grupo<\/strong><br \/><strong>y del monte Si\u00f3n unos sobrevivientes.<\/strong><br \/><strong>El celo del Se\u00f1or de los ej\u00e9rcitos lo cumplir\u00e1\u2019.<\/strong><\/p>\n<p><strong>Por eso, esto dice el Se\u00f1or contra el rey de Asiria:<\/strong><br \/><strong>\u2018No entrar\u00e1 en esta ciudad.<\/strong><br \/><strong>No lanzar\u00e1 sus flechas contra ella.<\/strong><br \/><strong>No se le acercar\u00e1 con escudos<\/strong><br \/><strong>ni levantar\u00e1 terraplenes frente a ella.<\/strong><br \/><strong>Por el camino por donde vino se volver\u00e1.<\/strong><br \/><strong>No entrar\u00e1 en esta ciudad\u2019.<\/strong><br \/><strong>Lo dice el Se\u00f1or.<\/strong><br \/><strong>\u2018La proteger\u00e9 y la salvar\u00e9<\/strong><br \/><strong>por ser yo quien soy y por David, mi siervo\u2019 \u201d.<\/strong><\/p>\n<p><strong>Aquella misma noche sali\u00f3 el \u00e1ngel del Se\u00f1or e hiri\u00f3 a ciento ochenta y cinco mil hombres en el campamento asirio. Por la ma\u00f1ana, al contemplar los cad\u00e1veres, Senaquerib, rey de Asiria, levant\u00f3 su campamento y regres\u00f3 a N\u00ednive.<\/strong><\/p>\n<\/div>\n<\/div>\n<\/div>\n<\/div>\n<div id=\"cs_control_289228\" class=\"cs_control  CS_Element_Textblock\">\n<div class=\"CS_Textblock_Text\">\n<div class=\"bibleReadingsWrapper\">\n<h4><strong>Salmo Responsorial<\/strong><\/h4>\n<h4><strong>Salmo 47, 2-3a. 3b-4. 9. 10-11<\/strong><\/h4>\n<div class=\"poetry\">\n<p><strong>R. (cf. 9d) Recordamos, Se\u00f1or, tu gran amor.<\/strong><br \/><strong>Grande es el Se\u00f1or y muy digno de alabanza<\/strong><br \/><strong>en la ciudad de nuestro Dios.<\/strong><br \/><strong>Su monte santo, altura hermosa,<\/strong><br \/><strong>es la alegr\u00eda de toda la tierra. R.<\/strong><\/p>\n<p><strong>R. Recordamos, Se\u00f1or, tu gran amor.<\/strong><br \/><strong>El monte Si\u00f3n, en el extremo norte,<\/strong><br \/><strong>es la ciudad del rey supremo.<\/strong><br \/><strong>Entre sus baluartes ha surgido Dios<\/strong><br \/><strong>como una fortaleza inexpugnable. R.<\/strong><br \/><strong>R. Recordamos, Se\u00f1or, tu gran amor.<\/strong><br \/><strong>Recordamos, Se\u00f1or, tu gran amor<\/strong><br \/><strong>en medio de tu templo.<\/strong><br \/><strong>Tu renombre, Se\u00f1or, y tu alabanza,<\/strong><br \/><strong>llenan el mundo entero. R.<\/strong><\/p>\n<p><strong>R. Recordamos, Se\u00f1or, tu gran amor.<\/strong><\/p>\n<\/div>\n<\/div>\n<\/div>\n<\/div>\n<div id=\"cs_control_289230\" class=\"cs_control  CS_Element_Textblock\">\n<div class=\"CS_Textblock_Text\">\n<div class=\"bibleReadingsWrapper\">\n<h4><strong>Aclamaci\u00f3n antes del Evangelio<\/strong><\/h4>\n<h4><strong>Jn 8, 12<\/strong><\/h4>\n<div class=\"poetry\">\n<p><strong>R. Aleluya, aleluya.<\/strong><br \/><strong>Yo soy la luz del mundo, dice el Se\u00f1or;<\/strong><br \/><strong>el que me sigue tendr\u00e1 la luz de la vida.<\/strong><br \/><strong>R. Aleluya.<\/strong><\/p>\n<\/div>\n<\/div>\n<\/div>\n<\/div>\n<div id=\"cs_control_289231\" class=\"cs_control  CS_Element_Textblock\">\n<div class=\"CS_Textblock_Text\">\n<div class=\"bibleReadingsWrapper\">\n<h4><strong>Evangelio<\/strong><\/h4>\n<h4><strong>Mt 7, 6. 12-14<\/strong><\/h4>\n<div class=\"poetry\">\n<p><strong>En aquel tiempo, Jes\u00fas dijo a sus disc\u00edpulos: \u201cNo den a los perros las cosas santas ni echen sus perlas a los cerdos, no sea que las pisoteen y despu\u00e9s se vuelvan contra ustedes y los despedacen.<\/strong><\/p>\n<p><strong>Traten a los dem\u00e1s como quieren que ellos los traten a ustedes. En esto se resumen la ley y los profetas.<\/strong><\/p>\n<p><strong>Entren por la puerta estrecha; porque ancha es la puerta y amplio el camino que conduce a la perdici\u00f3n, y son muchos los que entran por \u00e9l. Pero \u00a1qu\u00e9 estrecha es la puerta y qu\u00e9 angosto el camino que conduce a la vida, y qu\u00e9 pocos son los que lo encuentran!\u201d<\/strong><\/p>\n<\/div>\n<\/div>\n<\/div>\n<\/div>\n<div id=\"cs_control_289214\" class=\"cs_control  CS_Element_Textblock\">\n<div class=\"CS_Textblock_Text\"><strong><img loading=\"lazy\" decoding=\"async\" src=\"http:\/\/fatherbroom.com\/es\/wp-content\/media\/sites\/3\/Screen-Shot-2020-06-21-at-7.22.46-PM-300x100.png\" alt=\"\" width=\"531\" height=\"177\" class=\"aligncenter  wp-image-22981\" srcset=\"https:\/\/fatherbroom.com\/es\/wp-content\/media\/sites\/3\/Screen-Shot-2020-06-21-at-7.22.46-PM-300x100.png 300w, https:\/\/fatherbroom.com\/es\/wp-content\/media\/sites\/3\/Screen-Shot-2020-06-21-at-7.22.46-PM-768x256.png 768w, https:\/\/fatherbroom.com\/es\/wp-content\/media\/sites\/3\/Screen-Shot-2020-06-21-at-7.22.46-PM-1024x342.png 1024w, https:\/\/fatherbroom.com\/es\/wp-content\/media\/sites\/3\/Screen-Shot-2020-06-21-at-7.22.46-PM.png 1336w\" sizes=\"auto, (max-width: 531px) 100vw, 531px\" \/>V. Indicaciones pr\u00e1cticas para el uso de este Catecismo<\/strong><\/p>\n<p><strong>18 Este catecismo est\u00e1 concebido como una exposici\u00f3n org\u00e1nica de toda la fe cat\u00f3lica. Es preciso, por tanto, leerlo como una unidad. Por ello, en los m\u00e1rgenes del texto se remite al lector frecuentemente a otros lugares (se\u00f1alados por n\u00fameros m\u00e1s peque\u00f1os y que se refieren a su vez a otros p\u00e1rrafos que tratan del mismo tema) y, con ayuda del \u00edndice anal\u00edtico al final del volumen, se permite ver cada tema en su vinculaci\u00f3n con el conjunto de la fe.<\/strong><\/p>\n<\/div>\n<\/div>\n<\/div>\n<\/div>\n<\/div>\n<\/div>\n<\/div>\n<div class=\"synved-social-container synved-social-container-share\" style=\"text-align: center\"><a class=\"synved-social-button synved-social-button-share synved-social-size-48 synved-social-resolution-single synved-social-provider-facebook nolightbox\" data-provider=\"facebook\" target=\"_blank\" rel=\"nofollow\" title=\"Share on Facebook\" href=\"https:\/\/www.facebook.com\/sharer.php?u=https%3A%2F%2Ffatherbroom.com%2Fes%2Fwp-json%2Fwp%2Fv2%2Fposts%2F22977&#038;t=LECTURAS%20DEL%20DIA%20Y%20CATECISMO%20%7C%2023%20JUNIO%202020&#038;s=100&#038;p&#091;url&#093;=https%3A%2F%2Ffatherbroom.com%2Fes%2Fwp-json%2Fwp%2Fv2%2Fposts%2F22977&#038;p&#091;images&#093;&#091;0&#093;=http%3A%2F%2Ffatherbroom.com%2Fes%2Fwp-content%2Fmedia%2Fsites%2F3%2FScreen-Shot-2020-06-21-at-7.22.46-PM-300x100.png&#038;p&#091;title&#093;=LECTURAS%20DEL%20DIA%20Y%20CATECISMO%20%7C%2023%20JUNIO%202020\" style=\"font-size: 0px;width:48px;height:48px;margin:0;margin-bottom:5px;margin-right:5px\"><img loading=\"lazy\" decoding=\"async\" alt=\"Facebook\" title=\"Share on Facebook\" class=\"synved-share-image synved-social-image synved-social-image-share\" width=\"48\" height=\"48\" style=\"display: inline;width:48px;height:48px;margin: 0;padding: 0;border: none;box-shadow: none\" src=\"https:\/\/fatherbroom.com\/es\/wp-content\/plugins\/social-media-feather\/synved-social\/image\/social\/regular\/96x96\/facebook.png\" \/><\/a><a class=\"synved-social-button synved-social-button-share synved-social-size-48 synved-social-resolution-single synved-social-provider-twitter nolightbox\" data-provider=\"twitter\" target=\"_blank\" rel=\"nofollow\" title=\"Share on Twitter\" href=\"https:\/\/twitter.com\/intent\/tweet?url=https%3A%2F%2Ffatherbroom.com%2Fes%2Fwp-json%2Fwp%2Fv2%2Fposts%2F22977&#038;text=Hey%20check%20this%20out\" style=\"font-size: 0px;width:48px;height:48px;margin:0;margin-bottom:5px;margin-right:5px\"><img loading=\"lazy\" decoding=\"async\" alt=\"twitter\" title=\"Share on Twitter\" class=\"synved-share-image synved-social-image synved-social-image-share\" width=\"48\" height=\"48\" style=\"display: inline;width:48px;height:48px;margin: 0;padding: 0;border: none;box-shadow: none\" src=\"https:\/\/fatherbroom.com\/es\/wp-content\/plugins\/social-media-feather\/synved-social\/image\/social\/regular\/96x96\/twitter.png\" \/><\/a><a class=\"synved-social-button synved-social-button-share synved-social-size-48 synved-social-resolution-single synved-social-provider-reddit nolightbox\" data-provider=\"reddit\" target=\"_blank\" rel=\"nofollow\" title=\"Share on Reddit\" href=\"https:\/\/www.reddit.com\/submit?url=https%3A%2F%2Ffatherbroom.com%2Fes%2Fwp-json%2Fwp%2Fv2%2Fposts%2F22977&#038;title=LECTURAS%20DEL%20DIA%20Y%20CATECISMO%20%7C%2023%20JUNIO%202020\" style=\"font-size: 0px;width:48px;height:48px;margin:0;margin-bottom:5px;margin-right:5px\"><img loading=\"lazy\" decoding=\"async\" alt=\"reddit\" title=\"Share on Reddit\" class=\"synved-share-image synved-social-image synved-social-image-share\" width=\"48\" height=\"48\" style=\"display: inline;width:48px;height:48px;margin: 0;padding: 0;border: none;box-shadow: none\" src=\"https:\/\/fatherbroom.com\/es\/wp-content\/plugins\/social-media-feather\/synved-social\/image\/social\/regular\/96x96\/reddit.png\" \/><\/a><a class=\"synved-social-button synved-social-button-share synved-social-size-48 synved-social-resolution-single synved-social-provider-pinterest nolightbox\" data-provider=\"pinterest\" target=\"_blank\" rel=\"nofollow\" title=\"Pin it with Pinterest\" href=\"https:\/\/pinterest.com\/pin\/create\/button\/?url=https%3A%2F%2Ffatherbroom.com%2Fes%2Fwp-json%2Fwp%2Fv2%2Fposts%2F22977&#038;media=http%3A%2F%2Ffatherbroom.com%2Fes%2Fwp-content%2Fmedia%2Fsites%2F3%2FScreen-Shot-2020-06-21-at-7.22.46-PM-300x100.png&#038;description=LECTURAS%20DEL%20DIA%20Y%20CATECISMO%20%7C%2023%20JUNIO%202020\" style=\"font-size: 0px;width:48px;height:48px;margin:0;margin-bottom:5px;margin-right:5px\"><img loading=\"lazy\" decoding=\"async\" alt=\"pinterest\" title=\"Pin it with Pinterest\" class=\"synved-share-image synved-social-image synved-social-image-share\" width=\"48\" height=\"48\" style=\"display: inline;width:48px;height:48px;margin: 0;padding: 0;border: none;box-shadow: none\" src=\"https:\/\/fatherbroom.com\/es\/wp-content\/plugins\/social-media-feather\/synved-social\/image\/social\/regular\/96x96\/pinterest.png\" \/><\/a><a class=\"synved-social-button synved-social-button-share synved-social-size-48 synved-social-resolution-single synved-social-provider-linkedin nolightbox\" data-provider=\"linkedin\" target=\"_blank\" rel=\"nofollow\" title=\"Share on Linkedin\" href=\"https:\/\/www.linkedin.com\/shareArticle?mini=true&#038;url=https%3A%2F%2Ffatherbroom.com%2Fes%2Fwp-json%2Fwp%2Fv2%2Fposts%2F22977&#038;title=LECTURAS%20DEL%20DIA%20Y%20CATECISMO%20%7C%2023%20JUNIO%202020\" style=\"font-size: 0px;width:48px;height:48px;margin:0;margin-bottom:5px;margin-right:5px\"><img loading=\"lazy\" decoding=\"async\" alt=\"linkedin\" title=\"Share on Linkedin\" class=\"synved-share-image synved-social-image synved-social-image-share\" width=\"48\" height=\"48\" style=\"display: inline;width:48px;height:48px;margin: 0;padding: 0;border: none;box-shadow: none\" src=\"https:\/\/fatherbroom.com\/es\/wp-content\/plugins\/social-media-feather\/synved-social\/image\/social\/regular\/96x96\/linkedin.png\" \/><\/a><a class=\"synved-social-button synved-social-button-share synved-social-size-48 synved-social-resolution-single synved-social-provider-mail nolightbox\" data-provider=\"mail\" rel=\"nofollow\" title=\"Share by email\" href=\"mailto:?subject=LECTURAS%20DEL%20DIA%20Y%20CATECISMO%20%7C%2023%20JUNIO%202020&#038;body=Hey%20check%20this%20out:%20https%3A%2F%2Ffatherbroom.com%2Fes%2Fwp-json%2Fwp%2Fv2%2Fposts%2F22977\" style=\"font-size: 0px;width:48px;height:48px;margin:0;margin-bottom:5px\"><img loading=\"lazy\" decoding=\"async\" alt=\"mail\" title=\"Share by email\" class=\"synved-share-image synved-social-image synved-social-image-share\" width=\"48\" height=\"48\" style=\"display: inline;width:48px;height:48px;margin: 0;padding: 0;border: none;box-shadow: none\" src=\"https:\/\/fatherbroom.com\/es\/wp-content\/plugins\/social-media-feather\/synved-social\/image\/social\/regular\/96x96\/mail.png\" \/><\/a><\/div>","protected":false},"excerpt":{"rendered":"<p>23 de junio 2020 Martes de la XII semana del Tiempo ordinario Primera lectura 2 Reyes 19, 9-11. 14-21. 31-35. 36 En aquellos d\u00edas, Senaquerib, rey de Asiria, envi\u00f3 mensajeros para decir a Ezequ\u00edas: \u201cD\u00edganle esto a Ezequ\u00edas, rey de Jud\u00e1: \u2018Que no te enga\u00f1e tu Dios, en el que conf\u00edas, pensando que no ser\u00e1 [&hellip;]<\/p>\n","protected":false},"author":7,"featured_media":0,"comment_status":"open","ping_status":"open","sticky":false,"template":"","format":"standard","meta":{"_genesis_hide_title":false,"_genesis_hide_breadcrumbs":false,"_genesis_hide_singular_image":false,"_genesis_hide_footer_widgets":false,"_genesis_custom_body_class":"","_genesis_custom_post_class":"","_genesis_layout":"","footnotes":""},"categories":[277],"tags":[],"class_list":{"0":"post-22977","1":"post","2":"type-post","3":"status-publish","4":"format-standard","6":"category-lecturas-del-dia","7":"entry"},"_links":{"self":[{"href":"https:\/\/fatherbroom.com\/es\/wp-json\/wp\/v2\/posts\/22977","targetHints":{"allow":["GET"]}}],"collection":[{"href":"https:\/\/fatherbroom.com\/es\/wp-json\/wp\/v2\/posts"}],"about":[{"href":"https:\/\/fatherbroom.com\/es\/wp-json\/wp\/v2\/types\/post"}],"author":[{"embeddable":true,"href":"https:\/\/fatherbroom.com\/es\/wp-json\/wp\/v2\/users\/7"}],"replies":[{"embeddable":true,"href":"https:\/\/fatherbroom.com\/es\/wp-json\/wp\/v2\/comments?post=22977"}],"version-history":[{"count":4,"href":"https:\/\/fatherbroom.com\/es\/wp-json\/wp\/v2\/posts\/22977\/revisions"}],"predecessor-version":[{"id":22995,"href":"https:\/\/fatherbroom.com\/es\/wp-json\/wp\/v2\/posts\/22977\/revisions\/22995"}],"wp:attachment":[{"href":"https:\/\/fatherbroom.com\/es\/wp-json\/wp\/v2\/media?parent=22977"}],"wp:term":[{"taxonomy":"category","embeddable":true,"href":"https:\/\/fatherbroom.com\/es\/wp-json\/wp\/v2\/categories?post=22977"},{"taxonomy":"post_tag","embeddable":true,"href":"https:\/\/fatherbroom.com\/es\/wp-json\/wp\/v2\/tags?post=22977"}],"curies":[{"name":"wp","href":"https:\/\/api.w.org\/{rel}","templated":true}]}}