{"id":22966,"date":"2020-06-21T12:08:00","date_gmt":"2020-06-21T19:08:00","guid":{"rendered":"http:\/\/fatherbroom.com\/es\/?p=22966"},"modified":"2020-06-21T12:11:37","modified_gmt":"2020-06-21T19:11:37","slug":"lecturas-del-dia-y-catecismo-21-junio-2020","status":"publish","type":"post","link":"https:\/\/fatherbroom.com\/es\/2020\/06\/lecturas-del-dia-y-catecismo-21-junio-2020\/","title":{"rendered":"LECTURAS DEL DIA Y CATECISMO | 21 JUNIO 2020"},"content":{"rendered":"<p><img loading=\"lazy\" decoding=\"async\" src=\"http:\/\/fatherbroom.com\/es\/wp-content\/media\/sites\/3\/Screen-Shot-2020-06-21-at-12.09.05-PM-300x169.png\" alt=\"\" width=\"653\" height=\"368\" class=\"aligncenter  wp-image-22969\" srcset=\"https:\/\/fatherbroom.com\/es\/wp-content\/media\/sites\/3\/Screen-Shot-2020-06-21-at-12.09.05-PM-300x169.png 300w, https:\/\/fatherbroom.com\/es\/wp-content\/media\/sites\/3\/Screen-Shot-2020-06-21-at-12.09.05-PM-768x434.png 768w, https:\/\/fatherbroom.com\/es\/wp-content\/media\/sites\/3\/Screen-Shot-2020-06-21-at-12.09.05-PM-1024x578.png 1024w, https:\/\/fatherbroom.com\/es\/wp-content\/media\/sites\/3\/Screen-Shot-2020-06-21-at-12.09.05-PM.png 1332w\" sizes=\"auto, (max-width: 653px) 100vw, 653px\" \/><\/p>\n<h4><strong>21 de junio 2020<br \/><\/strong><br \/><strong>XII Domingo Ordinario<\/strong><\/p>\n<p><strong>Primera lectura<\/strong><\/h4>\n<div class=\"contentarea\">\n<div id=\"cs_control_1386\" class=\"cs_control CS_Element_Schedule\">\n<div title=\"\" id=\"CS_Element_maincontent\">\n<div id=\"gridRow_1_1_1386\" class=\"cs_GridRow\">\n<div id=\"gridCol_1_1_1_1_1386\" class=\"cs_GridColumn\">\n<div id=\"cs_control_3684\" class=\"cs_control  CS_Element_Textblock\">\n<div class=\"CS_Textblock_Text\">\n<div class=\"bibleReadingsWrapper\">\n<h4><strong>Jer 20, 10-13<\/strong><\/h4>\n<div class=\"poetry\">\n<p><strong>En aquel tiempo, dijo Jerem\u00edas:<\/strong><br \/><strong>\u201cYo o\u00eda el cuchicheo de la gente que dec\u00eda:<\/strong><br \/><strong>\u2018Denunciemos a Jerem\u00edas,<\/strong><br \/><strong>denunciemos al profeta del terror\u2019.<\/strong><br \/><strong>Todos los que eran mis amigos espiaban mis pasos,<\/strong><br \/><strong>esperaban que tropezara y me cayera, diciendo:<\/strong><br \/><strong>\u2018Si se tropieza y se cae, lo venceremos<\/strong><br \/><strong>y podremos vengarnos de \u00e9l\u2019.<\/strong><\/p>\n<p><strong>Pero el Se\u00f1or, guerrero poderoso, est\u00e1 a mi lado;<\/strong><br \/><strong>por eso mis perseguidores caer\u00e1n por tierra<\/strong><br \/><strong>y no podr\u00e1n conmigo;<\/strong><br \/><strong>quedar\u00e1n avergonzados de su fracaso<\/strong><br \/><strong>y su ignominia ser\u00e1 eterna e inolvidable.<\/strong><\/p>\n<p><strong>Se\u00f1or de los ej\u00e9rcitos, que pones a prueba al justo<\/strong><br \/><strong>y conoces lo m\u00e1s profundo de los corazones,<\/strong><br \/><strong>haz que yo vea tu venganza contra ellos,<\/strong><br \/><strong>porque a ti he encomendado mi causa.<\/strong><\/p>\n<p><strong>Canten y alaben al Se\u00f1or,<\/strong><br \/><strong>porque \u00e9l ha salvado la vida de su pobre<\/strong><br \/><strong>de la mano de los malvados\u201d.<\/strong><\/p>\n<\/div>\n<\/div>\n<\/div>\n<\/div>\n<div id=\"cs_control_289228\" class=\"cs_control  CS_Element_Textblock\">\n<div class=\"CS_Textblock_Text\">\n<div class=\"bibleReadingsWrapper\">\n<h4><strong>Salmo Responsorial<\/strong><\/h4>\n<h4><strong>Salmo 68, 8-10. 14 y 17. 33-35<\/strong><\/h4>\n<div class=\"poetry\">\n<p><strong>R. (14c) Esc\u00fachame, Se\u00f1or, porque eres bueno.<\/strong><br \/><strong>Por ti he sufrido oprobios<\/strong><br \/><strong>y la verg\u00fcenza cubre mi semblante.<\/strong><br \/><strong>Extra\u00f1o soy y advenedizo,<\/strong><br \/><strong>aun para aquellos de mi propia sangre;<\/strong><br \/><strong>pues me devora el celo de tu casa,<\/strong><br \/><strong>el odio del que te odia, en m\u00ed recae.<\/strong><\/p>\n<p><strong>R. Esc\u00fachame, Se\u00f1or, porque eres bueno.<\/strong><br \/><strong>A ti, Se\u00f1or, elevo mi plegaria,<\/strong><br \/><strong>ven en mi ayuda pronto;<\/strong><br \/><strong>esc\u00fachame conforme a tu clemencia,<\/strong><br \/><strong>Dios fiel en el socorro.<\/strong><br \/><strong>Esc\u00fachame, Se\u00f1or, pues eres bueno<\/strong><br \/><strong>y en tu ternura vuelve a m\u00ed tus ojos.<\/strong><\/p>\n<p><strong>R. Esc\u00fachame, Se\u00f1or, porque eres bueno.<\/strong><br \/><strong>Se alegrar\u00e1n, al verlo, los que sufren;<\/strong><br \/><strong>quienes buscan a Dios tendr\u00e1n m\u00e1s \u00e1nimo,<\/strong><br \/><strong>porque el Se\u00f1or jam\u00e1s desoye al pobre<\/strong><br \/><strong>ni olvida al que se encuentra encadenado.<\/strong><br \/><strong>Que lo alaben por esto cielo y tierra,<\/strong><br \/><strong>el mar y cuanto en \u00e9l habita.<\/strong><\/p>\n<p><strong>R. Esc\u00fachame, Se\u00f1or, porque eres bueno.<\/strong><\/p>\n<\/div>\n<\/div>\n<\/div>\n<\/div>\n<div id=\"cs_control_289230\" class=\"cs_control  CS_Element_Textblock\">\n<div class=\"CS_Textblock_Text\">\n<div class=\"bibleReadingsWrapper\">\n<h4><strong>Segunda lectura<\/strong><\/h4>\n<h4><strong>Rom 5, 12-15<\/strong><\/h4>\n<div class=\"poetry\">\n<p><strong>Hermanos: Por un solo hombre entr\u00f3 el pecado en el mundo y por el pecado entr\u00f3 la muerte, as\u00ed la muerte paso a todos los hombres, porque todos pecaron.<\/strong><\/p>\n<p><strong>Antes de la ley de Mois\u00e9s ya exist\u00eda el pecado en el mundo y, si bien es cierto que el pecado no se castiga cuando no hay ley, sin embargo, la muerte rein\u00f3 desde Ad\u00e1n hasta Mois\u00e9s aun sobre aqu\u00e9llos que no pecaron como pec\u00f3 Ad\u00e1n, cuando desobedeci\u00f3 un mandato directo de Dios. Por lo dem\u00e1s, Ad\u00e1n era figura de Cristo, el que hab\u00eda de venir.<\/strong><\/p>\n<p><strong>Ahora bien, el don de Dios supera con mucho al delito. Pues si por el pecado de uno solo hombre todos fueron castigados con la muerte, por el don de un solo hombre, Jesucristo, se ha desbordado sobre todos la abundancia de la vida y la gracia de Dios.<\/strong><\/p>\n<\/div>\n<\/div>\n<div class=\"bibleReadingsWrapper\">\n<h4><strong>Aclamaci\u00f3n antes del Evangelio<\/strong><\/h4>\n<h4><strong>Jn 15, 26b. 27a<\/strong><\/h4>\n<div class=\"poetry\">\n<p><strong>R. Aleluya, aleluya.<\/strong><br \/><strong>El Esp\u00edritu de verdad dar\u00e1 testimonio de m\u00ed, dice el Se\u00f1or,<\/strong><br \/><strong>y tambi\u00e9n ustedes ser\u00e1n mis testigos.<\/strong><br \/><strong>R. Aleluya.<\/strong><\/p>\n<\/div>\n<\/div>\n<\/div>\n<\/div>\n<div id=\"cs_control_289231\" class=\"cs_control  CS_Element_Textblock\">\n<div class=\"CS_Textblock_Text\">\n<div class=\"bibleReadingsWrapper\">\n<h4><strong>Evangelio<\/strong><\/h4>\n<h4><strong>Mt 10, 26-33<\/strong><\/h4>\n<div class=\"poetry\">\n<p><strong>En aquel tiempo, Jes\u00fas dijo a sus ap\u00f3stoles: \u201cNo teman a los hombres. No hay nada oculto que no llegue a descubrirse; no hay nada secreto que no llegue a saberse. Lo que les digo de noche, rep\u00edtanlo en pleno d\u00eda, y lo que les digo al o\u00eddo, preg\u00f3nenlo desde las azoteas.<\/strong><\/p>\n<p><strong>No tengan miedo a los que matan el cuerpo, pero no pueden matar el alma. Teman, m\u00e1s bien, a quien puede arrojar al lugar de castigo el alma y el cuerpo.<\/strong><\/p>\n<p><strong>\u00bfNo es verdad que se venden dos pajarillos por una moneda? Sin embargo, ni uno solo de ellos cae por tierra si no lo permite el Padre. En cuanto a ustedes, hasta los cabellos de su cabeza est\u00e1n contados. Por lo tanto, no tengan miedo, porque ustedes valen mucho m\u00e1s que todos los p\u00e1jaros del mundo.<\/strong><\/p>\n<p><strong>A quien me reconozca delante de los hombres, yo tambi\u00e9n lo reconocer\u00e9 ante mi Padre, que est\u00e1 en los cielos; pero al que me niegue delante de los hombres, yo tambi\u00e9n lo negar\u00e9 ante mi Padre, que est\u00e1 en los cielos\u201d.<\/strong><\/p>\n<p><img loading=\"lazy\" decoding=\"async\" src=\"http:\/\/fatherbroom.com\/es\/wp-content\/media\/sites\/3\/Screen-Shot-2020-06-21-at-12.10.24-PM-300x100.png\" alt=\"\" width=\"519\" height=\"173\" class=\"aligncenter  wp-image-22970\" srcset=\"https:\/\/fatherbroom.com\/es\/wp-content\/media\/sites\/3\/Screen-Shot-2020-06-21-at-12.10.24-PM-300x100.png 300w, https:\/\/fatherbroom.com\/es\/wp-content\/media\/sites\/3\/Screen-Shot-2020-06-21-at-12.10.24-PM-768x256.png 768w, https:\/\/fatherbroom.com\/es\/wp-content\/media\/sites\/3\/Screen-Shot-2020-06-21-at-12.10.24-PM-1024x341.png 1024w, https:\/\/fatherbroom.com\/es\/wp-content\/media\/sites\/3\/Screen-Shot-2020-06-21-at-12.10.24-PM.png 1332w\" sizes=\"auto, (max-width: 519px) 100vw, 519px\" \/><br \/><strong>Catecismo de la Iglesia Cat\u00f3lica<\/strong><\/p>\n<p><strong>Tercera parte: La vida de fe<\/strong><\/p>\n<p><strong>16 La tercera parte del catecismo presenta el fin \u00faltimo del hombre, creado a imagen de Dios: la bienaventuranza, y los caminos para llegar a ella: mediante un obrar recto y libre, con la ayuda de la ley y de la gracia de Dios (primera secci\u00f3n); mediante un obrar que realiza el doble mandamiento de la caridad, desarrollado en los diez mandamientos de Dios (segunda secci\u00f3n).<\/strong><\/p>\n<p><b><\/b><\/p>\n<\/div>\n<\/div>\n<\/div>\n<\/div>\n<\/div>\n<\/div>\n<\/div>\n<\/div>\n<\/div>\n<div class=\"synved-social-container synved-social-container-share\" style=\"text-align: center\"><a class=\"synved-social-button synved-social-button-share synved-social-size-48 synved-social-resolution-single synved-social-provider-facebook nolightbox\" data-provider=\"facebook\" target=\"_blank\" rel=\"nofollow\" title=\"Share on Facebook\" href=\"https:\/\/www.facebook.com\/sharer.php?u=https%3A%2F%2Ffatherbroom.com%2Fes%2Fwp-json%2Fwp%2Fv2%2Fposts%2F22966&#038;t=LECTURAS%20DEL%20DIA%20Y%20CATECISMO%20%7C%2021%20JUNIO%202020&#038;s=100&#038;p&#091;url&#093;=https%3A%2F%2Ffatherbroom.com%2Fes%2Fwp-json%2Fwp%2Fv2%2Fposts%2F22966&#038;p&#091;images&#093;&#091;0&#093;=http%3A%2F%2Ffatherbroom.com%2Fes%2Fwp-content%2Fmedia%2Fsites%2F3%2FScreen-Shot-2020-06-21-at-12.10.24-PM-300x100.png&#038;p&#091;title&#093;=LECTURAS%20DEL%20DIA%20Y%20CATECISMO%20%7C%2021%20JUNIO%202020\" style=\"font-size: 0px;width:48px;height:48px;margin:0;margin-bottom:5px;margin-right:5px\"><img loading=\"lazy\" decoding=\"async\" alt=\"Facebook\" title=\"Share on Facebook\" class=\"synved-share-image synved-social-image synved-social-image-share\" width=\"48\" height=\"48\" style=\"display: inline;width:48px;height:48px;margin: 0;padding: 0;border: none;box-shadow: none\" src=\"https:\/\/fatherbroom.com\/es\/wp-content\/plugins\/social-media-feather\/synved-social\/image\/social\/regular\/96x96\/facebook.png\" \/><\/a><a class=\"synved-social-button synved-social-button-share synved-social-size-48 synved-social-resolution-single synved-social-provider-twitter nolightbox\" data-provider=\"twitter\" target=\"_blank\" rel=\"nofollow\" title=\"Share on Twitter\" href=\"https:\/\/twitter.com\/intent\/tweet?url=https%3A%2F%2Ffatherbroom.com%2Fes%2Fwp-json%2Fwp%2Fv2%2Fposts%2F22966&#038;text=Hey%20check%20this%20out\" style=\"font-size: 0px;width:48px;height:48px;margin:0;margin-bottom:5px;margin-right:5px\"><img loading=\"lazy\" decoding=\"async\" alt=\"twitter\" title=\"Share on Twitter\" class=\"synved-share-image synved-social-image synved-social-image-share\" width=\"48\" height=\"48\" style=\"display: inline;width:48px;height:48px;margin: 0;padding: 0;border: none;box-shadow: none\" src=\"https:\/\/fatherbroom.com\/es\/wp-content\/plugins\/social-media-feather\/synved-social\/image\/social\/regular\/96x96\/twitter.png\" \/><\/a><a class=\"synved-social-button synved-social-button-share synved-social-size-48 synved-social-resolution-single synved-social-provider-reddit nolightbox\" data-provider=\"reddit\" target=\"_blank\" rel=\"nofollow\" title=\"Share on Reddit\" href=\"https:\/\/www.reddit.com\/submit?url=https%3A%2F%2Ffatherbroom.com%2Fes%2Fwp-json%2Fwp%2Fv2%2Fposts%2F22966&#038;title=LECTURAS%20DEL%20DIA%20Y%20CATECISMO%20%7C%2021%20JUNIO%202020\" style=\"font-size: 0px;width:48px;height:48px;margin:0;margin-bottom:5px;margin-right:5px\"><img loading=\"lazy\" decoding=\"async\" alt=\"reddit\" title=\"Share on Reddit\" class=\"synved-share-image synved-social-image synved-social-image-share\" width=\"48\" height=\"48\" style=\"display: inline;width:48px;height:48px;margin: 0;padding: 0;border: none;box-shadow: none\" src=\"https:\/\/fatherbroom.com\/es\/wp-content\/plugins\/social-media-feather\/synved-social\/image\/social\/regular\/96x96\/reddit.png\" \/><\/a><a class=\"synved-social-button synved-social-button-share synved-social-size-48 synved-social-resolution-single synved-social-provider-pinterest nolightbox\" data-provider=\"pinterest\" target=\"_blank\" rel=\"nofollow\" title=\"Pin it with Pinterest\" href=\"https:\/\/pinterest.com\/pin\/create\/button\/?url=https%3A%2F%2Ffatherbroom.com%2Fes%2Fwp-json%2Fwp%2Fv2%2Fposts%2F22966&#038;media=http%3A%2F%2Ffatherbroom.com%2Fes%2Fwp-content%2Fmedia%2Fsites%2F3%2FScreen-Shot-2020-06-21-at-12.10.24-PM-300x100.png&#038;description=LECTURAS%20DEL%20DIA%20Y%20CATECISMO%20%7C%2021%20JUNIO%202020\" style=\"font-size: 0px;width:48px;height:48px;margin:0;margin-bottom:5px;margin-right:5px\"><img loading=\"lazy\" decoding=\"async\" alt=\"pinterest\" title=\"Pin it with Pinterest\" class=\"synved-share-image synved-social-image synved-social-image-share\" width=\"48\" height=\"48\" style=\"display: inline;width:48px;height:48px;margin: 0;padding: 0;border: none;box-shadow: none\" src=\"https:\/\/fatherbroom.com\/es\/wp-content\/plugins\/social-media-feather\/synved-social\/image\/social\/regular\/96x96\/pinterest.png\" \/><\/a><a class=\"synved-social-button synved-social-button-share synved-social-size-48 synved-social-resolution-single synved-social-provider-linkedin nolightbox\" data-provider=\"linkedin\" target=\"_blank\" rel=\"nofollow\" title=\"Share on Linkedin\" href=\"https:\/\/www.linkedin.com\/shareArticle?mini=true&#038;url=https%3A%2F%2Ffatherbroom.com%2Fes%2Fwp-json%2Fwp%2Fv2%2Fposts%2F22966&#038;title=LECTURAS%20DEL%20DIA%20Y%20CATECISMO%20%7C%2021%20JUNIO%202020\" style=\"font-size: 0px;width:48px;height:48px;margin:0;margin-bottom:5px;margin-right:5px\"><img loading=\"lazy\" decoding=\"async\" alt=\"linkedin\" title=\"Share on Linkedin\" class=\"synved-share-image synved-social-image synved-social-image-share\" width=\"48\" height=\"48\" style=\"display: inline;width:48px;height:48px;margin: 0;padding: 0;border: none;box-shadow: none\" src=\"https:\/\/fatherbroom.com\/es\/wp-content\/plugins\/social-media-feather\/synved-social\/image\/social\/regular\/96x96\/linkedin.png\" \/><\/a><a class=\"synved-social-button synved-social-button-share synved-social-size-48 synved-social-resolution-single synved-social-provider-mail nolightbox\" data-provider=\"mail\" rel=\"nofollow\" title=\"Share by email\" href=\"mailto:?subject=LECTURAS%20DEL%20DIA%20Y%20CATECISMO%20%7C%2021%20JUNIO%202020&#038;body=Hey%20check%20this%20out:%20https%3A%2F%2Ffatherbroom.com%2Fes%2Fwp-json%2Fwp%2Fv2%2Fposts%2F22966\" style=\"font-size: 0px;width:48px;height:48px;margin:0;margin-bottom:5px\"><img loading=\"lazy\" decoding=\"async\" alt=\"mail\" title=\"Share by email\" class=\"synved-share-image synved-social-image synved-social-image-share\" width=\"48\" height=\"48\" style=\"display: inline;width:48px;height:48px;margin: 0;padding: 0;border: none;box-shadow: none\" src=\"https:\/\/fatherbroom.com\/es\/wp-content\/plugins\/social-media-feather\/synved-social\/image\/social\/regular\/96x96\/mail.png\" \/><\/a><\/div>","protected":false},"excerpt":{"rendered":"<p>21 de junio 2020XII Domingo Ordinario Primera lectura Jer 20, 10-13 En aquel tiempo, dijo Jerem\u00edas:\u201cYo o\u00eda el cuchicheo de la gente que dec\u00eda:\u2018Denunciemos a Jerem\u00edas,denunciemos al profeta del terror\u2019.Todos los que eran mis amigos espiaban mis pasos,esperaban que tropezara y me cayera, diciendo:\u2018Si se tropieza y se cae, lo venceremosy podremos vengarnos de \u00e9l\u2019. [&hellip;]<\/p>\n","protected":false},"author":7,"featured_media":0,"comment_status":"open","ping_status":"open","sticky":false,"template":"","format":"standard","meta":{"_genesis_hide_title":false,"_genesis_hide_breadcrumbs":false,"_genesis_hide_singular_image":false,"_genesis_hide_footer_widgets":false,"_genesis_custom_body_class":"","_genesis_custom_post_class":"","_genesis_layout":"","footnotes":""},"categories":[277],"tags":[],"class_list":{"0":"post-22966","1":"post","2":"type-post","3":"status-publish","4":"format-standard","6":"category-lecturas-del-dia","7":"entry"},"_links":{"self":[{"href":"https:\/\/fatherbroom.com\/es\/wp-json\/wp\/v2\/posts\/22966","targetHints":{"allow":["GET"]}}],"collection":[{"href":"https:\/\/fatherbroom.com\/es\/wp-json\/wp\/v2\/posts"}],"about":[{"href":"https:\/\/fatherbroom.com\/es\/wp-json\/wp\/v2\/types\/post"}],"author":[{"embeddable":true,"href":"https:\/\/fatherbroom.com\/es\/wp-json\/wp\/v2\/users\/7"}],"replies":[{"embeddable":true,"href":"https:\/\/fatherbroom.com\/es\/wp-json\/wp\/v2\/comments?post=22966"}],"version-history":[{"count":3,"href":"https:\/\/fatherbroom.com\/es\/wp-json\/wp\/v2\/posts\/22966\/revisions"}],"predecessor-version":[{"id":22971,"href":"https:\/\/fatherbroom.com\/es\/wp-json\/wp\/v2\/posts\/22966\/revisions\/22971"}],"wp:attachment":[{"href":"https:\/\/fatherbroom.com\/es\/wp-json\/wp\/v2\/media?parent=22966"}],"wp:term":[{"taxonomy":"category","embeddable":true,"href":"https:\/\/fatherbroom.com\/es\/wp-json\/wp\/v2\/categories?post=22966"},{"taxonomy":"post_tag","embeddable":true,"href":"https:\/\/fatherbroom.com\/es\/wp-json\/wp\/v2\/tags?post=22966"}],"curies":[{"name":"wp","href":"https:\/\/api.w.org\/{rel}","templated":true}]}}