{"id":22944,"date":"2020-06-20T05:00:07","date_gmt":"2020-06-20T12:00:07","guid":{"rendered":"http:\/\/fatherbroom.com\/es\/?p=22944"},"modified":"2020-06-20T09:57:23","modified_gmt":"2020-06-20T16:57:23","slug":"solemnidad-del-sagrado-corazon-de-jesus-lecturas-del-dia-19-junio-2020-2","status":"publish","type":"post","link":"https:\/\/fatherbroom.com\/es\/2020\/06\/solemnidad-del-sagrado-corazon-de-jesus-lecturas-del-dia-19-junio-2020-2\/","title":{"rendered":"INMACULADO CORAZON DE MARIA | LECTURAS DEL DIA | 20 JUNIO 2020"},"content":{"rendered":"<p><img loading=\"lazy\" decoding=\"async\" src=\"http:\/\/fatherbroom.com\/es\/wp-content\/media\/sites\/3\/Screen-Shot-2020-06-19-at-10.18.17-PM-300x169.png\" alt=\"\" width=\"644\" height=\"363\" class=\"aligncenter  wp-image-22946\" srcset=\"https:\/\/fatherbroom.com\/es\/wp-content\/media\/sites\/3\/Screen-Shot-2020-06-19-at-10.18.17-PM-300x169.png 300w, https:\/\/fatherbroom.com\/es\/wp-content\/media\/sites\/3\/Screen-Shot-2020-06-19-at-10.18.17-PM-768x432.png 768w, https:\/\/fatherbroom.com\/es\/wp-content\/media\/sites\/3\/Screen-Shot-2020-06-19-at-10.18.17-PM-1024x576.png 1024w, https:\/\/fatherbroom.com\/es\/wp-content\/media\/sites\/3\/Screen-Shot-2020-06-19-at-10.18.17-PM.png 1372w\" sizes=\"auto, (max-width: 644px) 100vw, 644px\" \/><\/p>\n<h4><strong>20 de junio 2020<\/strong><\/h4>\n<h4 class=\"imgLine marginBottom10\"><strong>Inmaculado\u00a0Coraz\u00f3n de Mar\u00eda<\/strong><br \/><strong>Primera lectura<\/strong><\/h4>\n<div class=\"contentarea\">\n<div id=\"cs_control_1386\" class=\"cs_control CS_Element_Schedule\">\n<div title=\"\" id=\"CS_Element_maincontent\">\n<div id=\"gridRow_1_1_1386\" class=\"cs_GridRow\">\n<div id=\"gridCol_1_1_1_1_1386\" class=\"cs_GridColumn\">\n<div id=\"cs_control_157991\" class=\"cs_control  lecturas-block\">\n<div id=\"cs_control_3684\" class=\"cs_control  CS_Element_Textblock\">\n<div class=\"CS_Textblock_Text\">\n<div class=\"bibleReadingsWrapper\">\n<h4><strong>2 Cron 24, 17-25<\/strong><\/h4>\n<div class=\"poetry\">\n<p><strong>Despu\u00e9s de la muerte del sacerdote Yehoyad\u00e1, vinieron los jefes de Jud\u00e1 a postrarse ante el rey; a \u00e9ste, sobornado por sus regalos, le pareci\u00f3 bien lo que le propusieron. Entonces abandonaron el templo del Se\u00f1or, Dios de sus padres, y dieron culto a los bosques sagrados y a los \u00eddolos. Este pecado provoc\u00f3 la ira de Dios sobre Jud\u00e1 y Jerusal\u00e9n. El Se\u00f1or les envi\u00f3 profetas para que se arrepintieran, pero no hicieron caso a sus amonestaciones.<\/strong><\/p>\n<p><strong>Entonces el esp\u00edritu de Dios inspir\u00f3 a Zacar\u00edas, hijo del sacerdote Yehoyad\u00e1, para que se presentara ante el pueblo y le dijera: \u201cEsto dice el Se\u00f1or Dios: \u2018\u00bfPor qu\u00e9 quebrantan los preceptos de Dios? Van al fracaso. Han abandonado al Se\u00f1or y \u00e9l los abandonar\u00e1 a ustedes\u2019 \u201d.<\/strong><\/p>\n<p><strong>Pero el pueblo conspir\u00f3 contra \u00e9l y, por orden del rey, lo apedrearon en el atrio del templo. El rey Jo\u00e1s no tuvo en cuenta el bien que le hab\u00eda hecho Yehoyad\u00e1 y mat\u00f3 a su hijo, Zacar\u00edas, quien exclam\u00f3 al morir: \u201cQue el Se\u00f1or te juzgue y te pida cuentas\u201d.<\/strong><\/p>\n<p><strong>Al cabo de un a\u00f1o, el ej\u00e9rcito sirio se dirigi\u00f3 contra Jo\u00e1s y penetr\u00f3 en Jud\u00e1 y en Jerusal\u00e9n; mataron a todos los jefes del pueblo y enviaron todo el bot\u00edn al rey de Damasco. Aunque no era muy numeroso el ej\u00e9rcito sirio, el Se\u00f1or le dio la victoria sobre el enorme ej\u00e9rcito de los jud\u00edos, porque el pueblo hab\u00eda abandonado al Se\u00f1or, Dios de sus padres. As\u00ed fue como se hizo justicia contra Jo\u00e1s. Al retirarse los sirios, lo dejaron gravemente herido y entonces sus cortesanos conspiraron contra \u00e9l para vengar al hijo del sacerdote Yehoyad\u00e1, y lo asesinaron en su cama. Lo enterraron en la ciudad de David, pero no le dieron sepultura en las tumbas de los reyes.<\/strong><\/p>\n<\/div>\n<\/div>\n<\/div>\n<\/div>\n<div id=\"cs_control_289228\" class=\"cs_control  CS_Element_Textblock\">\n<div class=\"CS_Textblock_Text\">\n<div class=\"bibleReadingsWrapper\">\n<h4><strong>Salmo Responsorial<\/strong><\/h4>\n<h4><strong>Salmo 88, 4-5. 29-30. 31-32. 33-34<\/strong><\/h4>\n<div class=\"poetry\">\n<p><strong>R. (29a) Proclamar\u00e9 sin cesar la misericordia del Se\u00f1or.<\/strong><br \/><strong>\u201cUn juramento hice a David, mi servidor, dice el Se\u00f1or,<\/strong><br \/><strong>una alianza pact\u00e9 con mi elegido:<\/strong><br \/><strong>\u2018Consolidar\u00e9 tu dinast\u00eda para siempre<\/strong><br \/><strong>y afianzar\u00e9 tu trono eternamente\u2019. R.<\/strong><\/p>\n<p><strong>R. Proclamar\u00e9 sin cesar la misericordia del Se\u00f1or.<\/strong><br \/><strong>Yo jam\u00e1s le retirar\u00e9 mi amor<\/strong><br \/><strong>ni violar\u00e9 el juramento que le hice.<\/strong><br \/><strong>Nunca se extinguir\u00e1 su descendencia<\/strong><br \/><strong>y su trono durar\u00e1 igual que el cielo. R.<\/strong><\/p>\n<p><strong>R. Proclamar\u00e9 sin cesar la misericordia del Se\u00f1or.<\/strong><br \/><strong>Pero, si sus hijos abandonan mi ley<\/strong><br \/><strong>y no cumplen mis mandatos,<\/strong><br \/><strong>si violan mis preceptos<\/strong><br \/><strong>y no guardan mi alianza,<\/strong><br \/><strong>castigar\u00e9 con la vara sus pecados<\/strong><br \/><strong>y con el l\u00e1tigo sus culpas,<\/strong><br \/><strong>pero no les retirar\u00e9 mi favor. R.<\/strong><\/p>\n<p><strong>R. Proclamar\u00e9 sin cesar la misericordia del Se\u00f1or.<\/strong><br \/><strong>No desmentir\u00e9 mi fidelidad,<\/strong><br \/><strong>no violar\u00e9 mi alianza<\/strong><br \/><strong>ni cambiar\u00e9 mis promesas\u201d. R.<\/strong><\/p>\n<p><strong>R. Proclamar\u00e9 sin cesar la misericordia del Se\u00f1or.<\/strong><\/p>\n<\/div>\n<\/div>\n<\/div>\n<\/div>\n<div id=\"cs_control_289230\" class=\"cs_control  CS_Element_Textblock\">\n<div class=\"CS_Textblock_Text\">\n<div class=\"bibleReadingsWrapper\">\n<h4><strong>Aclamaci\u00f3n antes del Evangelio\u00a0Cfr Lc 2, 19<\/strong><\/h4>\n<div class=\"poetry\">\n<p><strong>R.    Aleluya, aleluya.<\/strong><br \/><strong>Dichosa la Virgen Mar\u00eda,<\/strong><br \/><strong>que guardaba la palabra de Dios<\/strong><br \/><strong>y la meditaba en su coraz\u00f3n.<\/strong><br \/><strong>R.    Aleluya.<\/strong><\/p>\n<\/div>\n<\/div>\n<\/div>\n<\/div>\n<div id=\"cs_control_289231\" class=\"cs_control  CS_Element_Textblock\">\n<div class=\"CS_Textblock_Text\">\n<div class=\"bibleReadingsWrapper\">\n<h4><strong>Evangelio\u00a0Lc 2, 41-51<\/strong><\/h4>\n<div class=\"poetry\">\n<p><strong>Los padres de Jes\u00fas sol\u00edan ir cada a\u00f1o a Jerusal\u00e9n para las festividades de la Pascua. Cuando el ni\u00f1o cumpli\u00f3 doce a\u00f1os, fueron a la fiesta, seg\u00fan la costumbre. Pasados aquellos d\u00edas, se volvieron; pero el ni\u00f1o Jes\u00fas se qued\u00f3 en Jerusal\u00e9n, sin que sus padres lo supieran. Creyendo que iba en la caravana, hicieron un d\u00eda de camino; entonces lo buscaron, y al no encontrarlo, regresaron a Jerusal\u00e9n en su busca.<\/strong><\/p>\n<p><strong>Al tercer d\u00eda lo encontraron en el templo, sentado en medio de los doctores, escuch\u00e1ndolos y haci\u00e9ndoles preguntas. Todos los que lo o\u00edan se admiraban de su inteligencia y de sus respuestas. Al verlo, sus padres se quedaron at\u00f3nitos y su madre le dijo: \u201cHijo m\u00edo, \u00bfpor qu\u00e9 te has portado as\u00ed con nosotros? Tu padre y yo te hemos estado buscando llenos de angustia\u201d. \u00c9l les respondi\u00f3: \u201c\u00bfPor qu\u00e9 me andaban buscando? \u00bfNo sab\u00edan que debo ocuparme en las cosas de mi Padre?\u201d Ellos no entendieron la respuesta que les dio. Entonces volvi\u00f3 con ellos a Nazaret y sigui\u00f3 sujeto a su autoridad. Su madre conservaba en su coraz\u00f3n todas aquellas cosas.<\/p>\n<p><img loading=\"lazy\" decoding=\"async\" src=\"http:\/\/fatherbroom.com\/es\/wp-content\/media\/sites\/3\/Screen-Shot-2020-06-19-at-10.22.11-PM-300x100.png\" alt=\"\" width=\"564\" height=\"188\" class=\"aligncenter  wp-image-22948\" srcset=\"https:\/\/fatherbroom.com\/es\/wp-content\/media\/sites\/3\/Screen-Shot-2020-06-19-at-10.22.11-PM-300x100.png 300w, https:\/\/fatherbroom.com\/es\/wp-content\/media\/sites\/3\/Screen-Shot-2020-06-19-at-10.22.11-PM-768x255.png 768w, https:\/\/fatherbroom.com\/es\/wp-content\/media\/sites\/3\/Screen-Shot-2020-06-19-at-10.22.11-PM-1024x340.png 1024w, https:\/\/fatherbroom.com\/es\/wp-content\/media\/sites\/3\/Screen-Shot-2020-06-19-at-10.22.11-PM.png 1336w\" sizes=\"auto, (max-width: 564px) 100vw, 564px\" \/><\/p>\n<p><\/strong><\/p>\n<p><strong>Segunda parte: Los sacramentos de la fe<\/strong><\/p>\n<p><strong>15 La segunda parte del catecismo expone c\u00f3mo la salvaci\u00f3n de Dios, realizada una vez por todas por Cristo Jes\u00fas y por el Esp\u00edritu Santo, se hace presente en las acciones sagradas de la liturgia de la Iglesia (primera secci\u00f3n), particularmente en los siete sacramentos (segunda secci\u00f3n).<\/strong><\/p>\n<p align=\"left\"><strong><span style=\"font-size: medium\"><\/p>\n<p><img loading=\"lazy\" decoding=\"async\" src=\"http:\/\/fatherbroom.com\/es\/wp-content\/media\/sites\/3\/IMG_4148-300x200.jpg\" alt=\"\" width=\"569\" height=\"379\" class=\"aligncenter  wp-image-22949\" srcset=\"https:\/\/fatherbroom.com\/es\/wp-content\/media\/sites\/3\/IMG_4148-300x200.jpg 300w, https:\/\/fatherbroom.com\/es\/wp-content\/media\/sites\/3\/IMG_4148-768x512.jpg 768w, https:\/\/fatherbroom.com\/es\/wp-content\/media\/sites\/3\/IMG_4148-1024x683.jpg 1024w\" sizes=\"auto, (max-width: 569px) 100vw, 569px\" \/><br \/><\/span><\/strong><\/p>\n<h4 style=\"text-align: center\"><strong>LETAN\u00cdAS AL INMACULADO CORAZ\u00d3N DE MAR\u00cdA<\/strong><\/h4>\n<p><strong>Se\u00f1or, ten piedad<em>.\u00a0&#8211;        \u00a0\u00a0 Se\u00f1or, ten piedad. <br \/><\/em>Cristo, ten piedad. <em>&#8211;        \u00a0\u00a0 Cristo, ten piedad. <br \/><\/em>Se\u00f1or, ten piedad.\u00a0<em>&#8211;        \u00a0\u00a0 Se\u00f1or, ten piedad. <br \/><\/em>Cristo, \u00f3yenos. <em>&#8211;        \u00a0\u00a0 Cristo, \u00f3yenos. <br \/><\/em>Cristo, esc\u00fachanos. <em>    &#8211;        \u00a0\u00a0 Cristo, esc\u00fachanos. <br \/><\/em>Dios Padre celestial. <em>&#8211;         Ten misericordia de nosotros. <br \/><\/em>Dios Hijo Redentor del mundo.<em>\u00a0&#8211;        \u00a0Ten misericordia de nosotros. <br \/><\/em>Dios Esp\u00edritu Santo. <em>    \u00a0&#8211;         Ten misericordia de nosotros. <br \/><\/em>Trinidad\u00a0Santa, un solo Dios. <em>\u00a0&#8211;         \u00a0Ten misericordia de nosotros.<\/p>\n<p><\/em>En cada una de las siguientes invocaciones se contesta:<br \/><em>&#8211;        <\/em><em>Ruega por nosotros.<\/em><\/strong><\/p>\n<p><strong><em>Santa Mar\u00eda<br \/><\/em><em>Coraz\u00f3n Inmaculado de Mar\u00eda<br \/><\/em><em>Coraz\u00f3n de Mar\u00eda<\/em>, lleno de gracia<\/strong><br \/><strong><em>Coraz\u00f3n de Mar\u00eda<\/em>, vaso del amor m\u00e1s puro<\/strong><br \/><strong><em>Coraz\u00f3n de Mar\u00eda<\/em>, consagrado \u00edntegro a Dios<\/strong><br \/><strong><em>Coraz\u00f3n de Mar\u00eda<\/em>, preservado de todo pecado<\/strong><br \/><strong><em>Coraz\u00f3n de Mar\u00eda<\/em>, morada de la Sant\u00edsima Trinidad<\/strong><br \/><strong><em>Coraz\u00f3n de Mar\u00eda<\/em>, delicia del Padre en la Creaci\u00f3n<\/strong><br \/><strong><em>Coraz\u00f3n de Mar\u00eda<\/em>, instrumento del Hijo en la Redenci\u00f3n<\/strong><br \/><strong><em>Coraz\u00f3n de Mar\u00eda<\/em>, la esposa del Esp\u00edritu Santo<\/strong><br \/><strong><em>Coraz\u00f3n de Mar\u00eda<\/em>, abismo y prodigio de humildad<\/strong><br \/><strong><em>Coraz\u00f3n de Mar\u00eda<\/em>, medianero de todas las gracias<\/strong><br \/><strong><em>Coraz\u00f3n de Mar\u00eda<\/em>, latiendo al un\u00edsono con el Coraz\u00f3n de Jes\u00fas<\/strong><br \/><strong><em>Coraz\u00f3n de Mar\u00eda<\/em>, gozando siempre de la visi\u00f3n beat\u00edfica<\/strong><br \/><strong><em>Coraz\u00f3n de Mar\u00eda<\/em>, holocausto del amor divino<\/strong><br \/><strong><em>Coraz\u00f3n de Mar\u00eda<\/em>, abogado ante la justicia divina<\/strong><br \/><strong><em>Coraz\u00f3n de Mar\u00eda<\/em>, traspasado de una espada<\/strong><br \/><strong><em>Coraz\u00f3n de Mar\u00eda<\/em>, coronado de espinas por nuestros pecados<\/strong><br \/><strong><em>Coraz\u00f3n de Mar\u00eda<\/em>, agonizando en la Pasi\u00f3n de tu Hijo<\/strong><br \/><strong><em>Coraz\u00f3n de Mar\u00eda<\/em>, exultando en la resurrecci\u00f3n de tu Hijo<\/strong><br \/><strong><em>Coraz\u00f3n de Mar\u00eda<\/em>, triunfando eternamente con Jesucristo<\/strong><br \/><strong><em>Coraz\u00f3n de Mar\u00eda<\/em>, fortaleza de los cristianos<\/strong><br \/><strong><em>Coraz\u00f3n de Mar\u00eda<\/em>, refugio de los perseguidos<\/strong><br \/><strong><em>Coraz\u00f3n de Mar\u00eda<\/em>, esperanza de los pecadores<\/strong><br \/><strong><em>Coraz\u00f3n de Mar\u00eda<\/em>, consuelo de los moribundos<\/strong><br \/><strong><em>Coraz\u00f3n de Mar\u00eda<\/em>, alivio de los que sufren<\/strong><br \/><strong><em>Coraz\u00f3n de Mar\u00eda<\/em>, lazo de uni\u00f3n con Jesucristo<\/strong><br \/><strong><em>Coraz\u00f3n de Mar\u00eda<\/em>, camino seguro al Cielo<\/strong><br \/><strong><em>Coraz\u00f3n de Mar\u00eda<\/em>, prenda de paz y santidad<\/strong><br \/><strong><em>Coraz\u00f3n de Mar\u00eda<\/em>, vencedora de las herej\u00edas<\/strong><br \/><strong><em>Coraz\u00f3n de Mar\u00eda<\/em>, Reina de Cielos y Tierra<\/strong><br \/><strong><em>Coraz\u00f3n de Mar\u00eda<\/em>,\u00a0Madre de Dios y de la Iglesia<\/strong><br \/><strong><em>Coraz\u00f3n de Mar\u00eda<\/em>, que por fin triunfar\u00e1s<\/strong><\/p>\n<p><strong>Cordero de Dios que quitas el pecado del mundo<em>        \u00a0\u00a0 &#8211; \u00a0<\/em><em>Perd\u00f3nanos Se\u00f1or<br \/><\/em>Cordero de Dios que quitas el pecado del mundo<em>        \u00a0\u00a0 &#8211; \u00a0<\/em><em>Esc\u00fachanos Se\u00f1or.<br \/><\/em>Cordero de Dios que quitas el pecado del mundo<em>        \u00a0\u00a0 &#8211; \u00a0<\/em><em>Ten misericordia de nosotros<\/p>\n<p><\/em>Ruega por nosotros Santa Madre de Dios <em>&#8211; Para que seamos dignos y merecedores de alcanzar las Divinas Gracias y promesas de Nuestro Se\u00f1or Jesucristo. \u00a0<\/em><em>Am\u00e9n. <\/em><em><br \/><\/em><\/strong><\/p>\n<p><strong>Oremos:\u00a0<\/strong><br \/><strong><em>T\u00fa que nos has preparado en el Coraz\u00f3n Inmaculado de Mar\u00eda una digna morada de tu Hijo Jesucristo, conc\u00e9denos la gracia de vivir siempre conforme a sus ense\u00f1anzas y de cumplir sus deseos.<br \/>Por Cristo tu Hijo, Nuestro Se\u00f1or.\u00a0<\/em><em>\u00a0Am\u00e9n.<\/em><\/strong><\/p>\n<p align=\"left\"><strong><span style=\"font-size: medium\"><br \/><img loading=\"lazy\" decoding=\"async\" src=\"http:\/\/fatherbroom.com\/es\/wp-content\/media\/sites\/3\/IMG_4258-300x200.jpg\" alt=\"\" width=\"565\" height=\"377\" class=\"aligncenter  wp-image-22950\" srcset=\"https:\/\/fatherbroom.com\/es\/wp-content\/media\/sites\/3\/IMG_4258-300x200.jpg 300w, https:\/\/fatherbroom.com\/es\/wp-content\/media\/sites\/3\/IMG_4258-768x512.jpg 768w, https:\/\/fatherbroom.com\/es\/wp-content\/media\/sites\/3\/IMG_4258-1024x683.jpg 1024w\" sizes=\"auto, (max-width: 565px) 100vw, 565px\" \/><br \/><\/span><\/strong><\/p>\n<p><strong>\u00a0<\/strong><\/p>\n<\/div>\n<\/div>\n<\/div>\n<\/div>\n<\/div>\n<\/div>\n<\/div>\n<\/div>\n<\/div>\n<\/div>\n<div class=\"synved-social-container synved-social-container-share\" style=\"text-align: center\"><a class=\"synved-social-button synved-social-button-share synved-social-size-48 synved-social-resolution-single synved-social-provider-facebook nolightbox\" data-provider=\"facebook\" target=\"_blank\" rel=\"nofollow\" title=\"Share on Facebook\" href=\"https:\/\/www.facebook.com\/sharer.php?u=https%3A%2F%2Ffatherbroom.com%2Fes%2Fwp-json%2Fwp%2Fv2%2Fposts%2F22944&#038;t=INMACULADO%20CORAZON%20DE%20MARIA%20%7C%20LECTURAS%20DEL%20DIA%20%7C%2020%20JUNIO%202020&#038;s=100&#038;p&#091;url&#093;=https%3A%2F%2Ffatherbroom.com%2Fes%2Fwp-json%2Fwp%2Fv2%2Fposts%2F22944&#038;p&#091;images&#093;&#091;0&#093;=http%3A%2F%2Ffatherbroom.com%2Fes%2Fwp-content%2Fmedia%2Fsites%2F3%2FIMG_4258-300x200.jpg&#038;p&#091;title&#093;=INMACULADO%20CORAZON%20DE%20MARIA%20%7C%20LECTURAS%20DEL%20DIA%20%7C%2020%20JUNIO%202020\" style=\"font-size: 0px;width:48px;height:48px;margin:0;margin-bottom:5px;margin-right:5px\"><img loading=\"lazy\" decoding=\"async\" alt=\"Facebook\" title=\"Share on Facebook\" class=\"synved-share-image synved-social-image synved-social-image-share\" width=\"48\" height=\"48\" style=\"display: inline;width:48px;height:48px;margin: 0;padding: 0;border: none;box-shadow: none\" src=\"https:\/\/fatherbroom.com\/es\/wp-content\/plugins\/social-media-feather\/synved-social\/image\/social\/regular\/96x96\/facebook.png\" \/><\/a><a class=\"synved-social-button synved-social-button-share synved-social-size-48 synved-social-resolution-single synved-social-provider-twitter nolightbox\" data-provider=\"twitter\" target=\"_blank\" rel=\"nofollow\" title=\"Share on Twitter\" href=\"https:\/\/twitter.com\/intent\/tweet?url=https%3A%2F%2Ffatherbroom.com%2Fes%2Fwp-json%2Fwp%2Fv2%2Fposts%2F22944&#038;text=Hey%20check%20this%20out\" style=\"font-size: 0px;width:48px;height:48px;margin:0;margin-bottom:5px;margin-right:5px\"><img loading=\"lazy\" decoding=\"async\" alt=\"twitter\" title=\"Share on Twitter\" class=\"synved-share-image synved-social-image synved-social-image-share\" width=\"48\" height=\"48\" style=\"display: inline;width:48px;height:48px;margin: 0;padding: 0;border: none;box-shadow: none\" src=\"https:\/\/fatherbroom.com\/es\/wp-content\/plugins\/social-media-feather\/synved-social\/image\/social\/regular\/96x96\/twitter.png\" \/><\/a><a class=\"synved-social-button synved-social-button-share synved-social-size-48 synved-social-resolution-single synved-social-provider-reddit nolightbox\" data-provider=\"reddit\" target=\"_blank\" rel=\"nofollow\" title=\"Share on Reddit\" href=\"https:\/\/www.reddit.com\/submit?url=https%3A%2F%2Ffatherbroom.com%2Fes%2Fwp-json%2Fwp%2Fv2%2Fposts%2F22944&#038;title=INMACULADO%20CORAZON%20DE%20MARIA%20%7C%20LECTURAS%20DEL%20DIA%20%7C%2020%20JUNIO%202020\" style=\"font-size: 0px;width:48px;height:48px;margin:0;margin-bottom:5px;margin-right:5px\"><img loading=\"lazy\" decoding=\"async\" alt=\"reddit\" title=\"Share on Reddit\" class=\"synved-share-image synved-social-image synved-social-image-share\" width=\"48\" height=\"48\" style=\"display: inline;width:48px;height:48px;margin: 0;padding: 0;border: none;box-shadow: none\" src=\"https:\/\/fatherbroom.com\/es\/wp-content\/plugins\/social-media-feather\/synved-social\/image\/social\/regular\/96x96\/reddit.png\" \/><\/a><a class=\"synved-social-button synved-social-button-share synved-social-size-48 synved-social-resolution-single synved-social-provider-pinterest nolightbox\" data-provider=\"pinterest\" target=\"_blank\" rel=\"nofollow\" title=\"Pin it with Pinterest\" href=\"https:\/\/pinterest.com\/pin\/create\/button\/?url=https%3A%2F%2Ffatherbroom.com%2Fes%2Fwp-json%2Fwp%2Fv2%2Fposts%2F22944&#038;media=http%3A%2F%2Ffatherbroom.com%2Fes%2Fwp-content%2Fmedia%2Fsites%2F3%2FIMG_4258-300x200.jpg&#038;description=INMACULADO%20CORAZON%20DE%20MARIA%20%7C%20LECTURAS%20DEL%20DIA%20%7C%2020%20JUNIO%202020\" style=\"font-size: 0px;width:48px;height:48px;margin:0;margin-bottom:5px;margin-right:5px\"><img loading=\"lazy\" decoding=\"async\" alt=\"pinterest\" title=\"Pin it with Pinterest\" class=\"synved-share-image synved-social-image synved-social-image-share\" width=\"48\" height=\"48\" style=\"display: inline;width:48px;height:48px;margin: 0;padding: 0;border: none;box-shadow: none\" src=\"https:\/\/fatherbroom.com\/es\/wp-content\/plugins\/social-media-feather\/synved-social\/image\/social\/regular\/96x96\/pinterest.png\" \/><\/a><a class=\"synved-social-button synved-social-button-share synved-social-size-48 synved-social-resolution-single synved-social-provider-linkedin nolightbox\" data-provider=\"linkedin\" target=\"_blank\" rel=\"nofollow\" title=\"Share on Linkedin\" href=\"https:\/\/www.linkedin.com\/shareArticle?mini=true&#038;url=https%3A%2F%2Ffatherbroom.com%2Fes%2Fwp-json%2Fwp%2Fv2%2Fposts%2F22944&#038;title=INMACULADO%20CORAZON%20DE%20MARIA%20%7C%20LECTURAS%20DEL%20DIA%20%7C%2020%20JUNIO%202020\" style=\"font-size: 0px;width:48px;height:48px;margin:0;margin-bottom:5px;margin-right:5px\"><img loading=\"lazy\" decoding=\"async\" alt=\"linkedin\" title=\"Share on Linkedin\" class=\"synved-share-image synved-social-image synved-social-image-share\" width=\"48\" height=\"48\" style=\"display: inline;width:48px;height:48px;margin: 0;padding: 0;border: none;box-shadow: none\" src=\"https:\/\/fatherbroom.com\/es\/wp-content\/plugins\/social-media-feather\/synved-social\/image\/social\/regular\/96x96\/linkedin.png\" \/><\/a><a class=\"synved-social-button synved-social-button-share synved-social-size-48 synved-social-resolution-single synved-social-provider-mail nolightbox\" data-provider=\"mail\" rel=\"nofollow\" title=\"Share by email\" href=\"mailto:?subject=INMACULADO%20CORAZON%20DE%20MARIA%20%7C%20LECTURAS%20DEL%20DIA%20%7C%2020%20JUNIO%202020&#038;body=Hey%20check%20this%20out:%20https%3A%2F%2Ffatherbroom.com%2Fes%2Fwp-json%2Fwp%2Fv2%2Fposts%2F22944\" style=\"font-size: 0px;width:48px;height:48px;margin:0;margin-bottom:5px\"><img loading=\"lazy\" decoding=\"async\" alt=\"mail\" title=\"Share by email\" class=\"synved-share-image synved-social-image synved-social-image-share\" width=\"48\" height=\"48\" style=\"display: inline;width:48px;height:48px;margin: 0;padding: 0;border: none;box-shadow: none\" src=\"https:\/\/fatherbroom.com\/es\/wp-content\/plugins\/social-media-feather\/synved-social\/image\/social\/regular\/96x96\/mail.png\" \/><\/a><\/div>","protected":false},"excerpt":{"rendered":"<p>20 de junio 2020 Inmaculado\u00a0Coraz\u00f3n de Mar\u00edaPrimera lectura 2 Cron 24, 17-25 Despu\u00e9s de la muerte del sacerdote Yehoyad\u00e1, vinieron los jefes de Jud\u00e1 a postrarse ante el rey; a \u00e9ste, sobornado por sus regalos, le pareci\u00f3 bien lo que le propusieron. Entonces abandonaron el templo del Se\u00f1or, Dios de sus padres, y dieron culto [&hellip;]<\/p>\n","protected":false},"author":7,"featured_media":0,"comment_status":"open","ping_status":"open","sticky":false,"template":"","format":"standard","meta":{"_genesis_hide_title":false,"_genesis_hide_breadcrumbs":false,"_genesis_hide_singular_image":false,"_genesis_hide_footer_widgets":false,"_genesis_custom_body_class":"","_genesis_custom_post_class":"","_genesis_layout":"","footnotes":""},"categories":[277],"tags":[],"class_list":{"0":"post-22944","1":"post","2":"type-post","3":"status-publish","4":"format-standard","6":"category-lecturas-del-dia","7":"entry"},"_links":{"self":[{"href":"https:\/\/fatherbroom.com\/es\/wp-json\/wp\/v2\/posts\/22944","targetHints":{"allow":["GET"]}}],"collection":[{"href":"https:\/\/fatherbroom.com\/es\/wp-json\/wp\/v2\/posts"}],"about":[{"href":"https:\/\/fatherbroom.com\/es\/wp-json\/wp\/v2\/types\/post"}],"author":[{"embeddable":true,"href":"https:\/\/fatherbroom.com\/es\/wp-json\/wp\/v2\/users\/7"}],"replies":[{"embeddable":true,"href":"https:\/\/fatherbroom.com\/es\/wp-json\/wp\/v2\/comments?post=22944"}],"version-history":[{"count":7,"href":"https:\/\/fatherbroom.com\/es\/wp-json\/wp\/v2\/posts\/22944\/revisions"}],"predecessor-version":[{"id":22957,"href":"https:\/\/fatherbroom.com\/es\/wp-json\/wp\/v2\/posts\/22944\/revisions\/22957"}],"wp:attachment":[{"href":"https:\/\/fatherbroom.com\/es\/wp-json\/wp\/v2\/media?parent=22944"}],"wp:term":[{"taxonomy":"category","embeddable":true,"href":"https:\/\/fatherbroom.com\/es\/wp-json\/wp\/v2\/categories?post=22944"},{"taxonomy":"post_tag","embeddable":true,"href":"https:\/\/fatherbroom.com\/es\/wp-json\/wp\/v2\/tags?post=22944"}],"curies":[{"name":"wp","href":"https:\/\/api.w.org\/{rel}","templated":true}]}}