{"id":22925,"date":"2020-06-19T05:00:43","date_gmt":"2020-06-19T12:00:43","guid":{"rendered":"http:\/\/fatherbroom.com\/es\/?p=22925"},"modified":"2020-06-18T20:20:12","modified_gmt":"2020-06-19T03:20:12","slug":"solemnidad-del-sagrado-corazon-de-jesus-lecturas-del-dia-19-junio-2020","status":"publish","type":"post","link":"https:\/\/fatherbroom.com\/es\/2020\/06\/solemnidad-del-sagrado-corazon-de-jesus-lecturas-del-dia-19-junio-2020\/","title":{"rendered":"SOLEMNIDAD DEL SAGRADO CORAZON DE JESUS | LECTURAS DEL DIA | 19 JUNIO 2020"},"content":{"rendered":"<p><img loading=\"lazy\" decoding=\"async\" src=\"http:\/\/fatherbroom.com\/es\/wp-content\/media\/sites\/3\/Screen-Shot-2020-06-18-at-9.58.09-AM-300x169.png\" alt=\"\" width=\"572\" height=\"322\" class=\"aligncenter  wp-image-22928\" srcset=\"https:\/\/fatherbroom.com\/es\/wp-content\/media\/sites\/3\/Screen-Shot-2020-06-18-at-9.58.09-AM-300x169.png 300w, https:\/\/fatherbroom.com\/es\/wp-content\/media\/sites\/3\/Screen-Shot-2020-06-18-at-9.58.09-AM-768x433.png 768w, https:\/\/fatherbroom.com\/es\/wp-content\/media\/sites\/3\/Screen-Shot-2020-06-18-at-9.58.09-AM-1024x577.png 1024w, https:\/\/fatherbroom.com\/es\/wp-content\/media\/sites\/3\/Screen-Shot-2020-06-18-at-9.58.09-AM.png 1334w\" sizes=\"auto, (max-width: 572px) 100vw, 572px\" \/><\/p>\n<h4><strong>19 de junio 2020<\/strong><\/h4>\n<h4 class=\"imgLine marginBottom10\"><strong>Solemnidad del Sagrado Coraz\u00f3n de Jes\u00fas<\/strong><\/p>\n<p><strong>Primera lectura<\/strong><\/h4>\n<div class=\"contentarea\">\n<div id=\"cs_control_1386\" class=\"cs_control CS_Element_Schedule\">\n<div title=\"\" id=\"CS_Element_maincontent\">\n<div id=\"gridRow_1_1_1386\" class=\"cs_GridRow\">\n<div id=\"gridCol_1_1_1_1_1386\" class=\"cs_GridColumn\">\n<div id=\"cs_control_3684\" class=\"cs_control  CS_Element_Textblock\">\n<div class=\"CS_Textblock_Text\">\n<div class=\"bibleReadingsWrapper\">\n<h4><strong>Deut 7, 6-11<\/strong><\/h4>\n<div class=\"poetry\">\n<p><strong>En aquel tiempo, habl\u00f3 Mois\u00e9s al pueblo y le dijo: \u201cEres un pueblo consagrado al Se\u00f1or, tu Dios; \u00e9l te ha elegido a ti para que seas pueblo suyo entre todos los pueblos de la tierra.<\/strong><\/p>\n<p><strong>El Se\u00f1or se ha comprometido contigo y te ha elegido, no por ser t\u00fa el m\u00e1s numeroso de todos los pueblos, ya que al contrario, eres el menos numeroso; m\u00e1s bien te ha elegido por el amor que te tiene y para cumplir el juramento hecho a tus padres. Por eso, el Se\u00f1or, con mano firme, te sac\u00f3 de la esclavitud y del poder del fara\u00f3n, rey de Egipto.<\/strong><\/p>\n<p><strong>Reconoce, pues, que el Se\u00f1or, tu Dios, es el Dios verdadero y fiel. \u00c9l guarda su alianza y su misericordia hasta mil generaciones para los que lo aman y cumplen sus mandamientos; pero castiga a quienes lo odian, y los hace perecer sin demora.<\/strong><\/p>\n<p><strong>Guarda, pues, los mandamientos, preceptos y leyes que yo te mando hoy poner en pr\u00e1ctica\u201d.<\/strong><\/p>\n<\/div>\n<\/div>\n<\/div>\n<\/div>\n<div id=\"cs_control_289228\" class=\"cs_control  CS_Element_Textblock\">\n<div class=\"CS_Textblock_Text\">\n<div class=\"bibleReadingsWrapper\">\n<h4><strong>Salmo Responsorial<\/strong><\/h4>\n<h4><strong>Salmo 102, 1-2. 3-4. 6-7. 8 y 10<\/strong><\/h4>\n<div class=\"poetry\">\n<p><strong>R. (17) El Se\u00f1or es compasivo y misericordioso.<\/strong><br \/><strong>Bendice al Se\u00f1or, alma m\u00eda,<\/strong><br \/><strong>que todo mi ser bendiga su santo nombre.<\/strong><br \/><strong>Bendice al Se\u00f1or, alma m\u00eda,<\/strong><br \/><strong>y no te olvides de sus beneficios.<\/strong><\/p>\n<p><strong>R. El Se\u00f1or es compasivo y misericordioso.<\/strong><br \/><strong>El Se\u00f1or perdona tus pecados<\/strong><br \/><strong>y cura tus enfermedades;<\/strong><br \/><strong>\u00e9l rescata tu vida del sepulcro<\/strong><br \/><strong>y te colma de amor y de ternura.<\/strong><\/p>\n<p><strong>R. El Se\u00f1or es compasivo y misericordioso.<\/strong><br \/><strong>El Se\u00f1or hace justicia<\/strong><br \/><strong>y le da la raz\u00f3n al oprimido.<\/strong><br \/><strong>A Mois\u00e9s le mostr\u00f3 su bondad<\/strong><br \/><strong>y sus prodigios al pueblo de Israel.<\/strong><\/p>\n<p><strong>R. El Se\u00f1or es compasivo y misericordioso.<\/strong><br \/><strong>El Se\u00f1or es compasivo y misericordioso,<\/strong><br \/><strong>lento para enojarse y generoso para perdonar.<\/strong><br \/><strong>No nos trata como merecen nuestras culpas,<\/strong><br \/><strong>ni nos paga seg\u00fan nuestros pecados.<\/strong><\/p>\n<p><strong>R. El Se\u00f1or es compasivo y misericordioso.<\/strong><\/p>\n<\/div>\n<\/div>\n<\/div>\n<\/div>\n<div id=\"cs_control_289230\" class=\"cs_control  CS_Element_Textblock\">\n<div class=\"CS_Textblock_Text\">\n<div class=\"bibleReadingsWrapper\">\n<h4><strong>Segunda lectura\u00a0<\/strong><strong>1 Jn 4, 7-16<\/strong><\/h4>\n<div class=\"poetry\">\n<p><strong>Queridos hijos: Am\u00e9monos los unos a los otros, porque el amor viene de Dios y todo el que ama ha nacido de Dios y conoce a Dios. El que no ama, no conoce a Dios, porque Dios es amor. El amor que Dios nos tiene, se ha manifestado en que envi\u00f3 al mundo a su Hijo unig\u00e9nito para que vivamos por \u00e9l.<\/strong><\/p>\n<p><strong>El amor consiste en esto: no en que nosotros hayamos amado a Dios, sino en que \u00e9l nos am\u00f3 primero y nos envi\u00f3 a su Hijo, como v\u00edctima de expiaci\u00f3n por nuestros pecados.<\/strong><\/p>\n<p><strong>Si Dios nos ha amado tanto, tambi\u00e9n nosotros debemos amarnos los unos a los otros. A Dios nadie lo ha visto nunca; pero si nos amamos los unos a los otros, Dios permanece en nosotros y su amor en nosotros es perfecto.<\/strong><\/p>\n<p><strong>En esto conocemos que permanecemos en \u00e9l, y \u00e9l en nosotros: en que nos ha dado su Esp\u00edritu. Nosotros hemos visto y de ello damos testimonio, que el Padre envi\u00f3 a su Hijo como salvador del mundo. Quien confiesa que Jes\u00fas es el Hijo de Dios, permanece en Dios y Dios en \u00e9l.<\/strong><\/p>\n<p><strong>Nosotros hemos conocido el amor que Dios nos tiene y hemos cre\u00eddo en ese amor. Dios es amor y quien permanece en el amor, permanece en Dios y Dios en \u00e9l.<\/strong><\/p>\n<\/div>\n<\/div>\n<div class=\"bibleReadingsWrapper\">\n<h4><strong>Aclamaci\u00f3n antes del Evangelio<\/strong><\/h4>\n<h4><strong>Mt 11, 29<\/strong><\/h4>\n<div class=\"poetry\">\n<p><strong>R. Aleluya, aleluya.<\/strong><br \/><strong>Tomen mi yugo sobre ustedes, dice el Se\u00f1or,<\/strong><br \/><strong>y aprendan de m\u00ed, que soy manso y humilde de coraz\u00f3n.<\/strong><br \/><strong>R. Aleluya.<\/strong><\/p>\n<\/div>\n<\/div>\n<\/div>\n<\/div>\n<div id=\"cs_control_289231\" class=\"cs_control  CS_Element_Textblock\">\n<div class=\"CS_Textblock_Text\">\n<div class=\"bibleReadingsWrapper\">\n<h4><strong>Evangelio\u00a0<\/strong><strong>Mt 11, 25-30<\/strong><\/h4>\n<div class=\"poetry\">\n<p><strong>En aquel tiempo, Jes\u00fas exclam\u00f3: \u201c\u00a1Te doy gracias, Padre, Se\u00f1or del cielo y de la tierra, porque has escondido estas cosas a los sabios y entendidos, y las has revelado a la gente sencilla! Gracias, Padre, porque as\u00ed te ha parecido bien.<\/strong><\/p>\n<p><strong>El Padre ha puesto todas las cosas en mis manos. Nadie conoce al Hijo sino el Padre, y nadie conoce al Padre sino el Hijo y aquel a quien el Hijo se lo quiera revelar.<\/strong><\/p>\n<p><strong>Vengan a m\u00ed, todos los que est\u00e1n fatigados y agobiados por la carga, y yo les dar\u00e9 alivio. Tomen mi yugo sobre ustedes y aprendan de m\u00ed, que soy manso y humilde de coraz\u00f3n, y encontrar\u00e1n descanso, porque mi yugo es suave y mi carga ligera\u201d.<\/strong><\/p>\n<\/div>\n<\/div>\n<\/div>\n<\/div>\n<div id=\"cs_control_289214\" class=\"cs_control  CS_Element_Textblock\"><strong><img loading=\"lazy\" decoding=\"async\" src=\"http:\/\/fatherbroom.com\/es\/wp-content\/media\/sites\/3\/Screen-Shot-2020-06-18-at-9.55.42-AM-300x100.png\" alt=\"\" width=\"579\" height=\"193\" class=\"aligncenter  wp-image-22927\" srcset=\"https:\/\/fatherbroom.com\/es\/wp-content\/media\/sites\/3\/Screen-Shot-2020-06-18-at-9.55.42-AM-300x100.png 300w, https:\/\/fatherbroom.com\/es\/wp-content\/media\/sites\/3\/Screen-Shot-2020-06-18-at-9.55.42-AM-768x255.png 768w, https:\/\/fatherbroom.com\/es\/wp-content\/media\/sites\/3\/Screen-Shot-2020-06-18-at-9.55.42-AM-1024x340.png 1024w, https:\/\/fatherbroom.com\/es\/wp-content\/media\/sites\/3\/Screen-Shot-2020-06-18-at-9.55.42-AM.png 1332w\" sizes=\"auto, (max-width: 579px) 100vw, 579px\" \/><\/strong><br \/><strong><strong>Catecismo de la Iglesia Cat\u00f3lica<br \/><\/strong><\/strong><\/p>\n<p><strong>Primera parte: la profesi\u00f3n de la fe<\/strong><\/p>\n<p><strong>\u00a0<\/strong><strong>14 Los que por la fe y el Bautismo pertenecen a Cristo deben confesar su fe bautismal delante de los hombres (cf. Mt 10,32; Rom 10,9). Para esto, el catecismo expone en primer lugar en qu\u00e9 consiste la Revelaci\u00f3n por la que Dios se dirige y se da al hombre, y la fe, por la cual el hombre responde a Dios (primera secci\u00f3n). El S\u00edmbolo de la fe resume los dones que Dios hace al hombre como Autor de todo bien, como Redentor, como Santificador y los articula en torno a los \u00abtres cap\u00edtulos\u00bb de nuestro Bautismo \u2014la fe en un solo Dios: el Padre Todopoderoso, el Creador; y Jesucristo, su Hijo, nuestro Se\u00f1or y Salvador; y el Esp\u00edritu Santo, en la Santa Iglesia (segunda secci\u00f3n).<\/strong><\/p>\n<p><strong><span style=\"font-size: medium\"><\/p>\n<p><img loading=\"lazy\" decoding=\"async\" src=\"http:\/\/fatherbroom.com\/es\/wp-content\/media\/sites\/3\/Screen-Shot-2020-06-18-at-10.09.51-AM-300x100.png\" alt=\"\" width=\"543\" height=\"181\" class=\"aligncenter  wp-image-22930\" srcset=\"https:\/\/fatherbroom.com\/es\/wp-content\/media\/sites\/3\/Screen-Shot-2020-06-18-at-10.09.51-AM-300x100.png 300w, https:\/\/fatherbroom.com\/es\/wp-content\/media\/sites\/3\/Screen-Shot-2020-06-18-at-10.09.51-AM-768x255.png 768w, https:\/\/fatherbroom.com\/es\/wp-content\/media\/sites\/3\/Screen-Shot-2020-06-18-at-10.09.51-AM-1024x340.png 1024w, https:\/\/fatherbroom.com\/es\/wp-content\/media\/sites\/3\/Screen-Shot-2020-06-18-at-10.09.51-AM.png 1336w\" sizes=\"auto, (max-width: 543px) 100vw, 543px\" \/><\/p>\n<p><img loading=\"lazy\" decoding=\"async\" src=\"http:\/\/fatherbroom.com\/es\/wp-content\/media\/sites\/3\/IMG_4597-e1592499818904-200x300.jpg\" alt=\"\" width=\"307\" height=\"461\" class=\"aligncenter  wp-image-22929\" srcset=\"https:\/\/fatherbroom.com\/es\/wp-content\/media\/sites\/3\/IMG_4597-e1592499818904-200x300.jpg 200w, https:\/\/fatherbroom.com\/es\/wp-content\/media\/sites\/3\/IMG_4597-e1592499818904-768x1152.jpg 768w, https:\/\/fatherbroom.com\/es\/wp-content\/media\/sites\/3\/IMG_4597-e1592499818904-683x1024.jpg 683w\" sizes=\"auto, (max-width: 307px) 100vw, 307px\" \/><\/span><span style=\"font-size: medium\"><br \/><\/span><\/strong><\/p>\n<p align=\"left\"><strong>Se\u00f1or, ten misericordia de nosotros.<\/strong><br \/><strong>Cristo, ten misericordia de nosotros.<\/strong><br \/><strong>Se\u00f1or, ten misericordia de nosotros<\/strong><br \/><strong>Jesucristo \u00f3yenos.<\/strong><br \/><strong>Jesucristo, esc\u00fachanos.<\/strong><br \/><strong>Dios Padre celestial, ten misericordia de nosotros.<\/strong><br \/><strong>Dios Hijo Redentor del mundo, ten misericordia de nosotros.<\/strong><br \/><strong>Dios Esp\u00edritu Santo, ten misericordia de nosotros.<\/strong><br \/><strong>Trinidad Santa, que eres un solo Dios, ten misericordia de nosotros.<\/strong><br \/><strong>Coraz\u00f3n de Jes\u00fas, Hijo del Padre Eterno,<\/strong><br \/><strong>Coraz\u00f3n de Jes\u00fas, formado en el seno de la Virgen Madre por el Esp\u00edritu Santo,<\/strong><br \/><strong>Coraz\u00f3n de Jes\u00fas, al Verbo de Dios substancialmente unido,<\/strong><br \/><strong>Coraz\u00f3n de Jes\u00fas, de majestad infinita,<\/strong><br \/><strong>Coraz\u00f3n de Jes\u00fas, Templo santo de Dios,<\/strong><br \/><strong>Coraz\u00f3n de Jes\u00fas, Tabern\u00e1culo del Alt\u00edsimo,<\/strong><br \/><strong>Coraz\u00f3n de Jes\u00fas, Casa de Dios y puerta del cielo,<\/strong><br \/><strong>Coraz\u00f3n de Jes\u00fas, Horno ardiente de caridad,<\/strong><br \/><strong>Coraz\u00f3n de Jes\u00fas, Santuario de justicia y de amor,<\/strong><br \/><strong>Coraz\u00f3n de Jes\u00fas, lleno de bondad y de amor,<\/strong><br \/><strong>Coraz\u00f3n de Jes\u00fas, Abismo de todas las virtudes,<\/strong><br \/><strong>Coraz\u00f3n de Jes\u00fas, digno de toda alabanza,<\/strong><br \/><strong>Coraz\u00f3n de Jes\u00fas, Rey y centro de todos los corazones,<\/strong><br \/><strong>Coraz\u00f3n de Jes\u00fas, en que est\u00e1n escondidos todos los tesoros de la sabidur\u00eda y de la ciencia,<\/strong><br \/><strong>Coraz\u00f3n de Jes\u00fas, en que mora toda la plenitud de la divinidad,<\/strong><br \/><strong>Coraz\u00f3n de Jes\u00fas, en que el Padre se agrad\u00f3,<\/strong><br \/><strong>Coraz\u00f3n de Jes\u00fas, de cuya plenitud todos nosotros hemos recibido,<\/strong><br \/><strong>Coraz\u00f3n de Jes\u00fas, deseo de los eternos collados,<\/strong><br \/><strong>Coraz\u00f3n de Jes\u00fas, paciente y muy misericordioso,<\/strong><br \/><strong>Coraz\u00f3n de Jes\u00fas, liberal con todos los que te invocan,<\/strong><br \/><strong>Coraz\u00f3n de Jes\u00fas, fuente de vida y de santidad,<\/strong><br \/><strong>Coraz\u00f3n de Jes\u00fas, propiciaci\u00f3n por nuestros pecados,<\/strong><br \/><strong>Coraz\u00f3n de Jes\u00fas, colmado de oprobios,<\/strong><br \/><strong>Coraz\u00f3n de Jes\u00fas, desgarrado por nuestros pecados,<\/strong><br \/><strong>Coraz\u00f3n de Jes\u00fas, hecho obediente hasta la muerte,<\/strong><br \/><strong>Coraz\u00f3n de Jes\u00fas, con lanza traspasado,<\/strong><br \/><strong>Coraz\u00f3n de Jes\u00fas, fuente de todo consuelo,<\/strong><br \/><strong>Coraz\u00f3n de Jes\u00fas, vida y resurrecci\u00f3n nuestra,<\/strong><br \/><strong>Coraz\u00f3n de Jes\u00fas, paz y reconciliaci\u00f3n nuestra,<\/strong><br \/><strong>Coraz\u00f3n de Jes\u00fas, v\u00edctima por nuestros pecados,<\/strong><br \/><strong>Coraz\u00f3n de Jes\u00fas, salvaci\u00f3n de los que en Ti esperan,<\/strong><br \/><strong>Coraz\u00f3n de Jes\u00fas, esperanza de los que en Ti mueren,<\/strong><br \/><strong>Coraz\u00f3n de Jes\u00fas, delicias de todos los Santos,<\/strong><br \/><strong>Cordero de Dios, que quitas los pecados del mundo: perd\u00f3nanos, Se\u00f1or.<\/strong><br \/><strong>Cordero de Dios, que quitas los pecados del mundo: esc\u00fachanos, Se\u00f1or.<\/strong><br \/><strong>Cordero de Dios, que quitas los pecados del mundo: ten misericordia de nosotros.<\/strong><br \/><strong>V.- Jes\u00fas manso y humilde de coraz\u00f3n.<\/strong><br \/><strong>R.- Haz nuestro coraz\u00f3n conforme al tuyo.<\/strong><\/p>\n<p align=\"left\"><strong>Oremos: Oh Dios todopoderoso y eterno: mira el Coraz\u00f3n de tu amant\u00edsimo Hijo y las alabanzas y satisfacciones que en nombre de los pecadores te tributa; y concede aplacado el perd\u00f3n a \u00e9stos que piden tu misericordia en el nombre de tu mismo Hijo Jesucristo. Quien contigo vive y reina en los siglos de los siglos. Am\u00e9n.<\/strong><\/p>\n<p align=\"left\"><strong>A todas las invocaciones que siguen se responde: \u201cTen misericordia de nosotros\u201d.<\/strong><\/p>\n<p align=\"left\"><strong><span style=\"font-size: medium\">\u00a0<\/span><\/strong><\/p>\n<\/div>\n<\/div>\n<\/div>\n<\/div>\n<\/div>\n<\/div>\n<div class=\"synved-social-container synved-social-container-share\" style=\"text-align: center\"><a class=\"synved-social-button synved-social-button-share synved-social-size-48 synved-social-resolution-single synved-social-provider-facebook nolightbox\" data-provider=\"facebook\" target=\"_blank\" rel=\"nofollow\" title=\"Share on Facebook\" href=\"https:\/\/www.facebook.com\/sharer.php?u=https%3A%2F%2Ffatherbroom.com%2Fes%2Fwp-json%2Fwp%2Fv2%2Fposts%2F22925&#038;t=SOLEMNIDAD%20DEL%20SAGRADO%20CORAZON%20DE%20JESUS%20%7C%20LECTURAS%20DEL%20DIA%20%7C%2019%20JUNIO%202020&#038;s=100&#038;p&#091;url&#093;=https%3A%2F%2Ffatherbroom.com%2Fes%2Fwp-json%2Fwp%2Fv2%2Fposts%2F22925&#038;p&#091;images&#093;&#091;0&#093;=http%3A%2F%2Ffatherbroom.com%2Fes%2Fwp-content%2Fmedia%2Fsites%2F3%2FIMG_4597-e1592499818904-200x300.jpg&#038;p&#091;title&#093;=SOLEMNIDAD%20DEL%20SAGRADO%20CORAZON%20DE%20JESUS%20%7C%20LECTURAS%20DEL%20DIA%20%7C%2019%20JUNIO%202020\" style=\"font-size: 0px;width:48px;height:48px;margin:0;margin-bottom:5px;margin-right:5px\"><img loading=\"lazy\" decoding=\"async\" alt=\"Facebook\" title=\"Share on Facebook\" class=\"synved-share-image synved-social-image synved-social-image-share\" width=\"48\" height=\"48\" style=\"display: inline;width:48px;height:48px;margin: 0;padding: 0;border: none;box-shadow: none\" src=\"https:\/\/fatherbroom.com\/es\/wp-content\/plugins\/social-media-feather\/synved-social\/image\/social\/regular\/96x96\/facebook.png\" \/><\/a><a class=\"synved-social-button synved-social-button-share synved-social-size-48 synved-social-resolution-single synved-social-provider-twitter nolightbox\" data-provider=\"twitter\" target=\"_blank\" rel=\"nofollow\" title=\"Share on Twitter\" href=\"https:\/\/twitter.com\/intent\/tweet?url=https%3A%2F%2Ffatherbroom.com%2Fes%2Fwp-json%2Fwp%2Fv2%2Fposts%2F22925&#038;text=Hey%20check%20this%20out\" style=\"font-size: 0px;width:48px;height:48px;margin:0;margin-bottom:5px;margin-right:5px\"><img loading=\"lazy\" decoding=\"async\" alt=\"twitter\" title=\"Share on Twitter\" class=\"synved-share-image synved-social-image synved-social-image-share\" width=\"48\" height=\"48\" style=\"display: inline;width:48px;height:48px;margin: 0;padding: 0;border: none;box-shadow: none\" src=\"https:\/\/fatherbroom.com\/es\/wp-content\/plugins\/social-media-feather\/synved-social\/image\/social\/regular\/96x96\/twitter.png\" \/><\/a><a class=\"synved-social-button synved-social-button-share synved-social-size-48 synved-social-resolution-single synved-social-provider-reddit nolightbox\" data-provider=\"reddit\" target=\"_blank\" rel=\"nofollow\" title=\"Share on Reddit\" href=\"https:\/\/www.reddit.com\/submit?url=https%3A%2F%2Ffatherbroom.com%2Fes%2Fwp-json%2Fwp%2Fv2%2Fposts%2F22925&#038;title=SOLEMNIDAD%20DEL%20SAGRADO%20CORAZON%20DE%20JESUS%20%7C%20LECTURAS%20DEL%20DIA%20%7C%2019%20JUNIO%202020\" style=\"font-size: 0px;width:48px;height:48px;margin:0;margin-bottom:5px;margin-right:5px\"><img loading=\"lazy\" decoding=\"async\" alt=\"reddit\" title=\"Share on Reddit\" class=\"synved-share-image synved-social-image synved-social-image-share\" width=\"48\" height=\"48\" style=\"display: inline;width:48px;height:48px;margin: 0;padding: 0;border: none;box-shadow: none\" src=\"https:\/\/fatherbroom.com\/es\/wp-content\/plugins\/social-media-feather\/synved-social\/image\/social\/regular\/96x96\/reddit.png\" \/><\/a><a class=\"synved-social-button synved-social-button-share synved-social-size-48 synved-social-resolution-single synved-social-provider-pinterest nolightbox\" data-provider=\"pinterest\" target=\"_blank\" rel=\"nofollow\" title=\"Pin it with Pinterest\" href=\"https:\/\/pinterest.com\/pin\/create\/button\/?url=https%3A%2F%2Ffatherbroom.com%2Fes%2Fwp-json%2Fwp%2Fv2%2Fposts%2F22925&#038;media=http%3A%2F%2Ffatherbroom.com%2Fes%2Fwp-content%2Fmedia%2Fsites%2F3%2FIMG_4597-e1592499818904-200x300.jpg&#038;description=SOLEMNIDAD%20DEL%20SAGRADO%20CORAZON%20DE%20JESUS%20%7C%20LECTURAS%20DEL%20DIA%20%7C%2019%20JUNIO%202020\" style=\"font-size: 0px;width:48px;height:48px;margin:0;margin-bottom:5px;margin-right:5px\"><img loading=\"lazy\" decoding=\"async\" alt=\"pinterest\" title=\"Pin it with Pinterest\" class=\"synved-share-image synved-social-image synved-social-image-share\" width=\"48\" height=\"48\" style=\"display: inline;width:48px;height:48px;margin: 0;padding: 0;border: none;box-shadow: none\" src=\"https:\/\/fatherbroom.com\/es\/wp-content\/plugins\/social-media-feather\/synved-social\/image\/social\/regular\/96x96\/pinterest.png\" \/><\/a><a class=\"synved-social-button synved-social-button-share synved-social-size-48 synved-social-resolution-single synved-social-provider-linkedin nolightbox\" data-provider=\"linkedin\" target=\"_blank\" rel=\"nofollow\" title=\"Share on Linkedin\" href=\"https:\/\/www.linkedin.com\/shareArticle?mini=true&#038;url=https%3A%2F%2Ffatherbroom.com%2Fes%2Fwp-json%2Fwp%2Fv2%2Fposts%2F22925&#038;title=SOLEMNIDAD%20DEL%20SAGRADO%20CORAZON%20DE%20JESUS%20%7C%20LECTURAS%20DEL%20DIA%20%7C%2019%20JUNIO%202020\" style=\"font-size: 0px;width:48px;height:48px;margin:0;margin-bottom:5px;margin-right:5px\"><img loading=\"lazy\" decoding=\"async\" alt=\"linkedin\" title=\"Share on Linkedin\" class=\"synved-share-image synved-social-image synved-social-image-share\" width=\"48\" height=\"48\" style=\"display: inline;width:48px;height:48px;margin: 0;padding: 0;border: none;box-shadow: none\" src=\"https:\/\/fatherbroom.com\/es\/wp-content\/plugins\/social-media-feather\/synved-social\/image\/social\/regular\/96x96\/linkedin.png\" \/><\/a><a class=\"synved-social-button synved-social-button-share synved-social-size-48 synved-social-resolution-single synved-social-provider-mail nolightbox\" data-provider=\"mail\" rel=\"nofollow\" title=\"Share by email\" href=\"mailto:?subject=SOLEMNIDAD%20DEL%20SAGRADO%20CORAZON%20DE%20JESUS%20%7C%20LECTURAS%20DEL%20DIA%20%7C%2019%20JUNIO%202020&#038;body=Hey%20check%20this%20out:%20https%3A%2F%2Ffatherbroom.com%2Fes%2Fwp-json%2Fwp%2Fv2%2Fposts%2F22925\" style=\"font-size: 0px;width:48px;height:48px;margin:0;margin-bottom:5px\"><img loading=\"lazy\" decoding=\"async\" alt=\"mail\" title=\"Share by email\" class=\"synved-share-image synved-social-image synved-social-image-share\" width=\"48\" height=\"48\" style=\"display: inline;width:48px;height:48px;margin: 0;padding: 0;border: none;box-shadow: none\" src=\"https:\/\/fatherbroom.com\/es\/wp-content\/plugins\/social-media-feather\/synved-social\/image\/social\/regular\/96x96\/mail.png\" \/><\/a><\/div>","protected":false},"excerpt":{"rendered":"<p>19 de junio 2020 Solemnidad del Sagrado Coraz\u00f3n de Jes\u00fas Primera lectura Deut 7, 6-11 En aquel tiempo, habl\u00f3 Mois\u00e9s al pueblo y le dijo: \u201cEres un pueblo consagrado al Se\u00f1or, tu Dios; \u00e9l te ha elegido a ti para que seas pueblo suyo entre todos los pueblos de la tierra. El Se\u00f1or se ha [&hellip;]<\/p>\n","protected":false},"author":7,"featured_media":0,"comment_status":"open","ping_status":"open","sticky":false,"template":"","format":"standard","meta":{"_genesis_hide_title":false,"_genesis_hide_breadcrumbs":false,"_genesis_hide_singular_image":false,"_genesis_hide_footer_widgets":false,"_genesis_custom_body_class":"","_genesis_custom_post_class":"","_genesis_layout":"","footnotes":""},"categories":[277],"tags":[],"class_list":{"0":"post-22925","1":"post","2":"type-post","3":"status-publish","4":"format-standard","6":"category-lecturas-del-dia","7":"entry"},"_links":{"self":[{"href":"https:\/\/fatherbroom.com\/es\/wp-json\/wp\/v2\/posts\/22925","targetHints":{"allow":["GET"]}}],"collection":[{"href":"https:\/\/fatherbroom.com\/es\/wp-json\/wp\/v2\/posts"}],"about":[{"href":"https:\/\/fatherbroom.com\/es\/wp-json\/wp\/v2\/types\/post"}],"author":[{"embeddable":true,"href":"https:\/\/fatherbroom.com\/es\/wp-json\/wp\/v2\/users\/7"}],"replies":[{"embeddable":true,"href":"https:\/\/fatherbroom.com\/es\/wp-json\/wp\/v2\/comments?post=22925"}],"version-history":[{"count":3,"href":"https:\/\/fatherbroom.com\/es\/wp-json\/wp\/v2\/posts\/22925\/revisions"}],"predecessor-version":[{"id":22932,"href":"https:\/\/fatherbroom.com\/es\/wp-json\/wp\/v2\/posts\/22925\/revisions\/22932"}],"wp:attachment":[{"href":"https:\/\/fatherbroom.com\/es\/wp-json\/wp\/v2\/media?parent=22925"}],"wp:term":[{"taxonomy":"category","embeddable":true,"href":"https:\/\/fatherbroom.com\/es\/wp-json\/wp\/v2\/categories?post=22925"},{"taxonomy":"post_tag","embeddable":true,"href":"https:\/\/fatherbroom.com\/es\/wp-json\/wp\/v2\/tags?post=22925"}],"curies":[{"name":"wp","href":"https:\/\/api.w.org\/{rel}","templated":true}]}}