{"id":22918,"date":"2020-06-18T08:50:28","date_gmt":"2020-06-18T15:50:28","guid":{"rendered":"http:\/\/fatherbroom.com\/es\/?p=22918"},"modified":"2020-06-18T08:55:40","modified_gmt":"2020-06-18T15:55:40","slug":"lecturas-del-dia-y-catecismo-18-junio-2020","status":"publish","type":"post","link":"https:\/\/fatherbroom.com\/es\/2020\/06\/lecturas-del-dia-y-catecismo-18-junio-2020\/","title":{"rendered":"LECTURAS DEL DIA Y CATECISMO | 18 JUNIO 2020"},"content":{"rendered":"<p><img loading=\"lazy\" decoding=\"async\" src=\"http:\/\/fatherbroom.com\/es\/wp-content\/media\/sites\/3\/Screen-Shot-2020-06-18-at-8.48.13-AM-300x169.png\" alt=\"\" width=\"566\" height=\"319\" class=\"aligncenter  wp-image-22920\" srcset=\"https:\/\/fatherbroom.com\/es\/wp-content\/media\/sites\/3\/Screen-Shot-2020-06-18-at-8.48.13-AM-300x169.png 300w, https:\/\/fatherbroom.com\/es\/wp-content\/media\/sites\/3\/Screen-Shot-2020-06-18-at-8.48.13-AM-768x432.png 768w, https:\/\/fatherbroom.com\/es\/wp-content\/media\/sites\/3\/Screen-Shot-2020-06-18-at-8.48.13-AM-1024x576.png 1024w, https:\/\/fatherbroom.com\/es\/wp-content\/media\/sites\/3\/Screen-Shot-2020-06-18-at-8.48.13-AM.png 1336w\" sizes=\"auto, (max-width: 566px) 100vw, 566px\" \/><\/p>\n<h4><strong>18 de junio 2020<\/strong><\/h4>\n<div class=\"contentarea\">\n<div id=\"cs_control_1386\" class=\"cs_control CS_Element_Schedule\">\n<div title=\"\" id=\"CS_Element_maincontent\">\n<div id=\"gridRow_1_1_1386\" class=\"cs_GridRow\">\n<div id=\"gridCol_1_1_1_1_1386\" class=\"cs_GridColumn\">\n<div id=\"cs_control_157991\" class=\"cs_control  lecturas-block\">\n<div id=\"cs_control_3683\" class=\"cs_control  CS_Element_Textblock\">\n<div class=\"CS_Textblock_Text\">\n<h4><strong>Jueves de la XI semana del Tiempo ordinario<\/strong><br \/><strong>Primera lectura<\/strong><\/h4>\n<\/div>\n<\/div>\n<div id=\"cs_control_3684\" class=\"cs_control  CS_Element_Textblock\">\n<div class=\"CS_Textblock_Text\">\n<div class=\"bibleReadingsWrapper\">\n<h4><strong>Ecles (Sir) 48, 1-15<\/strong><\/h4>\n<div class=\"poetry\">\n<p><strong>En aquel tiempo, surgi\u00f3 El\u00edas, un profeta de fuego;<\/strong><br \/><strong>su palabra quemaba como una llama.<\/strong><br \/><strong>\u00c9l hizo caer sobre los israelitas el hambre<\/strong><br \/><strong>y con celo los diezm\u00f3.<\/strong><br \/><strong>En el nombre del Se\u00f1or cerr\u00f3 las compuertas del cielo<\/strong><br \/><strong>e hizo que descendiera tres veces fuego de lo alto.<\/strong><\/p>\n<p><strong>\u00a1Qu\u00e9 glorioso eres, El\u00edas, por tus prodigios!<\/strong><br \/><strong>\u00bfQui\u00e9n puede jactarse de ser igual a ti?<\/strong><br \/><strong>T\u00fa resucitaste del sepulcro a un muerto,<\/strong><br \/><strong>lo arrancaste de la muerte por la palabra del Alt\u00edsimo.<\/strong><br \/><strong>T\u00fa llevaste la ruina a los reyes<\/strong><br \/><strong>y la muerte a los pr\u00edncipes en su lecho.<\/strong><br \/><strong>T\u00fa escuchaste las amenazas de Dios en el Sina\u00ed<\/strong><br \/><strong>y sus palabras de castigo en el Horeb.<\/strong><br \/><strong>T\u00fa ungiste a reyes vengadores<\/strong><br \/><strong>y nombraste como sucesor tuyo a un profeta.<\/strong><\/p>\n<p><strong>En un torbellino de llamas fuiste arrebatado al cielo,<\/strong><br \/><strong>sobre un carro tirado por caballos de fuego.<\/strong><br \/><strong>Escrito est\u00e1 de ti que volver\u00e1s,<\/strong><br \/><strong>cargado de amenazas, en el tiempo se\u00f1alado,<\/strong><br \/><strong>para aplacar la c\u00f3lera antes de que estalle,<\/strong><br \/><strong>para hacer que el coraz\u00f3n de los padres se vuelva hacia los hijos<\/strong><br \/><strong>y congregar a las tribus de Israel.<\/strong><\/p>\n<p><strong>Dichosos los que te vieron<\/strong><br \/><strong>y murieron gozando de tu amistad;<\/strong><br \/><strong>pero m\u00e1s dichosos los que est\u00e9n vivos, cuando vuelvas.<\/strong><\/p>\n<p><strong>Cuando El\u00edas fue arrebatado por el torbellino,<\/strong><br \/><strong>Eliseo qued\u00f3 lleno de su esp\u00edritu.<\/strong><br \/><strong>Ning\u00fan pr\u00edncipe lo intimid\u00f3,<\/strong><br \/><strong>nadie lo pudo dominar.<\/strong><br \/><strong>Ninguna cosa le era imposible<\/strong><br \/><strong>y aun estando en el sepulcro, resucit\u00f3 a un muerto.<\/strong><br \/><strong>En vida hizo prodigios<\/strong><br \/><strong>y despu\u00e9s de muerto, obras admirables.<\/strong><\/p>\n<\/div>\n<\/div>\n<\/div>\n<\/div>\n<div id=\"cs_control_289228\" class=\"cs_control  CS_Element_Textblock\">\n<div class=\"CS_Textblock_Text\">\n<div class=\"bibleReadingsWrapper\">\n<h4><strong>Salmo Responsorial<\/strong><\/h4>\n<h4><strong>Salmo 96, 1-2. 3-4. 5-6. 7<\/strong><\/h4>\n<div class=\"poetry\">\n<p><strong>R. (12a) Que se alegren los justos con el Se\u00f1or.<\/strong><br \/><strong>Reina el Se\u00f1or, al\u00e9grese la tierra;<\/strong><br \/><strong>cante de regocijo el mundo entero.<\/strong><br \/><strong>El trono del Se\u00f1or se asienta<\/strong><br \/><strong>En la justicia y el derecho. R.<\/strong><\/p>\n<p><strong>R. Que se alegren los justos con el Se\u00f1or.<\/strong><br \/><strong>Un fuego que devora a sus contrarios<\/strong><br \/><strong>a nuestro Dios precede;<\/strong><br \/><strong>deslumbran sus rel\u00e1mpagos el orbe<\/strong><br \/><strong>\u00a0y, vi\u00e9ndolos, la tierra se estremece. R.<\/strong><br \/><strong>R. Que se alegren los justos con el Se\u00f1or.<\/strong><br \/><strong>Los montes se derriten como cera<\/strong><br \/><strong>ante el Se\u00f1or de toda la tierra.<\/strong><br \/><strong>Los cielos pregonan su justicia,<\/strong><br \/><strong>su inmensa gloria ven todos los pueblos. R.<\/strong><\/p>\n<p><strong>R. Que se alegren los justos con el Se\u00f1or.<\/strong><br \/><strong>Los que adoran estatuas<\/strong><br \/><strong>que se llenen de pena y se sonrojen<\/strong><br \/><strong>lo mismo el que se jacta de sus \u00eddolos.<\/strong><br \/><strong>Que caigan ante Dios todos los dioses. R.<\/strong><\/p>\n<p><strong>R. Que se alegren los justos con el Se\u00f1or.<\/strong><\/p>\n<\/div>\n<\/div>\n<\/div>\n<\/div>\n<div id=\"cs_control_289230\" class=\"cs_control  CS_Element_Textblock\">\n<div class=\"CS_Textblock_Text\">\n<div class=\"bibleReadingsWrapper\">\n<h4><strong>Aclamaci\u00f3n antes del Evangelio<\/strong><\/h4>\n<h4><strong>Rom 8, 15<\/strong><\/h4>\n<div class=\"poetry\">\n<p><strong>R. Aleluya, aleluya.<\/strong><br \/><strong>Hemos recibido un esp\u00edritu de hijos,<\/strong><br \/><strong>que nos hace exclamar: \u00a1Padre!<\/strong><br \/><strong>R. Aleluya.<\/strong><\/p>\n<\/div>\n<\/div>\n<\/div>\n<\/div>\n<div id=\"cs_control_289231\" class=\"cs_control  CS_Element_Textblock\">\n<div class=\"CS_Textblock_Text\">\n<div class=\"bibleReadingsWrapper\">\n<h4><strong>Evangelio<\/strong><\/h4>\n<h4><strong>Mt 6, 7-15<\/strong><\/h4>\n<div class=\"poetry\">\n<p><strong>En aquel tiempo, Jes\u00fas dijo a sus disc\u00edpulos: \u201cCuando ustedes hagan oraci\u00f3n, no hablen mucho, como los paganos, que se imaginan que a fuerza de mucho hablar ser\u00e1n escuchados. No los imiten, porque el Padre sabe lo que les hace falta, antes de que se lo pidan. Ustedes pues, oren as\u00ed:<\/strong><\/p>\n<p><strong>Padre nuestro, que est\u00e1s en el cielo,<\/strong><br \/><strong>santificado sea tu nombre,<\/strong><br \/><strong>venga tu Reino,<\/strong><br \/><strong>h\u00e1gase tu voluntad<\/strong><br \/><strong>en la tierra como en el cielo.<\/strong><\/p>\n<p><strong>Danos hoy nuestro pan de cada d\u00eda,<\/strong><br \/><strong>perdona nuestras ofensas,<\/strong><br \/><strong>como tambi\u00e9n nosotros perdonamos a los que nos ofenden;<\/strong><br \/><strong>no nos dejes caer en tentaci\u00f3n<\/strong><br \/><strong>y l\u00edbranos del mal.<\/strong><\/p>\n<p><strong>Si ustedes perdonan las faltas a los hombres, tambi\u00e9n a ustedes los perdonar\u00e1 el Padre celestial. Pero si ustedes no perdonan a los hombres, tampoco el Padre les perdonar\u00e1 a ustedes sus faltas\u201d.<\/strong><\/p>\n<\/div>\n<\/div>\n<\/div>\n<\/div>\n<div id=\"cs_control_289214\" class=\"cs_control  CS_Element_Textblock\">\n<div class=\"CS_Textblock_Text\">\n<p><img loading=\"lazy\" decoding=\"async\" src=\"http:\/\/fatherbroom.com\/es\/wp-content\/media\/sites\/3\/Screen-Shot-2020-06-18-at-8.52.55-AM-300x100.png\" alt=\"\" width=\"606\" height=\"202\" class=\"aligncenter  wp-image-22922\" srcset=\"https:\/\/fatherbroom.com\/es\/wp-content\/media\/sites\/3\/Screen-Shot-2020-06-18-at-8.52.55-AM-300x100.png 300w, https:\/\/fatherbroom.com\/es\/wp-content\/media\/sites\/3\/Screen-Shot-2020-06-18-at-8.52.55-AM-768x256.png 768w, https:\/\/fatherbroom.com\/es\/wp-content\/media\/sites\/3\/Screen-Shot-2020-06-18-at-8.52.55-AM-1024x341.png 1024w, https:\/\/fatherbroom.com\/es\/wp-content\/media\/sites\/3\/Screen-Shot-2020-06-18-at-8.52.55-AM.png 1334w\" sizes=\"auto, (max-width: 606px) 100vw, 606px\" \/><br \/><strong>Catecismo de la Iglesia Cat\u00f3lica<\/p>\n<p>IV.\u00a0La estructura del \u00abCatecismo de la Iglesia Cat\u00f3lica\u00bb<\/strong><\/p>\n<p><strong>13 El plan de este catecismo se inspira en la gran tradici\u00f3n de los catecismos, los cuales articulan la catequesis en torno a cuatro \u00abpilares\u00bb: la profesi\u00f3n de la fe bautismal (el S\u00edmbolo), los sacramentos de la fe, la vida de fe (los Mandamientos), la oraci\u00f3n del creyente (el Padre Nuestro).<\/strong><\/p>\n<p><strong><br \/><\/strong><span style=\"font-size: medium\"><b><\/b><\/span><strong><span style=\"font-size: medium\"><\/span><\/strong><\/p>\n<\/div>\n<\/div>\n<\/div>\n<\/div>\n<\/div>\n<\/div>\n<\/div>\n<\/div>\n<div class=\"synved-social-container synved-social-container-share\" style=\"text-align: center\"><a class=\"synved-social-button synved-social-button-share synved-social-size-48 synved-social-resolution-single synved-social-provider-facebook nolightbox\" data-provider=\"facebook\" target=\"_blank\" rel=\"nofollow\" title=\"Share on Facebook\" href=\"https:\/\/www.facebook.com\/sharer.php?u=https%3A%2F%2Ffatherbroom.com%2Fes%2Fwp-json%2Fwp%2Fv2%2Fposts%2F22918&#038;t=LECTURAS%20DEL%20DIA%20Y%20CATECISMO%20%7C%2018%20JUNIO%202020&#038;s=100&#038;p&#091;url&#093;=https%3A%2F%2Ffatherbroom.com%2Fes%2Fwp-json%2Fwp%2Fv2%2Fposts%2F22918&#038;p&#091;images&#093;&#091;0&#093;=http%3A%2F%2Ffatherbroom.com%2Fes%2Fwp-content%2Fmedia%2Fsites%2F3%2FScreen-Shot-2020-06-18-at-8.52.55-AM-300x100.png&#038;p&#091;title&#093;=LECTURAS%20DEL%20DIA%20Y%20CATECISMO%20%7C%2018%20JUNIO%202020\" style=\"font-size: 0px;width:48px;height:48px;margin:0;margin-bottom:5px;margin-right:5px\"><img loading=\"lazy\" decoding=\"async\" alt=\"Facebook\" title=\"Share on Facebook\" class=\"synved-share-image synved-social-image synved-social-image-share\" width=\"48\" height=\"48\" style=\"display: inline;width:48px;height:48px;margin: 0;padding: 0;border: none;box-shadow: none\" src=\"https:\/\/fatherbroom.com\/es\/wp-content\/plugins\/social-media-feather\/synved-social\/image\/social\/regular\/96x96\/facebook.png\" \/><\/a><a class=\"synved-social-button synved-social-button-share synved-social-size-48 synved-social-resolution-single synved-social-provider-twitter nolightbox\" data-provider=\"twitter\" target=\"_blank\" rel=\"nofollow\" title=\"Share on Twitter\" href=\"https:\/\/twitter.com\/intent\/tweet?url=https%3A%2F%2Ffatherbroom.com%2Fes%2Fwp-json%2Fwp%2Fv2%2Fposts%2F22918&#038;text=Hey%20check%20this%20out\" style=\"font-size: 0px;width:48px;height:48px;margin:0;margin-bottom:5px;margin-right:5px\"><img loading=\"lazy\" decoding=\"async\" alt=\"twitter\" title=\"Share on Twitter\" class=\"synved-share-image synved-social-image synved-social-image-share\" width=\"48\" height=\"48\" style=\"display: inline;width:48px;height:48px;margin: 0;padding: 0;border: none;box-shadow: none\" src=\"https:\/\/fatherbroom.com\/es\/wp-content\/plugins\/social-media-feather\/synved-social\/image\/social\/regular\/96x96\/twitter.png\" \/><\/a><a class=\"synved-social-button synved-social-button-share synved-social-size-48 synved-social-resolution-single synved-social-provider-reddit nolightbox\" data-provider=\"reddit\" target=\"_blank\" rel=\"nofollow\" title=\"Share on Reddit\" href=\"https:\/\/www.reddit.com\/submit?url=https%3A%2F%2Ffatherbroom.com%2Fes%2Fwp-json%2Fwp%2Fv2%2Fposts%2F22918&#038;title=LECTURAS%20DEL%20DIA%20Y%20CATECISMO%20%7C%2018%20JUNIO%202020\" style=\"font-size: 0px;width:48px;height:48px;margin:0;margin-bottom:5px;margin-right:5px\"><img loading=\"lazy\" decoding=\"async\" alt=\"reddit\" title=\"Share on Reddit\" class=\"synved-share-image synved-social-image synved-social-image-share\" width=\"48\" height=\"48\" style=\"display: inline;width:48px;height:48px;margin: 0;padding: 0;border: none;box-shadow: none\" src=\"https:\/\/fatherbroom.com\/es\/wp-content\/plugins\/social-media-feather\/synved-social\/image\/social\/regular\/96x96\/reddit.png\" \/><\/a><a class=\"synved-social-button synved-social-button-share synved-social-size-48 synved-social-resolution-single synved-social-provider-pinterest nolightbox\" data-provider=\"pinterest\" target=\"_blank\" rel=\"nofollow\" title=\"Pin it with Pinterest\" href=\"https:\/\/pinterest.com\/pin\/create\/button\/?url=https%3A%2F%2Ffatherbroom.com%2Fes%2Fwp-json%2Fwp%2Fv2%2Fposts%2F22918&#038;media=http%3A%2F%2Ffatherbroom.com%2Fes%2Fwp-content%2Fmedia%2Fsites%2F3%2FScreen-Shot-2020-06-18-at-8.52.55-AM-300x100.png&#038;description=LECTURAS%20DEL%20DIA%20Y%20CATECISMO%20%7C%2018%20JUNIO%202020\" style=\"font-size: 0px;width:48px;height:48px;margin:0;margin-bottom:5px;margin-right:5px\"><img loading=\"lazy\" decoding=\"async\" alt=\"pinterest\" title=\"Pin it with Pinterest\" class=\"synved-share-image synved-social-image synved-social-image-share\" width=\"48\" height=\"48\" style=\"display: inline;width:48px;height:48px;margin: 0;padding: 0;border: none;box-shadow: none\" src=\"https:\/\/fatherbroom.com\/es\/wp-content\/plugins\/social-media-feather\/synved-social\/image\/social\/regular\/96x96\/pinterest.png\" \/><\/a><a class=\"synved-social-button synved-social-button-share synved-social-size-48 synved-social-resolution-single synved-social-provider-linkedin nolightbox\" data-provider=\"linkedin\" target=\"_blank\" rel=\"nofollow\" title=\"Share on Linkedin\" href=\"https:\/\/www.linkedin.com\/shareArticle?mini=true&#038;url=https%3A%2F%2Ffatherbroom.com%2Fes%2Fwp-json%2Fwp%2Fv2%2Fposts%2F22918&#038;title=LECTURAS%20DEL%20DIA%20Y%20CATECISMO%20%7C%2018%20JUNIO%202020\" style=\"font-size: 0px;width:48px;height:48px;margin:0;margin-bottom:5px;margin-right:5px\"><img loading=\"lazy\" decoding=\"async\" alt=\"linkedin\" title=\"Share on Linkedin\" class=\"synved-share-image synved-social-image synved-social-image-share\" width=\"48\" height=\"48\" style=\"display: inline;width:48px;height:48px;margin: 0;padding: 0;border: none;box-shadow: none\" src=\"https:\/\/fatherbroom.com\/es\/wp-content\/plugins\/social-media-feather\/synved-social\/image\/social\/regular\/96x96\/linkedin.png\" \/><\/a><a class=\"synved-social-button synved-social-button-share synved-social-size-48 synved-social-resolution-single synved-social-provider-mail nolightbox\" data-provider=\"mail\" rel=\"nofollow\" title=\"Share by email\" href=\"mailto:?subject=LECTURAS%20DEL%20DIA%20Y%20CATECISMO%20%7C%2018%20JUNIO%202020&#038;body=Hey%20check%20this%20out:%20https%3A%2F%2Ffatherbroom.com%2Fes%2Fwp-json%2Fwp%2Fv2%2Fposts%2F22918\" style=\"font-size: 0px;width:48px;height:48px;margin:0;margin-bottom:5px\"><img loading=\"lazy\" decoding=\"async\" alt=\"mail\" title=\"Share by email\" class=\"synved-share-image synved-social-image synved-social-image-share\" width=\"48\" height=\"48\" style=\"display: inline;width:48px;height:48px;margin: 0;padding: 0;border: none;box-shadow: none\" src=\"https:\/\/fatherbroom.com\/es\/wp-content\/plugins\/social-media-feather\/synved-social\/image\/social\/regular\/96x96\/mail.png\" \/><\/a><\/div>","protected":false},"excerpt":{"rendered":"<p>18 de junio 2020 Jueves de la XI semana del Tiempo ordinarioPrimera lectura Ecles (Sir) 48, 1-15 En aquel tiempo, surgi\u00f3 El\u00edas, un profeta de fuego;su palabra quemaba como una llama.\u00c9l hizo caer sobre los israelitas el hambrey con celo los diezm\u00f3.En el nombre del Se\u00f1or cerr\u00f3 las compuertas del cieloe hizo que descendiera tres [&hellip;]<\/p>\n","protected":false},"author":7,"featured_media":0,"comment_status":"open","ping_status":"open","sticky":false,"template":"","format":"standard","meta":{"_genesis_hide_title":false,"_genesis_hide_breadcrumbs":false,"_genesis_hide_singular_image":false,"_genesis_hide_footer_widgets":false,"_genesis_custom_body_class":"","_genesis_custom_post_class":"","_genesis_layout":"","footnotes":""},"categories":[277],"tags":[],"class_list":{"0":"post-22918","1":"post","2":"type-post","3":"status-publish","4":"format-standard","6":"category-lecturas-del-dia","7":"entry"},"_links":{"self":[{"href":"https:\/\/fatherbroom.com\/es\/wp-json\/wp\/v2\/posts\/22918","targetHints":{"allow":["GET"]}}],"collection":[{"href":"https:\/\/fatherbroom.com\/es\/wp-json\/wp\/v2\/posts"}],"about":[{"href":"https:\/\/fatherbroom.com\/es\/wp-json\/wp\/v2\/types\/post"}],"author":[{"embeddable":true,"href":"https:\/\/fatherbroom.com\/es\/wp-json\/wp\/v2\/users\/7"}],"replies":[{"embeddable":true,"href":"https:\/\/fatherbroom.com\/es\/wp-json\/wp\/v2\/comments?post=22918"}],"version-history":[{"count":4,"href":"https:\/\/fatherbroom.com\/es\/wp-json\/wp\/v2\/posts\/22918\/revisions"}],"predecessor-version":[{"id":22924,"href":"https:\/\/fatherbroom.com\/es\/wp-json\/wp\/v2\/posts\/22918\/revisions\/22924"}],"wp:attachment":[{"href":"https:\/\/fatherbroom.com\/es\/wp-json\/wp\/v2\/media?parent=22918"}],"wp:term":[{"taxonomy":"category","embeddable":true,"href":"https:\/\/fatherbroom.com\/es\/wp-json\/wp\/v2\/categories?post=22918"},{"taxonomy":"post_tag","embeddable":true,"href":"https:\/\/fatherbroom.com\/es\/wp-json\/wp\/v2\/tags?post=22918"}],"curies":[{"name":"wp","href":"https:\/\/api.w.org\/{rel}","templated":true}]}}