{"id":22888,"date":"2020-06-17T05:00:48","date_gmt":"2020-06-17T12:00:48","guid":{"rendered":"http:\/\/fatherbroom.com\/es\/?p=22888"},"modified":"2020-06-16T21:34:08","modified_gmt":"2020-06-17T04:34:08","slug":"lecturas-del-dia-y-catecismo-17-junio-2020","status":"publish","type":"post","link":"https:\/\/fatherbroom.com\/es\/2020\/06\/lecturas-del-dia-y-catecismo-17-junio-2020\/","title":{"rendered":"LECTURAS DEL DIA Y CATECISMO | 17 JUNIO 2020"},"content":{"rendered":"<h4><img loading=\"lazy\" decoding=\"async\" src=\"http:\/\/fatherbroom.com\/es\/wp-content\/media\/sites\/3\/Screen-Shot-2020-06-16-at-9.31.49-PM-300x169.png\" alt=\"\" width=\"586\" height=\"330\" class=\"aligncenter  wp-image-22890\" srcset=\"https:\/\/fatherbroom.com\/es\/wp-content\/media\/sites\/3\/Screen-Shot-2020-06-16-at-9.31.49-PM-300x169.png 300w, https:\/\/fatherbroom.com\/es\/wp-content\/media\/sites\/3\/Screen-Shot-2020-06-16-at-9.31.49-PM-768x433.png 768w, https:\/\/fatherbroom.com\/es\/wp-content\/media\/sites\/3\/Screen-Shot-2020-06-16-at-9.31.49-PM-1024x577.png 1024w, https:\/\/fatherbroom.com\/es\/wp-content\/media\/sites\/3\/Screen-Shot-2020-06-16-at-9.31.49-PM.png 1384w\" sizes=\"auto, (max-width: 586px) 100vw, 586px\" \/><\/p>\n<p><strong>17 de junio 2020<\/strong><\/h4>\n<h4 class=\"imgLine marginBottom10\"><strong>Mi\u00e9rcoles de la XI semana del Tiempo ordinario<\/strong><\/p>\n<p><strong>Primera lectura<\/strong><\/h4>\n<div class=\"contentarea\">\n<div id=\"cs_control_1386\" class=\"cs_control CS_Element_Schedule\">\n<div title=\"\" id=\"CS_Element_maincontent\">\n<div id=\"gridRow_1_1_1386\" class=\"cs_GridRow\">\n<div id=\"gridCol_1_1_1_1_1386\" class=\"cs_GridColumn\">\n<div id=\"cs_control_3684\" class=\"cs_control  CS_Element_Textblock\">\n<div class=\"CS_Textblock_Text\">\n<div class=\"bibleReadingsWrapper\">\n<h4><strong>2 Reyes 2, 1. 6-14<\/strong><\/h4>\n<div class=\"poetry\">\n<p><strong>Esto fue lo que sucedi\u00f3 cuando el Se\u00f1or iba a arrebatar a El\u00edas en un remolino hacia el cielo. Ese d\u00eda El\u00edas y Eliseo hab\u00edan salido de Guilgal. Al llegar a Jeric\u00f3, El\u00edas le dijo a Eliseo: \u201cQu\u00e9date aqu\u00ed, porque el Se\u00f1or me env\u00eda al Jord\u00e1n\u201d. Respondi\u00f3 Eliseo: \u201cPor Dios y por tu vida que no te dejar\u00e9 ir solo\u201d. Y se fueron los dos juntos.<\/strong><\/p>\n<p><strong>Los acompa\u00f1aban cincuenta hombres de la comunidad de los profetas, los cuales, al llegar El\u00edas y Eliseo a la orilla del Jord\u00e1n, se detuvieron a cierta distancia de ellos. El\u00edas tom\u00f3 su manto, lo enroll\u00f3 y con \u00e9l golpe\u00f3 las aguas; \u00e9stas se separaron a un lado y a otro, y ambos pasaron el r\u00edo sin mojarse.<\/strong><\/p>\n<p><strong>Despu\u00e9s de cruzar, El\u00edas le dijo a Eliseo: \u201cP\u00eddeme lo que quieras que haga por ti, antes de que sea arrebatado de tu lado\u201d. Respondi\u00f3 Eliseo: \u201cQue sea el heredero principal de tu esp\u00edritu\u201d. Le dijo El\u00edas: \u201cEs dif\u00edcil lo que pides; pero si alcanzas a verme, cuando sea arrebatado de tu lado, lo obtendr\u00e1s; si no, no lo obtendr\u00e1s\u201d.<\/strong><\/p>\n<p><strong>Siguieron caminando y conversando, cuando un carro de fuego, con caballos de fuego, se interpuso entre ellos, y El\u00edas subi\u00f3 al cielo en un remolino. Eliseo lo ve\u00eda alejarse y le gritaba: \u201c\u00a1Padre m\u00edo, padre m\u00edo, carro y auriga de Israel!\u201d<\/strong><\/p>\n<p><strong>Y ya no lo volvi\u00f3 a ver. Entonces se rasg\u00f3 las vestiduras, recogi\u00f3 el manto que se le hab\u00eda ca\u00eddo a El\u00edas, regres\u00f3 y se detuvo en la orilla del Jord\u00e1n. Tom\u00f3 el manto de El\u00edas y golpe\u00f3 con \u00e9l las aguas, y no se separaron. Entonces dijo: \u201c\u00bfD\u00f3nde est\u00e1 el Se\u00f1or, el Dios de El\u00edas?\u201d Volvi\u00f3 a golpear las aguas y entonces se separaron a un lado y a otro, y pas\u00f3 Eliseo.<\/strong><\/p>\n<\/div>\n<\/div>\n<\/div>\n<\/div>\n<div id=\"cs_control_289228\" class=\"cs_control  CS_Element_Textblock\">\n<div class=\"CS_Textblock_Text\">\n<div class=\"bibleReadingsWrapper\">\n<h4><strong>Salmo Responsorial<\/strong><\/h4>\n<h4><strong>Salmo 30, 20. 21.22. 23. 24<\/strong><\/h4>\n<div class=\"poetry\">\n<p><strong>R. (25) Amemos al Se\u00f1or todos sus fieles.<\/strong><br \/><strong>\u00a1Qu\u00e9 grande es la bondad que has reservado,<\/strong><br \/><strong>Se\u00f1or, para tus fieles!<\/strong><br \/><strong>Con quien se acoge a ti,<\/strong><br \/><strong>Se\u00f1or, \u00a1que bueno eres! R.<\/strong><\/p>\n<p><strong>R. Amemos al Se\u00f1or todos sus fieles.<\/strong><br \/><strong>Tu presencia lo ampara<\/strong><br \/><strong>de todos las intrigas de los hombres,<\/strong><br \/><strong>y lo pone a resguardo<\/strong><br \/><strong>de las burlas y las murmuraciones. R.<\/strong><\/p>\n<p><strong>R. Amemos al Se\u00f1or todos sus fieles.<\/strong><br \/><strong>Que amen al Se\u00f1or todos sus fieles,<\/strong><br \/><strong>Pues protege a los leales<\/strong><br \/><strong>y a los soberbios da lo que merecen. R.<\/strong><\/p>\n<p><strong>R. Amemos al Se\u00f1or todos sus fieles.<\/strong><\/p>\n<\/div>\n<\/div>\n<\/div>\n<\/div>\n<div id=\"cs_control_289230\" class=\"cs_control  CS_Element_Textblock\">\n<div class=\"CS_Textblock_Text\">\n<div class=\"bibleReadingsWrapper\">\n<h4><strong>Aclamaci\u00f3n antes del Evangelio<\/strong><\/h4>\n<h4><strong>Jn 14, 23<\/strong><\/h4>\n<div class=\"poetry\">\n<p><strong>R. Aleluya, aleluya.<\/strong><br \/><strong>El que me ama cumplir\u00e1 mi palabra y mi Padre lo amar\u00e1<\/strong><br \/><strong>y haremos en \u00e9l nuestra morada, dice el Se\u00f1or.<\/strong><br \/><strong>R. Aleluya.<\/strong><\/p>\n<\/div>\n<\/div>\n<\/div>\n<\/div>\n<div id=\"cs_control_289231\" class=\"cs_control  CS_Element_Textblock\">\n<div class=\"CS_Textblock_Text\">\n<div class=\"bibleReadingsWrapper\">\n<h4><strong>Evangelio<\/strong><\/h4>\n<h4><strong>Mt 6, 1-6. 16-18<\/strong><\/h4>\n<div class=\"poetry\">\n<p><strong>En aquel tiempo, Jes\u00fas dijo a sus disc\u00edpulos: \u201cTengan cuidado de no practicar sus obras de piedad delante de los hombres para que los vean. De lo contrario, no tendr\u00e1n recompensa con su Padre celestial.<\/strong><\/p>\n<p><strong>Por lo tanto, cuando des limosna, no lo anuncies con trompeta, como hacen los hip\u00f3critas en las sinagogas y por las calles, para que los alaben los hombres. Yo les aseguro que ya recibieron su recompensa. T\u00fa, en cambio, cuando des limosna, que no sepa tu mano izquierda lo que hace la derecha, para que tu limosna quede en secreto; y tu Padre, que ve lo secreto, te recompensar\u00e1.<\/strong><\/p>\n<p><strong>Cuando ustedes hagan oraci\u00f3n, no sean como los hip\u00f3critas, a quienes les gusta orar de pie en las sinagogas y en las esquinas de las plazas, para que los vea la gente. Yo les aseguro que ya recibieron su recompensa. T\u00fa, en cambio, cuando vayas a orar, entra en tu cuarto, cierra la puerta y ora ante tu Padre, que est\u00e1 all\u00ed, en lo secreto; y tu Padre, que ve lo secreto, te recompensar\u00e1.<\/strong><\/p>\n<p><strong>Cuando ustedes ayunen, no pongan cara triste, como esos hip\u00f3critas que descuidan la apariencia de su rostro, para que la gente note que est\u00e1n ayunando. Yo les aseguro que ya recibieron su recompensa. T\u00fa, en cambio, cuando ayunes, perf\u00famate la cabeza y l\u00e1vate la cara, para que no sepa la gente que est\u00e1s ayunando, sino tu Padre, que est\u00e1 en lo secreto; y tu Padre, que ve lo secreto, te recompensar\u00e1\u2019\u2019.<\/strong><\/p>\n<\/div>\n<\/div>\n<\/div>\n<\/div>\n<div id=\"cs_control_289214\" class=\"cs_control  CS_Element_Textblock\"><\/div>\n<\/div>\n<\/div>\n<\/div>\n<\/div>\n<\/div>\n<p><img loading=\"lazy\" decoding=\"async\" src=\"http:\/\/fatherbroom.com\/es\/wp-content\/media\/sites\/3\/Screen-Shot-2020-06-16-at-9.33.15-PM-300x100.png\" alt=\"\" width=\"531\" height=\"177\" class=\"aligncenter  wp-image-22891\" srcset=\"https:\/\/fatherbroom.com\/es\/wp-content\/media\/sites\/3\/Screen-Shot-2020-06-16-at-9.33.15-PM-300x100.png 300w, https:\/\/fatherbroom.com\/es\/wp-content\/media\/sites\/3\/Screen-Shot-2020-06-16-at-9.33.15-PM-768x257.png 768w, https:\/\/fatherbroom.com\/es\/wp-content\/media\/sites\/3\/Screen-Shot-2020-06-16-at-9.33.15-PM-1024x343.png 1024w, https:\/\/fatherbroom.com\/es\/wp-content\/media\/sites\/3\/Screen-Shot-2020-06-16-at-9.33.15-PM.png 1148w\" sizes=\"auto, (max-width: 531px) 100vw, 531px\" \/><br \/><strong>Catecismo de la Iglesia Cat\u00f3lica<\/strong><\/p>\n<p><strong>12 El presente catecismo est\u00e1 destinado principalmente a los responsables de la catequesis: en primer lugar a los Obispos, en cuanto doctores de la fe y pastores de la Iglesia. Les es ofrecido como instrumento para la realizaci\u00f3n de su tarea de ense\u00f1ar al Pueblo de Dios. A trav\u00e9s de los Obispos, se dirige a los redactores de catecismos, a los sacerdotes y a los catequistas. Ser\u00e1 tambi\u00e9n de \u00fatil lectura para todos los dem\u00e1s fieles cristianos.<\/strong><\/p>\n<div class=\"synved-social-container synved-social-container-share\" style=\"text-align: center\"><a class=\"synved-social-button synved-social-button-share synved-social-size-48 synved-social-resolution-single synved-social-provider-facebook nolightbox\" data-provider=\"facebook\" target=\"_blank\" rel=\"nofollow\" title=\"Share on Facebook\" href=\"https:\/\/www.facebook.com\/sharer.php?u=https%3A%2F%2Ffatherbroom.com%2Fes%2Fwp-json%2Fwp%2Fv2%2Fposts%2F22888&#038;t=LECTURAS%20DEL%20DIA%20Y%20CATECISMO%20%7C%2017%20JUNIO%202020&#038;s=100&#038;p&#091;url&#093;=https%3A%2F%2Ffatherbroom.com%2Fes%2Fwp-json%2Fwp%2Fv2%2Fposts%2F22888&#038;p&#091;images&#093;&#091;0&#093;=http%3A%2F%2Ffatherbroom.com%2Fes%2Fwp-content%2Fmedia%2Fsites%2F3%2FScreen-Shot-2020-06-16-at-9.33.15-PM-300x100.png&#038;p&#091;title&#093;=LECTURAS%20DEL%20DIA%20Y%20CATECISMO%20%7C%2017%20JUNIO%202020\" style=\"font-size: 0px;width:48px;height:48px;margin:0;margin-bottom:5px;margin-right:5px\"><img loading=\"lazy\" decoding=\"async\" alt=\"Facebook\" title=\"Share on Facebook\" class=\"synved-share-image synved-social-image synved-social-image-share\" width=\"48\" height=\"48\" style=\"display: inline;width:48px;height:48px;margin: 0;padding: 0;border: none;box-shadow: none\" src=\"https:\/\/fatherbroom.com\/es\/wp-content\/plugins\/social-media-feather\/synved-social\/image\/social\/regular\/96x96\/facebook.png\" \/><\/a><a class=\"synved-social-button synved-social-button-share synved-social-size-48 synved-social-resolution-single synved-social-provider-twitter nolightbox\" data-provider=\"twitter\" target=\"_blank\" rel=\"nofollow\" title=\"Share on Twitter\" href=\"https:\/\/twitter.com\/intent\/tweet?url=https%3A%2F%2Ffatherbroom.com%2Fes%2Fwp-json%2Fwp%2Fv2%2Fposts%2F22888&#038;text=Hey%20check%20this%20out\" style=\"font-size: 0px;width:48px;height:48px;margin:0;margin-bottom:5px;margin-right:5px\"><img loading=\"lazy\" decoding=\"async\" alt=\"twitter\" title=\"Share on Twitter\" class=\"synved-share-image synved-social-image synved-social-image-share\" width=\"48\" height=\"48\" style=\"display: inline;width:48px;height:48px;margin: 0;padding: 0;border: none;box-shadow: none\" src=\"https:\/\/fatherbroom.com\/es\/wp-content\/plugins\/social-media-feather\/synved-social\/image\/social\/regular\/96x96\/twitter.png\" \/><\/a><a class=\"synved-social-button synved-social-button-share synved-social-size-48 synved-social-resolution-single synved-social-provider-reddit nolightbox\" data-provider=\"reddit\" target=\"_blank\" rel=\"nofollow\" title=\"Share on Reddit\" href=\"https:\/\/www.reddit.com\/submit?url=https%3A%2F%2Ffatherbroom.com%2Fes%2Fwp-json%2Fwp%2Fv2%2Fposts%2F22888&#038;title=LECTURAS%20DEL%20DIA%20Y%20CATECISMO%20%7C%2017%20JUNIO%202020\" style=\"font-size: 0px;width:48px;height:48px;margin:0;margin-bottom:5px;margin-right:5px\"><img loading=\"lazy\" decoding=\"async\" alt=\"reddit\" title=\"Share on Reddit\" class=\"synved-share-image synved-social-image synved-social-image-share\" width=\"48\" height=\"48\" style=\"display: inline;width:48px;height:48px;margin: 0;padding: 0;border: none;box-shadow: none\" src=\"https:\/\/fatherbroom.com\/es\/wp-content\/plugins\/social-media-feather\/synved-social\/image\/social\/regular\/96x96\/reddit.png\" \/><\/a><a class=\"synved-social-button synved-social-button-share synved-social-size-48 synved-social-resolution-single synved-social-provider-pinterest nolightbox\" data-provider=\"pinterest\" target=\"_blank\" rel=\"nofollow\" title=\"Pin it with Pinterest\" href=\"https:\/\/pinterest.com\/pin\/create\/button\/?url=https%3A%2F%2Ffatherbroom.com%2Fes%2Fwp-json%2Fwp%2Fv2%2Fposts%2F22888&#038;media=http%3A%2F%2Ffatherbroom.com%2Fes%2Fwp-content%2Fmedia%2Fsites%2F3%2FScreen-Shot-2020-06-16-at-9.33.15-PM-300x100.png&#038;description=LECTURAS%20DEL%20DIA%20Y%20CATECISMO%20%7C%2017%20JUNIO%202020\" style=\"font-size: 0px;width:48px;height:48px;margin:0;margin-bottom:5px;margin-right:5px\"><img loading=\"lazy\" decoding=\"async\" alt=\"pinterest\" title=\"Pin it with Pinterest\" class=\"synved-share-image synved-social-image synved-social-image-share\" width=\"48\" height=\"48\" style=\"display: inline;width:48px;height:48px;margin: 0;padding: 0;border: none;box-shadow: none\" src=\"https:\/\/fatherbroom.com\/es\/wp-content\/plugins\/social-media-feather\/synved-social\/image\/social\/regular\/96x96\/pinterest.png\" \/><\/a><a class=\"synved-social-button synved-social-button-share synved-social-size-48 synved-social-resolution-single synved-social-provider-linkedin nolightbox\" data-provider=\"linkedin\" target=\"_blank\" rel=\"nofollow\" title=\"Share on Linkedin\" href=\"https:\/\/www.linkedin.com\/shareArticle?mini=true&#038;url=https%3A%2F%2Ffatherbroom.com%2Fes%2Fwp-json%2Fwp%2Fv2%2Fposts%2F22888&#038;title=LECTURAS%20DEL%20DIA%20Y%20CATECISMO%20%7C%2017%20JUNIO%202020\" style=\"font-size: 0px;width:48px;height:48px;margin:0;margin-bottom:5px;margin-right:5px\"><img loading=\"lazy\" decoding=\"async\" alt=\"linkedin\" title=\"Share on Linkedin\" class=\"synved-share-image synved-social-image synved-social-image-share\" width=\"48\" height=\"48\" style=\"display: inline;width:48px;height:48px;margin: 0;padding: 0;border: none;box-shadow: none\" src=\"https:\/\/fatherbroom.com\/es\/wp-content\/plugins\/social-media-feather\/synved-social\/image\/social\/regular\/96x96\/linkedin.png\" \/><\/a><a class=\"synved-social-button synved-social-button-share synved-social-size-48 synved-social-resolution-single synved-social-provider-mail nolightbox\" data-provider=\"mail\" rel=\"nofollow\" title=\"Share by email\" href=\"mailto:?subject=LECTURAS%20DEL%20DIA%20Y%20CATECISMO%20%7C%2017%20JUNIO%202020&#038;body=Hey%20check%20this%20out:%20https%3A%2F%2Ffatherbroom.com%2Fes%2Fwp-json%2Fwp%2Fv2%2Fposts%2F22888\" style=\"font-size: 0px;width:48px;height:48px;margin:0;margin-bottom:5px\"><img loading=\"lazy\" decoding=\"async\" alt=\"mail\" title=\"Share by email\" class=\"synved-share-image synved-social-image synved-social-image-share\" width=\"48\" height=\"48\" style=\"display: inline;width:48px;height:48px;margin: 0;padding: 0;border: none;box-shadow: none\" src=\"https:\/\/fatherbroom.com\/es\/wp-content\/plugins\/social-media-feather\/synved-social\/image\/social\/regular\/96x96\/mail.png\" \/><\/a><\/div>","protected":false},"excerpt":{"rendered":"<p>17 de junio 2020 Mi\u00e9rcoles de la XI semana del Tiempo ordinario Primera lectura 2 Reyes 2, 1. 6-14 Esto fue lo que sucedi\u00f3 cuando el Se\u00f1or iba a arrebatar a El\u00edas en un remolino hacia el cielo. Ese d\u00eda El\u00edas y Eliseo hab\u00edan salido de Guilgal. Al llegar a Jeric\u00f3, El\u00edas le dijo a [&hellip;]<\/p>\n","protected":false},"author":7,"featured_media":0,"comment_status":"open","ping_status":"open","sticky":false,"template":"","format":"standard","meta":{"_genesis_hide_title":false,"_genesis_hide_breadcrumbs":false,"_genesis_hide_singular_image":false,"_genesis_hide_footer_widgets":false,"_genesis_custom_body_class":"","_genesis_custom_post_class":"","_genesis_layout":"","footnotes":""},"categories":[277],"tags":[],"class_list":{"0":"post-22888","1":"post","2":"type-post","3":"status-publish","4":"format-standard","6":"category-lecturas-del-dia","7":"entry"},"_links":{"self":[{"href":"https:\/\/fatherbroom.com\/es\/wp-json\/wp\/v2\/posts\/22888","targetHints":{"allow":["GET"]}}],"collection":[{"href":"https:\/\/fatherbroom.com\/es\/wp-json\/wp\/v2\/posts"}],"about":[{"href":"https:\/\/fatherbroom.com\/es\/wp-json\/wp\/v2\/types\/post"}],"author":[{"embeddable":true,"href":"https:\/\/fatherbroom.com\/es\/wp-json\/wp\/v2\/users\/7"}],"replies":[{"embeddable":true,"href":"https:\/\/fatherbroom.com\/es\/wp-json\/wp\/v2\/comments?post=22888"}],"version-history":[{"count":2,"href":"https:\/\/fatherbroom.com\/es\/wp-json\/wp\/v2\/posts\/22888\/revisions"}],"predecessor-version":[{"id":22892,"href":"https:\/\/fatherbroom.com\/es\/wp-json\/wp\/v2\/posts\/22888\/revisions\/22892"}],"wp:attachment":[{"href":"https:\/\/fatherbroom.com\/es\/wp-json\/wp\/v2\/media?parent=22888"}],"wp:term":[{"taxonomy":"category","embeddable":true,"href":"https:\/\/fatherbroom.com\/es\/wp-json\/wp\/v2\/categories?post=22888"},{"taxonomy":"post_tag","embeddable":true,"href":"https:\/\/fatherbroom.com\/es\/wp-json\/wp\/v2\/tags?post=22888"}],"curies":[{"name":"wp","href":"https:\/\/api.w.org\/{rel}","templated":true}]}}