{"id":22880,"date":"2020-06-16T05:00:04","date_gmt":"2020-06-16T12:00:04","guid":{"rendered":"http:\/\/fatherbroom.com\/es\/?p=22880"},"modified":"2020-06-15T09:12:11","modified_gmt":"2020-06-15T16:12:11","slug":"lecturas-del-dia-y-catecismo-16-junio-2020","status":"publish","type":"post","link":"https:\/\/fatherbroom.com\/es\/2020\/06\/lecturas-del-dia-y-catecismo-16-junio-2020\/","title":{"rendered":"LECTURAS DEL DIA Y CATECISMO | 16 JUNIO 2020"},"content":{"rendered":"<p><strong><img loading=\"lazy\" decoding=\"async\" src=\"http:\/\/fatherbroom.com\/es\/wp-content\/media\/sites\/3\/Screen-Shot-2020-06-15-at-9.09.41-AM-300x169.png\" alt=\"\" width=\"588\" height=\"331\" class=\"aligncenter  wp-image-22882\" srcset=\"https:\/\/fatherbroom.com\/es\/wp-content\/media\/sites\/3\/Screen-Shot-2020-06-15-at-9.09.41-AM-300x169.png 300w, https:\/\/fatherbroom.com\/es\/wp-content\/media\/sites\/3\/Screen-Shot-2020-06-15-at-9.09.41-AM-768x431.png 768w, https:\/\/fatherbroom.com\/es\/wp-content\/media\/sites\/3\/Screen-Shot-2020-06-15-at-9.09.41-AM-1024x575.png 1024w, https:\/\/fatherbroom.com\/es\/wp-content\/media\/sites\/3\/Screen-Shot-2020-06-15-at-9.09.41-AM.png 1296w\" sizes=\"auto, (max-width: 588px) 100vw, 588px\" \/><\/strong><\/p>\n<h4><strong>16 de junio 2020<\/strong><\/h4>\n<h4 class=\"imgLine marginBottom10\"><strong>Martes de la XI semana del Tiempo ordinario<\/strong><\/p>\n<p><strong>Primera lectura<\/strong><\/h4>\n<div class=\"contentarea\">\n<div id=\"cs_control_1386\" class=\"cs_control CS_Element_Schedule\">\n<div title=\"\" id=\"CS_Element_maincontent\">\n<div id=\"gridRow_1_1_1386\" class=\"cs_GridRow\">\n<div id=\"gridCol_1_1_1_1_1386\" class=\"cs_GridColumn\">\n<div id=\"cs_control_157991\" class=\"cs_control  lecturas-block\">\n<div id=\"cs_control_3684\" class=\"cs_control  CS_Element_Textblock\">\n<div class=\"CS_Textblock_Text\">\n<div class=\"bibleReadingsWrapper\">\n<h4><strong>1 Reyes 21, 17-29<\/strong><\/h4>\n<div class=\"poetry\">\n<p><strong>Despu\u00e9s de la muerte de Nabot, el Se\u00f1or le dirigi\u00f3 la palabra al profeta El\u00edas y le dijo: \u201cLev\u00e1ntate y ve al encuentro de Ajab, rey de Israel, que vive en Samaria. Se encuentra en la vi\u00f1a de Nabot, a donde ha ido para apropi\u00e1rsela. Dile lo siguiente: \u2018Esto dice el Se\u00f1or: \u00bfAs\u00ed que, adem\u00e1s de asesinar, est\u00e1s robando?\u2019 Dile tambi\u00e9n: \u2018Por eso, dice el Se\u00f1or, en el mismo lugar en que los perros han lamido la sangre de Nabot, los perros lamer\u00e1n tambi\u00e9n tu propia sangre\u2019 \u201d.<\/strong><\/p>\n<p><strong>Ajab le dijo a El\u00edas: \u201c\u00bfHas vuelto a encontrarme, enemigo m\u00edo?\u201d Le respondi\u00f3 El\u00edas: \u201cS\u00ed, te he vuelto a encontrar. \u2018Porque te has prestado para hacer el mal ante mis ojos, dice el Se\u00f1or, yo mismo voy a castigarte: voy a barrer a tu posteridad y a exterminar en Israel a todo var\u00f3n de tu casa, libre o esclavo. Har\u00e9 con tu casa lo que hice con la de Jeroboam, hijo de Nebat, y con la de Bas\u00e1, hijo de Aj\u00edas, porque has provocado mi c\u00f3lera y has hecho pecar a Israel. A los hijos de Ajab que mueran en la ciudad, los devorar\u00e1n los perros; y a los que mueran en el campo, se los comer\u00e1n los buitres\u2019. Tambi\u00e9n contra Jezabel ha hablado el Se\u00f1or y ha dicho: \u2018Los perros devorar\u00e1n a Jezabel en el campo de Yezrael\u2019\u201d.<\/strong><\/p>\n<p><strong>(Y es que en realidad no hubo otro que se prestara tanto como Ajab para hacer el mal ante los ojos del Se\u00f1or, instigado por su esposa Jezabel. Su proceder fue abominable, porque ador\u00f3 a los \u00eddolos que hab\u00edan hecho los amorreos, a quienes el Se\u00f1or expuls\u00f3 del pa\u00eds para d\u00e1rselo a los hijos de Israel).<\/strong><\/p>\n<p><strong>Cuando Ajab oy\u00f3 estas palabras, desgarr\u00f3 sus vestiduras, se puso un vestido de sayal y ayun\u00f3; se acostaba con el sayal puesto y andaba cabizbajo. Entonces el Se\u00f1or le habl\u00f3 al profeta El\u00edas y le dijo: \u201c\u00bfHas visto c\u00f3mo se ha humillado Ajab en mi presencia? Por eso, no lo castigar\u00e9 a \u00e9l durante su vida, pero en vida de su hijo castigar\u00e9 a su casa\u201d.<\/strong><\/p>\n<\/div>\n<\/div>\n<\/div>\n<\/div>\n<div id=\"cs_control_289228\" class=\"cs_control  CS_Element_Textblock\">\n<div class=\"CS_Textblock_Text\">\n<div class=\"bibleReadingsWrapper\">\n<h4><strong>Salmo Responsorial<\/strong><\/h4>\n<h4><strong>Salmo 50, 3-4. 5-6a.11 y 16<\/strong><\/h4>\n<div class=\"poetry\">\n<p><strong>R. (cf. 3a) Misericordia, Se\u00f1or, hemos pecado.<\/strong><br \/><strong>Por tu inmensa compasi\u00f3n<\/strong><br \/><strong>Se\u00f1or, api\u00e1date de m\u00ed y olvida mis ofensas.<\/strong><br \/><strong>L\u00e1vame bien de todos mis delitos<\/strong><br \/><strong>y purif\u00edcame de mis pecados. R.<\/strong><\/p>\n<p><strong>R. Misericordia, Se\u00f1or, hemos pecado.<\/strong><br \/><strong>Puesto que reconozco mis culpas,<\/strong><br \/><strong>tengo siempre presentes mis pecados.<\/strong><br \/><strong>Contra ti s\u00f3lo pequ\u00e9, Se\u00f1or,<\/strong><br \/><strong>haciendo lo que a tus ojos era malo. R.<br \/><\/strong><br \/><strong>R. Misericordia, Se\u00f1or, hemos pecado.<\/strong><br \/><strong>Aleja de tu vista mis maldades<\/strong><br \/><strong>y olv\u00eddate de todos mis pecados.<\/strong><br \/><strong>L\u00edbrame de la sangre, oh Dios, salvador m\u00edo,<\/strong><br \/><strong>y aclamar\u00e1 mi lengua tu justicia. R.<\/strong><\/p>\n<p><strong>R. Misericordia, Se\u00f1or, hemos pecado.<\/strong><\/p>\n<\/div>\n<\/div>\n<\/div>\n<\/div>\n<div id=\"cs_control_289230\" class=\"cs_control  CS_Element_Textblock\">\n<div class=\"CS_Textblock_Text\">\n<div class=\"bibleReadingsWrapper\">\n<h4><strong>Aclamaci\u00f3n antes del Evangelio<\/strong><\/h4>\n<h4><strong>Jn 13, 34<\/strong><\/h4>\n<div class=\"poetry\">\n<p><strong>R. Aleluya, aleluya.<\/strong><br \/><strong>Les doy un mandamiento nuevo, dice el Se\u00f1or,<\/strong><br \/><strong>que se amen los unos a los otros, como yo los he amado.<\/strong><br \/><strong>R. Aleluya.<\/strong><\/p>\n<\/div>\n<\/div>\n<\/div>\n<\/div>\n<div id=\"cs_control_289231\" class=\"cs_control  CS_Element_Textblock\">\n<div class=\"CS_Textblock_Text\">\n<div class=\"bibleReadingsWrapper\">\n<h4><strong>Evangelio<\/strong><\/h4>\n<h4><strong>Mt 5, 43-48<\/strong><\/h4>\n<div class=\"poetry\">\n<p><strong>En aquel tiempo, Jes\u00fas dijo a sus disc\u00edpulos: \u201cHan o\u00eddo ustedes que se dijo: Ama a tu pr\u00f3jimo y odia a tu enemigo; yo, en cambio, les digo: Amen a sus enemigos, hagan el bien a los que los odian y rueguen por los que los persiguen y calumnian, para que sean hijos de su Padre celestial, que hace salir su sol sobre los buenos y los malos, y manda su lluvia sobre los justos y los injustos.<\/strong><\/p>\n<p><strong>Porque si ustedes aman a los que los aman, \u00bfqu\u00e9 recompensa merecen? \u00bfNo hacen eso mismo los publicanos? Y si saludan tan s\u00f3lo a sus hermanos, \u00bfqu\u00e9 hacen de extraordinario? \u00bfNo hacen eso mismo los paganos? Ustedes, pues, sean perfectos, como su Padre celestial es perfecto\u201d.<\/strong><\/p>\n<\/div>\n<\/div>\n<\/div>\n<\/div>\n<\/div>\n<\/div>\n<\/div>\n<\/div>\n<\/div>\n<\/div>\n<p><strong><img loading=\"lazy\" decoding=\"async\" src=\"http:\/\/fatherbroom.com\/es\/wp-content\/media\/sites\/3\/Screen-Shot-2020-06-15-at-9.10.51-AM-300x100.png\" alt=\"\" width=\"555\" height=\"185\" class=\"aligncenter  wp-image-22883\" srcset=\"https:\/\/fatherbroom.com\/es\/wp-content\/media\/sites\/3\/Screen-Shot-2020-06-15-at-9.10.51-AM-300x100.png 300w, https:\/\/fatherbroom.com\/es\/wp-content\/media\/sites\/3\/Screen-Shot-2020-06-15-at-9.10.51-AM-768x256.png 768w, https:\/\/fatherbroom.com\/es\/wp-content\/media\/sites\/3\/Screen-Shot-2020-06-15-at-9.10.51-AM-1024x341.png 1024w, https:\/\/fatherbroom.com\/es\/wp-content\/media\/sites\/3\/Screen-Shot-2020-06-15-at-9.10.51-AM.png 1292w\" sizes=\"auto, (max-width: 555px) 100vw, 555px\" \/><\/strong><br \/><strong>Catecismo de la Iglesia Cat\u00f3lica<\/strong><\/p>\n<p align=\"left\"><strong><span style=\"font-size: medium\">III. Fin y destinatarios de este Catecismo<\/span><\/strong><\/p>\n<p align=\"left\"><strong><span style=\"font-size: medium\">11 Este catecismo tiene por fin presentar una exposici\u00f3n org\u00e1nica y sint\u00e9tica de los contenidos esenciales y fundamentales de la doctrina cat\u00f3lica, tanto sobre la fe como sobre la moral, a la luz del Concilio Vaticano II y del conjunto de la Tradici\u00f3n de la Iglesia. Sus fuentes principales son la sagrada Escritura, los santos Padres, la Liturgia y el Magisterio de la Iglesia. Est\u00e1 destinado a servir \u00abcomo un punto de referencia para los catecismos o compendios que sean compuestos en los diversos pa\u00edses\u00bb (S\u00ednodo de los Obispos 1985, <i>Relaci\u00f3n final<\/i> II, B, a, 4).<\/span><\/strong><\/p>\n<div class=\"synved-social-container synved-social-container-share\" style=\"text-align: center\"><a class=\"synved-social-button synved-social-button-share synved-social-size-48 synved-social-resolution-single synved-social-provider-facebook nolightbox\" data-provider=\"facebook\" target=\"_blank\" rel=\"nofollow\" title=\"Share on Facebook\" href=\"https:\/\/www.facebook.com\/sharer.php?u=https%3A%2F%2Ffatherbroom.com%2Fes%2Fwp-json%2Fwp%2Fv2%2Fposts%2F22880&#038;t=LECTURAS%20DEL%20DIA%20Y%20CATECISMO%20%7C%2016%20JUNIO%202020&#038;s=100&#038;p&#091;url&#093;=https%3A%2F%2Ffatherbroom.com%2Fes%2Fwp-json%2Fwp%2Fv2%2Fposts%2F22880&#038;p&#091;images&#093;&#091;0&#093;=http%3A%2F%2Ffatherbroom.com%2Fes%2Fwp-content%2Fmedia%2Fsites%2F3%2FScreen-Shot-2020-06-15-at-9.10.51-AM-300x100.png&#038;p&#091;title&#093;=LECTURAS%20DEL%20DIA%20Y%20CATECISMO%20%7C%2016%20JUNIO%202020\" style=\"font-size: 0px;width:48px;height:48px;margin:0;margin-bottom:5px;margin-right:5px\"><img loading=\"lazy\" decoding=\"async\" alt=\"Facebook\" title=\"Share on Facebook\" class=\"synved-share-image synved-social-image synved-social-image-share\" width=\"48\" height=\"48\" style=\"display: inline;width:48px;height:48px;margin: 0;padding: 0;border: none;box-shadow: none\" src=\"https:\/\/fatherbroom.com\/es\/wp-content\/plugins\/social-media-feather\/synved-social\/image\/social\/regular\/96x96\/facebook.png\" \/><\/a><a class=\"synved-social-button synved-social-button-share synved-social-size-48 synved-social-resolution-single synved-social-provider-twitter nolightbox\" data-provider=\"twitter\" target=\"_blank\" rel=\"nofollow\" title=\"Share on Twitter\" href=\"https:\/\/twitter.com\/intent\/tweet?url=https%3A%2F%2Ffatherbroom.com%2Fes%2Fwp-json%2Fwp%2Fv2%2Fposts%2F22880&#038;text=Hey%20check%20this%20out\" style=\"font-size: 0px;width:48px;height:48px;margin:0;margin-bottom:5px;margin-right:5px\"><img loading=\"lazy\" decoding=\"async\" alt=\"twitter\" title=\"Share on Twitter\" class=\"synved-share-image synved-social-image synved-social-image-share\" width=\"48\" height=\"48\" style=\"display: inline;width:48px;height:48px;margin: 0;padding: 0;border: none;box-shadow: none\" src=\"https:\/\/fatherbroom.com\/es\/wp-content\/plugins\/social-media-feather\/synved-social\/image\/social\/regular\/96x96\/twitter.png\" \/><\/a><a class=\"synved-social-button synved-social-button-share synved-social-size-48 synved-social-resolution-single synved-social-provider-reddit nolightbox\" data-provider=\"reddit\" target=\"_blank\" rel=\"nofollow\" title=\"Share on Reddit\" href=\"https:\/\/www.reddit.com\/submit?url=https%3A%2F%2Ffatherbroom.com%2Fes%2Fwp-json%2Fwp%2Fv2%2Fposts%2F22880&#038;title=LECTURAS%20DEL%20DIA%20Y%20CATECISMO%20%7C%2016%20JUNIO%202020\" style=\"font-size: 0px;width:48px;height:48px;margin:0;margin-bottom:5px;margin-right:5px\"><img loading=\"lazy\" decoding=\"async\" alt=\"reddit\" title=\"Share on Reddit\" class=\"synved-share-image synved-social-image synved-social-image-share\" width=\"48\" height=\"48\" style=\"display: inline;width:48px;height:48px;margin: 0;padding: 0;border: none;box-shadow: none\" src=\"https:\/\/fatherbroom.com\/es\/wp-content\/plugins\/social-media-feather\/synved-social\/image\/social\/regular\/96x96\/reddit.png\" \/><\/a><a class=\"synved-social-button synved-social-button-share synved-social-size-48 synved-social-resolution-single synved-social-provider-pinterest nolightbox\" data-provider=\"pinterest\" target=\"_blank\" rel=\"nofollow\" title=\"Pin it with Pinterest\" href=\"https:\/\/pinterest.com\/pin\/create\/button\/?url=https%3A%2F%2Ffatherbroom.com%2Fes%2Fwp-json%2Fwp%2Fv2%2Fposts%2F22880&#038;media=http%3A%2F%2Ffatherbroom.com%2Fes%2Fwp-content%2Fmedia%2Fsites%2F3%2FScreen-Shot-2020-06-15-at-9.10.51-AM-300x100.png&#038;description=LECTURAS%20DEL%20DIA%20Y%20CATECISMO%20%7C%2016%20JUNIO%202020\" style=\"font-size: 0px;width:48px;height:48px;margin:0;margin-bottom:5px;margin-right:5px\"><img loading=\"lazy\" decoding=\"async\" alt=\"pinterest\" title=\"Pin it with Pinterest\" class=\"synved-share-image synved-social-image synved-social-image-share\" width=\"48\" height=\"48\" style=\"display: inline;width:48px;height:48px;margin: 0;padding: 0;border: none;box-shadow: none\" src=\"https:\/\/fatherbroom.com\/es\/wp-content\/plugins\/social-media-feather\/synved-social\/image\/social\/regular\/96x96\/pinterest.png\" \/><\/a><a class=\"synved-social-button synved-social-button-share synved-social-size-48 synved-social-resolution-single synved-social-provider-linkedin nolightbox\" data-provider=\"linkedin\" target=\"_blank\" rel=\"nofollow\" title=\"Share on Linkedin\" href=\"https:\/\/www.linkedin.com\/shareArticle?mini=true&#038;url=https%3A%2F%2Ffatherbroom.com%2Fes%2Fwp-json%2Fwp%2Fv2%2Fposts%2F22880&#038;title=LECTURAS%20DEL%20DIA%20Y%20CATECISMO%20%7C%2016%20JUNIO%202020\" style=\"font-size: 0px;width:48px;height:48px;margin:0;margin-bottom:5px;margin-right:5px\"><img loading=\"lazy\" decoding=\"async\" alt=\"linkedin\" title=\"Share on Linkedin\" class=\"synved-share-image synved-social-image synved-social-image-share\" width=\"48\" height=\"48\" style=\"display: inline;width:48px;height:48px;margin: 0;padding: 0;border: none;box-shadow: none\" src=\"https:\/\/fatherbroom.com\/es\/wp-content\/plugins\/social-media-feather\/synved-social\/image\/social\/regular\/96x96\/linkedin.png\" \/><\/a><a class=\"synved-social-button synved-social-button-share synved-social-size-48 synved-social-resolution-single synved-social-provider-mail nolightbox\" data-provider=\"mail\" rel=\"nofollow\" title=\"Share by email\" href=\"mailto:?subject=LECTURAS%20DEL%20DIA%20Y%20CATECISMO%20%7C%2016%20JUNIO%202020&#038;body=Hey%20check%20this%20out:%20https%3A%2F%2Ffatherbroom.com%2Fes%2Fwp-json%2Fwp%2Fv2%2Fposts%2F22880\" style=\"font-size: 0px;width:48px;height:48px;margin:0;margin-bottom:5px\"><img loading=\"lazy\" decoding=\"async\" alt=\"mail\" title=\"Share by email\" class=\"synved-share-image synved-social-image synved-social-image-share\" width=\"48\" height=\"48\" style=\"display: inline;width:48px;height:48px;margin: 0;padding: 0;border: none;box-shadow: none\" src=\"https:\/\/fatherbroom.com\/es\/wp-content\/plugins\/social-media-feather\/synved-social\/image\/social\/regular\/96x96\/mail.png\" \/><\/a><\/div>","protected":false},"excerpt":{"rendered":"<p>16 de junio 2020 Martes de la XI semana del Tiempo ordinario Primera lectura 1 Reyes 21, 17-29 Despu\u00e9s de la muerte de Nabot, el Se\u00f1or le dirigi\u00f3 la palabra al profeta El\u00edas y le dijo: \u201cLev\u00e1ntate y ve al encuentro de Ajab, rey de Israel, que vive en Samaria. Se encuentra en la vi\u00f1a [&hellip;]<\/p>\n","protected":false},"author":7,"featured_media":0,"comment_status":"open","ping_status":"open","sticky":false,"template":"","format":"standard","meta":{"_genesis_hide_title":false,"_genesis_hide_breadcrumbs":false,"_genesis_hide_singular_image":false,"_genesis_hide_footer_widgets":false,"_genesis_custom_body_class":"","_genesis_custom_post_class":"","_genesis_layout":"","footnotes":""},"categories":[277],"tags":[],"class_list":{"0":"post-22880","1":"post","2":"type-post","3":"status-publish","4":"format-standard","6":"category-lecturas-del-dia","7":"entry"},"_links":{"self":[{"href":"https:\/\/fatherbroom.com\/es\/wp-json\/wp\/v2\/posts\/22880","targetHints":{"allow":["GET"]}}],"collection":[{"href":"https:\/\/fatherbroom.com\/es\/wp-json\/wp\/v2\/posts"}],"about":[{"href":"https:\/\/fatherbroom.com\/es\/wp-json\/wp\/v2\/types\/post"}],"author":[{"embeddable":true,"href":"https:\/\/fatherbroom.com\/es\/wp-json\/wp\/v2\/users\/7"}],"replies":[{"embeddable":true,"href":"https:\/\/fatherbroom.com\/es\/wp-json\/wp\/v2\/comments?post=22880"}],"version-history":[{"count":2,"href":"https:\/\/fatherbroom.com\/es\/wp-json\/wp\/v2\/posts\/22880\/revisions"}],"predecessor-version":[{"id":22884,"href":"https:\/\/fatherbroom.com\/es\/wp-json\/wp\/v2\/posts\/22880\/revisions\/22884"}],"wp:attachment":[{"href":"https:\/\/fatherbroom.com\/es\/wp-json\/wp\/v2\/media?parent=22880"}],"wp:term":[{"taxonomy":"category","embeddable":true,"href":"https:\/\/fatherbroom.com\/es\/wp-json\/wp\/v2\/categories?post=22880"},{"taxonomy":"post_tag","embeddable":true,"href":"https:\/\/fatherbroom.com\/es\/wp-json\/wp\/v2\/tags?post=22880"}],"curies":[{"name":"wp","href":"https:\/\/api.w.org\/{rel}","templated":true}]}}