{"id":22873,"date":"2020-06-15T08:56:45","date_gmt":"2020-06-15T15:56:45","guid":{"rendered":"http:\/\/fatherbroom.com\/es\/?p=22873"},"modified":"2020-06-15T08:58:33","modified_gmt":"2020-06-15T15:58:33","slug":"lecturas-del-dia-y-catecismo-15-junio-2020","status":"publish","type":"post","link":"https:\/\/fatherbroom.com\/es\/2020\/06\/lecturas-del-dia-y-catecismo-15-junio-2020\/","title":{"rendered":"LECTURAS DEL DIA Y CATECISMO | 15 JUNIO 2020"},"content":{"rendered":"<h1><strong><img loading=\"lazy\" decoding=\"async\" src=\"http:\/\/fatherbroom.com\/es\/wp-content\/media\/sites\/3\/Screen-Shot-2020-06-15-at-8.53.37-AM-300x169.png\" alt=\"\" width=\"612\" height=\"345\" class=\"aligncenter  wp-image-22875\" srcset=\"https:\/\/fatherbroom.com\/es\/wp-content\/media\/sites\/3\/Screen-Shot-2020-06-15-at-8.53.37-AM-300x169.png 300w, https:\/\/fatherbroom.com\/es\/wp-content\/media\/sites\/3\/Screen-Shot-2020-06-15-at-8.53.37-AM-768x432.png 768w, https:\/\/fatherbroom.com\/es\/wp-content\/media\/sites\/3\/Screen-Shot-2020-06-15-at-8.53.37-AM-1024x575.png 1024w, https:\/\/fatherbroom.com\/es\/wp-content\/media\/sites\/3\/Screen-Shot-2020-06-15-at-8.53.37-AM.png 1292w\" sizes=\"auto, (max-width: 612px) 100vw, 612px\" \/><\/strong><\/h1>\n<div class=\"contentarea\">\n<div id=\"cs_control_1386\" class=\"cs_control CS_Element_Schedule\">\n<div title=\"\" id=\"CS_Element_maincontent\">\n<div id=\"gridRow_1_1_1386\" class=\"cs_GridRow\">\n<div id=\"gridCol_1_1_1_1_1386\" class=\"cs_GridColumn\">\n<div id=\"cs_control_157991\" class=\"cs_control  lecturas-block\">\n<div id=\"cs_control_3683\" class=\"cs_control  CS_Element_Textblock\">\n<div class=\"CS_Textblock_Text\">\n<h4><strong>Lunes de la XI semana del Tiempo ordinario<\/strong><\/p>\n<p><strong>Primera lectura<\/strong><\/h4>\n<\/div>\n<\/div>\n<div id=\"cs_control_3684\" class=\"cs_control  CS_Element_Textblock\">\n<div class=\"CS_Textblock_Text\">\n<div class=\"bibleReadingsWrapper\">\n<h4><strong>1 Reyes 21, 1-16<\/strong><\/h4>\n<div class=\"poetry\">\n<p><strong>Nabot de Yezrael ten\u00eda una vi\u00f1a junto al palacio de Ajab, rey de Samaria, y Ajab le dijo a Nabot: \u201cDame tu vi\u00f1a para plantar ah\u00ed una huerta, ya que est\u00e1 pegada a mi casa; yo te doy por ella una vi\u00f1a mejor o si prefieres, te pago con dinero\u201d. Nabot le respondi\u00f3 a Ajab: \u201cDios me libre de darte la herencia de mis padres\u201d.<\/strong><\/p>\n<p><strong>Ajab se fue a su casa, triste y enfurecido, porque Nabot le hab\u00eda dicho: \u201cNo te dar\u00e9 la herencia de mis padres\u201d. Se acost\u00f3 en su cama, se volvi\u00f3 de cara a la pared y no quiso comer. Entonces se le acerc\u00f3 su esposa, Jezabel, y le dijo: \u201c\u00bfPor qu\u00e9 est\u00e1s de mal humor y no quieres comer?\u201d \u00c9l respondi\u00f3: \u201cEs que habl\u00e9 con Nabot de Yezrael y le dije que me vendiera su vi\u00f1a o que, si prefer\u00eda, yo se la cambiar\u00eda por otra mejor; pero \u00e9l me respondi\u00f3 que no me dar\u00eda su vi\u00f1a\u201d.<\/strong><\/p>\n<p><strong>Su esposa Jezabel, le dijo: \u201c\u00bfNo que t\u00fa eres el rey poderoso que manda en Israel? Lev\u00e1ntate, come y al\u00e9grate. Yo te dar\u00e9 la vi\u00f1a de Nabot\u201d.<\/strong><\/p>\n<p><strong>Entonces ella escribi\u00f3 unas cartas en nombre de Ajab, las sell\u00f3 con el sello del rey y las envi\u00f3 a los ancianos y hombres principales de la ciudad en que viv\u00eda Nabot. Las cartas dec\u00edan: \u201cPromulguen un ayuno, convoquen una asamblea y sienten a Nabot en primera fila. Pongan frente a \u00e9l a dos malvados que lo acusen, diciendo: \u2018Ha maldecido a Dios y al rey\u2019. Luego lo sacan fuera de la ciudad y lo apedrean hasta que muera\u201d.<\/strong><\/p>\n<p><strong>Los habitantes de la ciudad, los ancianos y los hombres principales que viv\u00edan cerca de Nabot, hicieron lo que Jezabel les hab\u00eda mandado, de acuerdo con lo escrito en las cartas que les hab\u00eda remitido. Promulgaron un ayuno y en la asamblea sentaron a Nabot en primera fila. Llegaron los dos malvados, se sentaron frente a \u00e9l y lo acusaron delante del pueblo, diciendo: \u201cNabot ha maldecido a Dios y al rey\u201d. Luego lo sacaron fuera de la ciudad y lo apedrearon hasta que muri\u00f3. En seguida le mandaron avisar a Jezabel que Nabot hab\u00eda muerto apedreado.<\/strong><\/p>\n<p><strong>Cuando Jezabel supo que Nabot hab\u00eda muerto apedreado, le dijo a Ajab: \u201cVe a tomar posesi\u00f3n de la vi\u00f1a de Nabot de Yezrael, que no quiso vend\u00e9rtela, pues Nabot ya no vive: ha muerto\u201d. Apenas oy\u00f3 Ajab que Nabot hab\u00eda muerto, fue a tomar posesi\u00f3n de la vi\u00f1a de Nabot de Yezrael.<\/strong><\/p>\n<\/div>\n<\/div>\n<\/div>\n<\/div>\n<div id=\"cs_control_289228\" class=\"cs_control  CS_Element_Textblock\">\n<div class=\"CS_Textblock_Text\">\n<div class=\"bibleReadingsWrapper\">\n<h4><strong>Salmo Responsorial<\/strong><\/h4>\n<h4><strong>Salmo 5, 2-3. 5-6. 7<\/strong><\/h4>\n<div class=\"poetry\">\n<p><strong>R. (2b) Se\u00f1or, atiende a mis gemidos.<\/strong><br \/><strong>Se\u00f1or, oye mi voz,<\/strong><br \/><strong>atiende a mis gemidos,<\/strong><br \/><strong>haz caso de mis s\u00faplicas,<\/strong><br \/><strong>rey y Dios m\u00edo. R.<br \/><\/strong><br \/><strong>R. Se\u00f1or, atiende a mis gemidos.<\/strong><br \/><strong>Pues t\u00fa no eres un Dios al que pudiera<\/strong><br \/><strong>la maldad agradarle,<\/strong><br \/><strong>ni el malvado es tu hu\u00e9sped<\/strong><br \/><strong>ni ante ti puede estar el arrogante. R.<br \/><\/strong><br \/><strong>R. Se\u00f1or, atiende a mis gemidos.<\/strong><br \/><strong>Al malhechor detestas,<\/strong><br \/><strong>y destruyes, Se\u00f1or, al embustero;<\/strong><br \/><strong>aborreces al hombre sanguinario<\/strong><br \/><strong>y a quien es traicionero. R.<br \/><\/strong><br \/><strong>R. Se\u00f1or, atiende a mis gemidos.<\/strong><\/p>\n<\/div>\n<\/div>\n<\/div>\n<\/div>\n<div id=\"cs_control_289230\" class=\"cs_control  CS_Element_Textblock\">\n<div class=\"CS_Textblock_Text\">\n<div class=\"bibleReadingsWrapper\">\n<h4><strong>Aclamaci\u00f3n antes del Evangelio<\/strong><\/h4>\n<h4><strong>Sal 118, 105<\/strong><\/h4>\n<div class=\"poetry\">\n<p><strong>R. Aleluya, aleluya.<\/strong><br \/><strong>Tus palabras, Se\u00f1or, son una antorcha para mis pasos<\/strong><br \/><strong>y una luz en mi sendero.<\/strong><br \/><strong>R. Aleluya.<\/strong><\/p>\n<\/div>\n<\/div>\n<\/div>\n<\/div>\n<div id=\"cs_control_289231\" class=\"cs_control  CS_Element_Textblock\">\n<div class=\"CS_Textblock_Text\">\n<div class=\"bibleReadingsWrapper\">\n<h4><strong>Evangelio<\/strong><\/h4>\n<h4><strong>Mt 5, 38-42<\/strong><\/h4>\n<div class=\"poetry\"><strong>En aquel tiempo, Jes\u00fas dijo a sus disc\u00edpulos: \u201cUstedes han o\u00eddo que se dijo: Ojo por ojo, diente por diente; pero yo les digo que no hagan resistencia al hombre malo. Si alguno te golpea en la mejilla derecha, pres\u00e9ntale tambi\u00e9n la izquierda; al que te quiera demandar en juicio para quitarte la t\u00fanica, c\u00e9dele tambi\u00e9n el manto. Si alguno te obliga a caminar mil pasos en su servicio, camina con \u00e9l dos mil. Al que te pide, dale; y al que quiere que le prestes, no le vuelvas la espalda\u201d.<\/strong><\/div>\n<\/div>\n<\/div>\n<\/div>\n<div id=\"cs_control_289214\" class=\"cs_control  CS_Element_Textblock\">\n<div class=\"CS_Textblock_Text\">\n<p><\/div>\n<\/div>\n<\/div>\n<\/div>\n<\/div>\n<\/div>\n<\/div>\n<\/div>\n<p><strong><img loading=\"lazy\" decoding=\"async\" src=\"http:\/\/fatherbroom.com\/es\/wp-content\/media\/sites\/3\/Screen-Shot-2020-06-15-at-8.55.14-AM-300x100.png\" alt=\"\" width=\"567\" height=\"189\" class=\"aligncenter  wp-image-22876\" srcset=\"https:\/\/fatherbroom.com\/es\/wp-content\/media\/sites\/3\/Screen-Shot-2020-06-15-at-8.55.14-AM-300x100.png 300w, https:\/\/fatherbroom.com\/es\/wp-content\/media\/sites\/3\/Screen-Shot-2020-06-15-at-8.55.14-AM-768x256.png 768w, https:\/\/fatherbroom.com\/es\/wp-content\/media\/sites\/3\/Screen-Shot-2020-06-15-at-8.55.14-AM-1024x341.png 1024w, https:\/\/fatherbroom.com\/es\/wp-content\/media\/sites\/3\/Screen-Shot-2020-06-15-at-8.55.14-AM.png 1292w\" sizes=\"auto, (max-width: 567px) 100vw, 567px\" \/><\/strong><\/p>\n<p><strong>10\u00a0 No es extra\u00f1o, por ello, que, en el dinamismo del Concilio Vaticano II (que el Papa Pablo VI consideraba como el gran catecismo de los tiempos modernos), la catequesis de la Iglesia haya atra\u00eddo de nuevo la atenci\u00f3n. El Directorio general de la catequesis de 1971, las sesiones del S\u00ednodo de los Obispos consagradas a la evangelizaci\u00f3n (1974) y a la catequesis (1977), las exhortaciones apost\u00f3licas correspondientes, Evangelii nuntiandi (1975) y Catechesi tradendae (1979), dan testimonio de ello. La sesi\u00f3n extraordinaria del S\u00ednodo de los Obispos de 1985 pidi\u00f3 \u00abque sea redactado un catecismo o compendio de toda la doctrina cat\u00f3lica, tanto sobre la fe como sobre la moral\u00bb (Relaci\u00f3n final II, B, a, 4). El Santo Padre, Juan Pablo II, hizo suyo este deseo emitido por el S\u00ednodo de los Obispos reconociendo que \u00abresponde totalmente a una verdadera necesidad de la Iglesia universal y de las Iglesias particulares\u00bb (Discurso de clausura del S\u00ednodo, asamblea extraordinaria, 7 de diciembre de 1985). El Papa dispuso todo lo necesario para que se realizara la petici\u00f3n de los padres sinodales.<\/strong><\/p>\n<div class=\"synved-social-container synved-social-container-share\" style=\"text-align: center\"><a class=\"synved-social-button synved-social-button-share synved-social-size-48 synved-social-resolution-single synved-social-provider-facebook nolightbox\" data-provider=\"facebook\" target=\"_blank\" rel=\"nofollow\" title=\"Share on Facebook\" href=\"https:\/\/www.facebook.com\/sharer.php?u=https%3A%2F%2Ffatherbroom.com%2Fes%2Fwp-json%2Fwp%2Fv2%2Fposts%2F22873&#038;t=LECTURAS%20DEL%20DIA%20Y%20CATECISMO%20%7C%2015%20JUNIO%202020&#038;s=100&#038;p&#091;url&#093;=https%3A%2F%2Ffatherbroom.com%2Fes%2Fwp-json%2Fwp%2Fv2%2Fposts%2F22873&#038;p&#091;images&#093;&#091;0&#093;=http%3A%2F%2Ffatherbroom.com%2Fes%2Fwp-content%2Fmedia%2Fsites%2F3%2FScreen-Shot-2020-06-15-at-8.55.14-AM-300x100.png&#038;p&#091;title&#093;=LECTURAS%20DEL%20DIA%20Y%20CATECISMO%20%7C%2015%20JUNIO%202020\" style=\"font-size: 0px;width:48px;height:48px;margin:0;margin-bottom:5px;margin-right:5px\"><img loading=\"lazy\" decoding=\"async\" alt=\"Facebook\" title=\"Share on Facebook\" class=\"synved-share-image synved-social-image synved-social-image-share\" width=\"48\" height=\"48\" style=\"display: inline;width:48px;height:48px;margin: 0;padding: 0;border: none;box-shadow: none\" src=\"https:\/\/fatherbroom.com\/es\/wp-content\/plugins\/social-media-feather\/synved-social\/image\/social\/regular\/96x96\/facebook.png\" \/><\/a><a class=\"synved-social-button synved-social-button-share synved-social-size-48 synved-social-resolution-single synved-social-provider-twitter nolightbox\" data-provider=\"twitter\" target=\"_blank\" rel=\"nofollow\" title=\"Share on Twitter\" href=\"https:\/\/twitter.com\/intent\/tweet?url=https%3A%2F%2Ffatherbroom.com%2Fes%2Fwp-json%2Fwp%2Fv2%2Fposts%2F22873&#038;text=Hey%20check%20this%20out\" style=\"font-size: 0px;width:48px;height:48px;margin:0;margin-bottom:5px;margin-right:5px\"><img loading=\"lazy\" decoding=\"async\" alt=\"twitter\" title=\"Share on Twitter\" class=\"synved-share-image synved-social-image synved-social-image-share\" width=\"48\" height=\"48\" style=\"display: inline;width:48px;height:48px;margin: 0;padding: 0;border: none;box-shadow: none\" src=\"https:\/\/fatherbroom.com\/es\/wp-content\/plugins\/social-media-feather\/synved-social\/image\/social\/regular\/96x96\/twitter.png\" \/><\/a><a class=\"synved-social-button synved-social-button-share synved-social-size-48 synved-social-resolution-single synved-social-provider-reddit nolightbox\" data-provider=\"reddit\" target=\"_blank\" rel=\"nofollow\" title=\"Share on Reddit\" href=\"https:\/\/www.reddit.com\/submit?url=https%3A%2F%2Ffatherbroom.com%2Fes%2Fwp-json%2Fwp%2Fv2%2Fposts%2F22873&#038;title=LECTURAS%20DEL%20DIA%20Y%20CATECISMO%20%7C%2015%20JUNIO%202020\" style=\"font-size: 0px;width:48px;height:48px;margin:0;margin-bottom:5px;margin-right:5px\"><img loading=\"lazy\" decoding=\"async\" alt=\"reddit\" title=\"Share on Reddit\" class=\"synved-share-image synved-social-image synved-social-image-share\" width=\"48\" height=\"48\" style=\"display: inline;width:48px;height:48px;margin: 0;padding: 0;border: none;box-shadow: none\" src=\"https:\/\/fatherbroom.com\/es\/wp-content\/plugins\/social-media-feather\/synved-social\/image\/social\/regular\/96x96\/reddit.png\" \/><\/a><a class=\"synved-social-button synved-social-button-share synved-social-size-48 synved-social-resolution-single synved-social-provider-pinterest nolightbox\" data-provider=\"pinterest\" target=\"_blank\" rel=\"nofollow\" title=\"Pin it with Pinterest\" href=\"https:\/\/pinterest.com\/pin\/create\/button\/?url=https%3A%2F%2Ffatherbroom.com%2Fes%2Fwp-json%2Fwp%2Fv2%2Fposts%2F22873&#038;media=http%3A%2F%2Ffatherbroom.com%2Fes%2Fwp-content%2Fmedia%2Fsites%2F3%2FScreen-Shot-2020-06-15-at-8.55.14-AM-300x100.png&#038;description=LECTURAS%20DEL%20DIA%20Y%20CATECISMO%20%7C%2015%20JUNIO%202020\" style=\"font-size: 0px;width:48px;height:48px;margin:0;margin-bottom:5px;margin-right:5px\"><img loading=\"lazy\" decoding=\"async\" alt=\"pinterest\" title=\"Pin it with Pinterest\" class=\"synved-share-image synved-social-image synved-social-image-share\" width=\"48\" height=\"48\" style=\"display: inline;width:48px;height:48px;margin: 0;padding: 0;border: none;box-shadow: none\" src=\"https:\/\/fatherbroom.com\/es\/wp-content\/plugins\/social-media-feather\/synved-social\/image\/social\/regular\/96x96\/pinterest.png\" \/><\/a><a class=\"synved-social-button synved-social-button-share synved-social-size-48 synved-social-resolution-single synved-social-provider-linkedin nolightbox\" data-provider=\"linkedin\" target=\"_blank\" rel=\"nofollow\" title=\"Share on Linkedin\" href=\"https:\/\/www.linkedin.com\/shareArticle?mini=true&#038;url=https%3A%2F%2Ffatherbroom.com%2Fes%2Fwp-json%2Fwp%2Fv2%2Fposts%2F22873&#038;title=LECTURAS%20DEL%20DIA%20Y%20CATECISMO%20%7C%2015%20JUNIO%202020\" style=\"font-size: 0px;width:48px;height:48px;margin:0;margin-bottom:5px;margin-right:5px\"><img loading=\"lazy\" decoding=\"async\" alt=\"linkedin\" title=\"Share on Linkedin\" class=\"synved-share-image synved-social-image synved-social-image-share\" width=\"48\" height=\"48\" style=\"display: inline;width:48px;height:48px;margin: 0;padding: 0;border: none;box-shadow: none\" src=\"https:\/\/fatherbroom.com\/es\/wp-content\/plugins\/social-media-feather\/synved-social\/image\/social\/regular\/96x96\/linkedin.png\" \/><\/a><a class=\"synved-social-button synved-social-button-share synved-social-size-48 synved-social-resolution-single synved-social-provider-mail nolightbox\" data-provider=\"mail\" rel=\"nofollow\" title=\"Share by email\" href=\"mailto:?subject=LECTURAS%20DEL%20DIA%20Y%20CATECISMO%20%7C%2015%20JUNIO%202020&#038;body=Hey%20check%20this%20out:%20https%3A%2F%2Ffatherbroom.com%2Fes%2Fwp-json%2Fwp%2Fv2%2Fposts%2F22873\" style=\"font-size: 0px;width:48px;height:48px;margin:0;margin-bottom:5px\"><img loading=\"lazy\" decoding=\"async\" alt=\"mail\" title=\"Share by email\" class=\"synved-share-image synved-social-image synved-social-image-share\" width=\"48\" height=\"48\" style=\"display: inline;width:48px;height:48px;margin: 0;padding: 0;border: none;box-shadow: none\" src=\"https:\/\/fatherbroom.com\/es\/wp-content\/plugins\/social-media-feather\/synved-social\/image\/social\/regular\/96x96\/mail.png\" \/><\/a><\/div>","protected":false},"excerpt":{"rendered":"<p>Lunes de la XI semana del Tiempo ordinario Primera lectura 1 Reyes 21, 1-16 Nabot de Yezrael ten\u00eda una vi\u00f1a junto al palacio de Ajab, rey de Samaria, y Ajab le dijo a Nabot: \u201cDame tu vi\u00f1a para plantar ah\u00ed una huerta, ya que est\u00e1 pegada a mi casa; yo te doy por ella una [&hellip;]<\/p>\n","protected":false},"author":7,"featured_media":0,"comment_status":"open","ping_status":"open","sticky":false,"template":"","format":"standard","meta":{"_genesis_hide_title":false,"_genesis_hide_breadcrumbs":false,"_genesis_hide_singular_image":false,"_genesis_hide_footer_widgets":false,"_genesis_custom_body_class":"","_genesis_custom_post_class":"","_genesis_layout":"","footnotes":""},"categories":[277],"tags":[],"class_list":{"0":"post-22873","1":"post","2":"type-post","3":"status-publish","4":"format-standard","6":"category-lecturas-del-dia","7":"entry"},"_links":{"self":[{"href":"https:\/\/fatherbroom.com\/es\/wp-json\/wp\/v2\/posts\/22873","targetHints":{"allow":["GET"]}}],"collection":[{"href":"https:\/\/fatherbroom.com\/es\/wp-json\/wp\/v2\/posts"}],"about":[{"href":"https:\/\/fatherbroom.com\/es\/wp-json\/wp\/v2\/types\/post"}],"author":[{"embeddable":true,"href":"https:\/\/fatherbroom.com\/es\/wp-json\/wp\/v2\/users\/7"}],"replies":[{"embeddable":true,"href":"https:\/\/fatherbroom.com\/es\/wp-json\/wp\/v2\/comments?post=22873"}],"version-history":[{"count":4,"href":"https:\/\/fatherbroom.com\/es\/wp-json\/wp\/v2\/posts\/22873\/revisions"}],"predecessor-version":[{"id":22879,"href":"https:\/\/fatherbroom.com\/es\/wp-json\/wp\/v2\/posts\/22873\/revisions\/22879"}],"wp:attachment":[{"href":"https:\/\/fatherbroom.com\/es\/wp-json\/wp\/v2\/media?parent=22873"}],"wp:term":[{"taxonomy":"category","embeddable":true,"href":"https:\/\/fatherbroom.com\/es\/wp-json\/wp\/v2\/categories?post=22873"},{"taxonomy":"post_tag","embeddable":true,"href":"https:\/\/fatherbroom.com\/es\/wp-json\/wp\/v2\/tags?post=22873"}],"curies":[{"name":"wp","href":"https:\/\/api.w.org\/{rel}","templated":true}]}}