{"id":22854,"date":"2020-06-14T05:00:48","date_gmt":"2020-06-14T12:00:48","guid":{"rendered":"http:\/\/fatherbroom.com\/es\/?p=22854"},"modified":"2020-06-13T20:55:43","modified_gmt":"2020-06-14T03:55:43","slug":"lecturas-del-dia-y-catecismo-14-junio-2020","status":"publish","type":"post","link":"https:\/\/fatherbroom.com\/es\/2020\/06\/lecturas-del-dia-y-catecismo-14-junio-2020\/","title":{"rendered":"LECTURAS DEL DIA Y CATECISMO | 14 JUNIO 2020"},"content":{"rendered":"<p><strong><img loading=\"lazy\" decoding=\"async\" src=\"http:\/\/fatherbroom.com\/es\/wp-content\/media\/sites\/3\/Screen-Shot-2020-06-13-at-8.51.09-PM-300x169.png\" alt=\"\" width=\"533\" height=\"300\" class=\"aligncenter  wp-image-22856\" srcset=\"https:\/\/fatherbroom.com\/es\/wp-content\/media\/sites\/3\/Screen-Shot-2020-06-13-at-8.51.09-PM-300x169.png 300w, https:\/\/fatherbroom.com\/es\/wp-content\/media\/sites\/3\/Screen-Shot-2020-06-13-at-8.51.09-PM-768x431.png 768w, https:\/\/fatherbroom.com\/es\/wp-content\/media\/sites\/3\/Screen-Shot-2020-06-13-at-8.51.09-PM-1024x575.png 1024w, https:\/\/fatherbroom.com\/es\/wp-content\/media\/sites\/3\/Screen-Shot-2020-06-13-at-8.51.09-PM.png 1068w\" sizes=\"auto, (max-width: 533px) 100vw, 533px\" \/><\/strong><\/p>\n<h4><strong>14 de junio 2020<\/strong><\/h4>\n<h4 class=\"imgLine marginBottom10\"><strong>Solemnidad del Cuerpo y la Sangre de Cristo (Corpus Christi)<\/strong><\/p>\n<p><strong>Primera lectura<\/strong><\/h4>\n<div class=\"contentarea\">\n<div id=\"cs_control_1386\" class=\"cs_control CS_Element_Schedule\">\n<div title=\"\" id=\"CS_Element_maincontent\">\n<div id=\"gridRow_1_1_1386\" class=\"cs_GridRow\">\n<div id=\"gridCol_1_1_1_1_1386\" class=\"cs_GridColumn\">\n<div id=\"cs_control_3684\" class=\"cs_control  CS_Element_Textblock\">\n<div class=\"CS_Textblock_Text\">\n<div class=\"bibleReadingsWrapper\">\n<h4><strong>Deut 8, 2-3. 14-16<\/strong><\/h4>\n<div class=\"poetry\">\n<p><strong>En aquel tiempo, habl\u00f3 Mois\u00e9s al pueblo y le dijo: \u201cRecuerda el camino que el Se\u00f1or, tu Dios, te ha hecho recorrer estos cuarenta a\u00f1os por el desierto, para afligirte, para ponerte a prueba y conocer si ibas a guardar sus mandamientos o no.<\/strong><\/p>\n<p><strong>\u00c9l te afligi\u00f3, haci\u00e9ndote pasar hambre, y despu\u00e9s te aliment\u00f3 con el man\u00e1, que ni t\u00fa ni tus padres conoc\u00edan, para ense\u00f1arte que no s\u00f3lo de pan vive el hombre, sino tambi\u00e9n de toda palabra que sale de la boca de Dios.<\/strong><\/p>\n<p><strong>No sea que te olvides del Se\u00f1or, tu Dios, que te sac\u00f3 de Egipto y de la esclavitud; que te hizo recorrer aquel desierto inmenso y terrible, lleno de serpientes y alacranes; que en una tierra \u00e1rida hizo brotar para ti agua de la roca m\u00e1s dura, y que te aliment\u00f3 en el desierto con un man\u00e1 que no conoc\u00edan tus padres\u201d.<\/strong><\/p>\n<\/div>\n<\/div>\n<\/div>\n<\/div>\n<div id=\"cs_control_289228\" class=\"cs_control  CS_Element_Textblock\">\n<div class=\"CS_Textblock_Text\">\n<div class=\"bibleReadingsWrapper\">\n<h4><strong>Salmo Responsorial<\/strong><\/h4>\n<h4><strong>Salmo 147, 12-13. 14-15. 19-20<\/strong><\/h4>\n<div class=\"poetry\">\n<p><strong>R. (12a) Bendito sea el Se\u00f1or.<\/strong><\/p>\n<p><strong>Glorifica al Se\u00f1or, Jerusal\u00e9n;<\/strong><br \/><strong>a Dios r\u00edndele honores, Israel.<\/strong><br \/><strong>El refuerza el cerrojo de tus puertas<\/strong><br \/><strong>y bendice a tus hijos en tu casa.<\/strong><\/p>\n<p><strong>El mantiene la paz en tus fronteras,<\/strong><br \/><strong>con su trigo mejor sacia tu hambre.<\/strong><br \/><strong>El env\u00eda a la tierra su mensaje<\/strong><br \/><strong>y su palabra corre velozmente.<\/strong><\/p>\n<p><strong>Le muestra a Jacob sus pensamientos.<\/strong><br \/><strong>sus normas y designios a Israel.<\/strong><br \/><strong>No ha hecho nada igual con ning\u00fan pueblo<\/strong><br \/><strong>ni le ha confiado a otro sus proyectos.<\/strong><\/p>\n<\/div>\n<\/div>\n<\/div>\n<\/div>\n<div id=\"cs_control_289230\" class=\"cs_control  CS_Element_Textblock\">\n<div class=\"CS_Textblock_Text\">\n<div class=\"bibleReadingsWrapper\">\n<h4><strong>Segunda lectura<\/strong><\/h4>\n<h4><strong>1 Co 10, 16-17<\/strong><\/h4>\n<div class=\"poetry\">\n<p><strong>Hermanos: El c\u00e1liz de la bendici\u00f3n con el que damos gracias, \u00bfno nos une a Cristo por medio de su sangre? Y el pan que partimos, \u00bfno nos une a Cristo por medio de su cuerpo? El pan es uno, y as\u00ed nosotros, aunque somos muchos, formamos un solo cuerpo, porque todos comemos del mismo pan.<\/strong><\/p>\n<p><strong>Secuencia<\/strong><\/p>\n<p><strong>Al Salvador alabemos,<\/strong><br \/><strong>que es nuestro pastor y gu\u00eda.<\/strong><br \/><strong>Alab\u00e9moslo con himnos<\/strong><br \/><strong>y canciones de alegr\u00eda.<\/strong><\/p>\n<p><strong>Alab\u00e9moslo sin l\u00edmites<\/strong><br \/><strong>y con nuestras fuerzas todas;<\/strong><br \/><strong>pues tan grande es el Se\u00f1or,<\/strong><br \/><strong>que nuestra alabanza es poca.<\/strong><\/p>\n<p><strong>Gustosos hoy aclamamos<\/strong><br \/><strong>a Cristo, que es nuestro pan,<\/strong><br \/><strong>pues \u00e9l es el pan de vida,<\/strong><br \/><strong>que nos da vida inmortal.<\/strong><\/p>\n<p><strong>Doce eran los que cenaban<\/strong><br \/><strong>y les dio pan a los doce.<\/strong><br \/><strong>Doce entonces lo comieron,<\/strong><br \/><strong>y, despu\u00e9s, todos los hombres.<\/strong><\/p>\n<p><strong>Sea plena la alabanza<\/strong><br \/><strong>y llena de alegres cantos;<\/strong><br \/><strong>que nuestra alma se desborde<\/strong><br \/><strong>en todo un concierto santo.<\/strong><\/p>\n<p><strong>Hoy celebramos con gozo<\/strong><br \/><strong>la gloriosa instituci\u00f3n<\/strong><br \/><strong>de este banquete divino,<\/strong><br \/><strong>el banquete del Se\u00f1or.<\/strong><\/p>\n<p><strong>\u00c9sta es la nueva Pascua,<\/strong><br \/><strong>Pascua del \u00fanico Rey,<\/strong><br \/><strong>que termina con la alianza<\/strong><br \/><strong>tan pesada de la ley.<\/strong><\/p>\n<p><strong>Esto nuevo, siempre nuevo,<\/strong><br \/><strong>es la luz de la verdad,<\/strong><br \/><strong>que sustituye a lo viejo<\/strong><br \/><strong>con reciente claridad.<\/strong><\/p>\n<p><strong>En aquella \u00faltima cena<\/strong><br \/><strong>Cristo hizo la maravilla<\/strong><br \/><strong>de dejar a sus amigos<\/strong><br \/><strong>el memorial de su vida.<\/strong><\/p>\n<p><strong>Ense\u00f1ados por la Iglesia,<\/strong><br \/><strong>consagramos pan y vino,<\/strong><br \/><strong>que a los hombres nos redimen,<\/strong><br \/><strong>y dan fuerza en el camino.<\/strong><\/p>\n<p><strong>Es un dogma del cristiano<\/strong><br \/><strong>que el pan se convierte en carne,<\/strong><br \/><strong>y lo que antes era vino<\/strong><br \/><strong>queda convertido en sangre.<\/strong><\/p>\n<p><strong>Hay cosas que no entendemos,<\/strong><br \/><strong>pues no alcanza la raz\u00f3n;<\/strong><br \/><strong>mas si las vemos con fe,<\/strong><br \/><strong>entrar\u00e1n al coraz\u00f3n.<\/strong><\/p>\n<p><strong>Bajo s\u00edmbolos diversos<\/strong><br \/><strong>y en diferentes figuras,<\/strong><br \/><strong>se esconden ciertas verdades<\/strong><br \/><strong>maravillosas, profundas.<\/strong><\/p>\n<p><strong>Su sangre es nuestra bebida;<\/strong><br \/><strong>su carne, nuestro alimento;<\/strong><br \/><strong>pero en el pan o en el vino<\/strong><br \/><strong>Cristo est\u00e1 todo completo.<\/strong><\/p>\n<p><strong>Quien lo come, no lo rompe,<\/strong><br \/><strong>no lo parte ni divide;<\/strong><br \/><strong>\u00e9l es el todo y la parte;<\/strong><br \/><strong>vivo est\u00e1 en quien lo recibe.<\/strong><\/p>\n<p><strong>Puede ser tan s\u00f3lo uno<\/strong><br \/><strong>el que se acerca al altar,<\/strong><br \/><strong>o pueden ser multitudes:<\/strong><br \/><strong>Cristo no se acabar\u00e1.<\/strong><\/p>\n<p><strong>Lo comen buenos y malos,<\/strong><br \/><strong>con provecho diferente;<\/strong><br \/><strong>no es lo mismo tener vida<\/strong><br \/><strong>que ser condenado a muerte.<\/strong><\/p>\n<p><strong>A los malos les da muerte<\/strong><br \/><strong>y a los buenos les da vida.<\/strong><br \/><strong>\u00a1Qu\u00e9 efecto tan diferente<\/strong><br \/><strong>tiene la misma comida!<\/strong><\/p>\n<p><strong>Si lo parten, no te apures;<\/strong><br \/><strong>s\u00f3lo parten lo exterior;<\/strong><br \/><strong>en el m\u00ednimo fragmento<\/strong><br \/><strong>entero late el Se\u00f1or.<\/strong><\/p>\n<p><strong>Cuando parten lo exterior,<\/strong><br \/><strong>s\u00f3lo parten lo que has visto;<\/strong><br \/><strong>no es una disminuci\u00f3n<\/strong><br \/><strong>de la persona de Cristo.<\/strong><\/p>\n<p><strong>El pan que del cielo baja<\/strong><br \/><strong>es comida de viajeros.<\/strong><br \/><strong>Es un pan para los hijos.<\/strong><br \/><strong>\u00a1No hay que tirarlo a los perros!<\/strong><\/p>\n<p><strong>Isaac, el inocente,<\/strong><br \/><strong>es figura de este pan,<\/strong><br \/><strong>con el cordero de Pascua<\/strong><br \/><strong>y el misterioso man\u00e1.<\/strong><\/p>\n<p><strong>Ten compasi\u00f3n de nosotros,<\/strong><br \/><strong>buen pastor, pan verdadero.<\/strong><br \/><strong>Apaci\u00e9ntanos y cu\u00eddanos<\/strong><br \/><strong>y cond\u00facenos al cielo.<\/strong><\/p>\n<p><strong>Todo lo puedes y sabes,<\/strong><br \/><strong>pastor de ovejas, divino.<\/strong><br \/><strong>Conc\u00e9denos en el cielo<\/strong><br \/><strong>gozar la herencia contigo. Am\u00e9n.<\/strong><\/p>\n<\/div>\n<\/div>\n<div class=\"bibleReadingsWrapper\">\n<h4><strong>Aclamaci\u00f3n antes del Evangelio<\/strong><\/h4>\n<h4><strong>Jn 6, 51<\/strong><\/h4>\n<div class=\"poetry\">\n<p><strong>R. Aleluya, aleluya.<\/strong><br \/><strong>Yo soy el pan vivo que ha bajado del cielo, dice el Se\u00f1or;<\/strong><br \/><strong>el que coma de este pan vivir\u00e1 para siempre.<\/strong><br \/><strong>R. Aleluya.<\/strong><\/p>\n<\/div>\n<\/div>\n<\/div>\n<\/div>\n<div id=\"cs_control_289231\" class=\"cs_control  CS_Element_Textblock\">\n<div class=\"CS_Textblock_Text\">\n<div class=\"bibleReadingsWrapper\">\n<h4><strong>Evangelio<\/strong><\/h4>\n<h4><strong>Jn 6, 51-58<\/strong><\/h4>\n<div class=\"poetry\">\n<p><strong>En aquel tiempo, Jes\u00fas dijo a los jud\u00edos: \u201cYo soy el pan vivo que ha bajado del cielo; el que coma de este pan vivir\u00e1 para siempre. Y el pan que yo les voy a dar es mi carne para que el mundo tenga vida\u201d.<\/strong><\/p>\n<p><strong>Entonces los jud\u00edos se pusieron a discutir entre s\u00ed: \u201c\u00bfC\u00f3mo puede \u00e9ste darnos a comer su carne?\u201d<\/strong><\/p>\n<p><strong>Jes\u00fas les dijo: \u201cYo les aseguro: Si no comen la carne del Hijo del hombre y no beben su sangre, no podr\u00e1n tener vida en ustedes. El que come mi carne y bebe mi sangre, tiene vida eterna y yo lo resucitar\u00e9 el \u00faltimo d\u00eda.<\/strong><\/p>\n<p><strong>Mi carne es verdadera comida y mi sangre es verdadera bebida. El que come mi carne y bebe mi sangre, permanece en m\u00ed y yo en \u00e9l. Como el Padre, que me ha enviado, posee la vida y yo vivo por \u00e9l, as\u00ed tambi\u00e9n el que me come vivir\u00e1 por m\u00ed.<\/strong><\/p>\n<p><strong>\u00c9ste es el pan que ha bajado del cielo; no es como el man\u00e1 que comieron sus padres, pues murieron. El que come de este pan vivir\u00e1 para siempre\u201d.<\/p>\n<p><\/strong><\/p>\n<\/div>\n<\/div>\n<\/div>\n<\/div>\n<div id=\"cs_control_4180\" class=\"cs_control  readingsFooter\">\n<div class=\"CS_Textblock_Text\"><strong><img loading=\"lazy\" decoding=\"async\" src=\"http:\/\/fatherbroom.com\/es\/wp-content\/media\/sites\/3\/Screen-Shot-2020-06-13-at-8.50.18-PM-300x100.png\" alt=\"\" width=\"498\" height=\"166\" class=\"aligncenter  wp-image-22857\" srcset=\"https:\/\/fatherbroom.com\/es\/wp-content\/media\/sites\/3\/Screen-Shot-2020-06-13-at-8.50.18-PM-300x100.png 300w, https:\/\/fatherbroom.com\/es\/wp-content\/media\/sites\/3\/Screen-Shot-2020-06-13-at-8.50.18-PM-768x256.png 768w, https:\/\/fatherbroom.com\/es\/wp-content\/media\/sites\/3\/Screen-Shot-2020-06-13-at-8.50.18-PM-1024x341.png 1024w, https:\/\/fatherbroom.com\/es\/wp-content\/media\/sites\/3\/Screen-Shot-2020-06-13-at-8.50.18-PM.png 1062w\" sizes=\"auto, (max-width: 498px) 100vw, 498px\" \/><\/strong><br \/><strong>Catecismo de la Iglesia\u00a0Cat\u00f3lica\u00a0<\/p>\n<p>9\u00a0 El ministerio de la catequesis saca energ\u00edas siempre nuevas de los concilios. El Concilio de Trento constituye a este respecto un ejemplo digno de ser destacado: dio a la catequesis una prioridad en sus constituciones y sus decretos; de \u00e9l naci\u00f3 el Catecismo Romano que lleva tambi\u00e9n su nombre y que constituye una obra de primer orden como resumen de la doctrina cristiana; este Concilio suscit\u00f3 en la Iglesia una organizaci\u00f3n notable de la catequesis; promovi\u00f3, gracias a santos obispos y te\u00f3logos como san Pedro Canisio, san Carlos Borromeo, san Toribio de Mogrovejo, san Roberto Belarmino, la publicaci\u00f3n de numerosos catecismos.<\/strong><\/div>\n<\/div>\n<\/div>\n<\/div>\n<\/div>\n<\/div>\n<\/div>\n<div class=\"synved-social-container synved-social-container-share\" style=\"text-align: center\"><a class=\"synved-social-button synved-social-button-share synved-social-size-48 synved-social-resolution-single synved-social-provider-facebook nolightbox\" data-provider=\"facebook\" target=\"_blank\" rel=\"nofollow\" title=\"Share on Facebook\" href=\"https:\/\/www.facebook.com\/sharer.php?u=https%3A%2F%2Ffatherbroom.com%2Fes%2Fwp-json%2Fwp%2Fv2%2Fposts%2F22854&#038;t=LECTURAS%20DEL%20DIA%20Y%20CATECISMO%20%7C%2014%20JUNIO%202020&#038;s=100&#038;p&#091;url&#093;=https%3A%2F%2Ffatherbroom.com%2Fes%2Fwp-json%2Fwp%2Fv2%2Fposts%2F22854&#038;p&#091;images&#093;&#091;0&#093;=http%3A%2F%2Ffatherbroom.com%2Fes%2Fwp-content%2Fmedia%2Fsites%2F3%2FScreen-Shot-2020-06-13-at-8.50.18-PM-300x100.png&#038;p&#091;title&#093;=LECTURAS%20DEL%20DIA%20Y%20CATECISMO%20%7C%2014%20JUNIO%202020\" style=\"font-size: 0px;width:48px;height:48px;margin:0;margin-bottom:5px;margin-right:5px\"><img loading=\"lazy\" decoding=\"async\" alt=\"Facebook\" title=\"Share on Facebook\" class=\"synved-share-image synved-social-image synved-social-image-share\" width=\"48\" height=\"48\" style=\"display: inline;width:48px;height:48px;margin: 0;padding: 0;border: none;box-shadow: none\" src=\"https:\/\/fatherbroom.com\/es\/wp-content\/plugins\/social-media-feather\/synved-social\/image\/social\/regular\/96x96\/facebook.png\" \/><\/a><a class=\"synved-social-button synved-social-button-share synved-social-size-48 synved-social-resolution-single synved-social-provider-twitter nolightbox\" data-provider=\"twitter\" target=\"_blank\" rel=\"nofollow\" title=\"Share on Twitter\" href=\"https:\/\/twitter.com\/intent\/tweet?url=https%3A%2F%2Ffatherbroom.com%2Fes%2Fwp-json%2Fwp%2Fv2%2Fposts%2F22854&#038;text=Hey%20check%20this%20out\" style=\"font-size: 0px;width:48px;height:48px;margin:0;margin-bottom:5px;margin-right:5px\"><img loading=\"lazy\" decoding=\"async\" alt=\"twitter\" title=\"Share on Twitter\" class=\"synved-share-image synved-social-image synved-social-image-share\" width=\"48\" height=\"48\" style=\"display: inline;width:48px;height:48px;margin: 0;padding: 0;border: none;box-shadow: none\" src=\"https:\/\/fatherbroom.com\/es\/wp-content\/plugins\/social-media-feather\/synved-social\/image\/social\/regular\/96x96\/twitter.png\" \/><\/a><a class=\"synved-social-button synved-social-button-share synved-social-size-48 synved-social-resolution-single synved-social-provider-reddit nolightbox\" data-provider=\"reddit\" target=\"_blank\" rel=\"nofollow\" title=\"Share on Reddit\" href=\"https:\/\/www.reddit.com\/submit?url=https%3A%2F%2Ffatherbroom.com%2Fes%2Fwp-json%2Fwp%2Fv2%2Fposts%2F22854&#038;title=LECTURAS%20DEL%20DIA%20Y%20CATECISMO%20%7C%2014%20JUNIO%202020\" style=\"font-size: 0px;width:48px;height:48px;margin:0;margin-bottom:5px;margin-right:5px\"><img loading=\"lazy\" decoding=\"async\" alt=\"reddit\" title=\"Share on Reddit\" class=\"synved-share-image synved-social-image synved-social-image-share\" width=\"48\" height=\"48\" style=\"display: inline;width:48px;height:48px;margin: 0;padding: 0;border: none;box-shadow: none\" src=\"https:\/\/fatherbroom.com\/es\/wp-content\/plugins\/social-media-feather\/synved-social\/image\/social\/regular\/96x96\/reddit.png\" \/><\/a><a class=\"synved-social-button synved-social-button-share synved-social-size-48 synved-social-resolution-single synved-social-provider-pinterest nolightbox\" data-provider=\"pinterest\" target=\"_blank\" rel=\"nofollow\" title=\"Pin it with Pinterest\" href=\"https:\/\/pinterest.com\/pin\/create\/button\/?url=https%3A%2F%2Ffatherbroom.com%2Fes%2Fwp-json%2Fwp%2Fv2%2Fposts%2F22854&#038;media=http%3A%2F%2Ffatherbroom.com%2Fes%2Fwp-content%2Fmedia%2Fsites%2F3%2FScreen-Shot-2020-06-13-at-8.50.18-PM-300x100.png&#038;description=LECTURAS%20DEL%20DIA%20Y%20CATECISMO%20%7C%2014%20JUNIO%202020\" style=\"font-size: 0px;width:48px;height:48px;margin:0;margin-bottom:5px;margin-right:5px\"><img loading=\"lazy\" decoding=\"async\" alt=\"pinterest\" title=\"Pin it with Pinterest\" class=\"synved-share-image synved-social-image synved-social-image-share\" width=\"48\" height=\"48\" style=\"display: inline;width:48px;height:48px;margin: 0;padding: 0;border: none;box-shadow: none\" src=\"https:\/\/fatherbroom.com\/es\/wp-content\/plugins\/social-media-feather\/synved-social\/image\/social\/regular\/96x96\/pinterest.png\" \/><\/a><a class=\"synved-social-button synved-social-button-share synved-social-size-48 synved-social-resolution-single synved-social-provider-linkedin nolightbox\" data-provider=\"linkedin\" target=\"_blank\" rel=\"nofollow\" title=\"Share on Linkedin\" href=\"https:\/\/www.linkedin.com\/shareArticle?mini=true&#038;url=https%3A%2F%2Ffatherbroom.com%2Fes%2Fwp-json%2Fwp%2Fv2%2Fposts%2F22854&#038;title=LECTURAS%20DEL%20DIA%20Y%20CATECISMO%20%7C%2014%20JUNIO%202020\" style=\"font-size: 0px;width:48px;height:48px;margin:0;margin-bottom:5px;margin-right:5px\"><img loading=\"lazy\" decoding=\"async\" alt=\"linkedin\" title=\"Share on Linkedin\" class=\"synved-share-image synved-social-image synved-social-image-share\" width=\"48\" height=\"48\" style=\"display: inline;width:48px;height:48px;margin: 0;padding: 0;border: none;box-shadow: none\" src=\"https:\/\/fatherbroom.com\/es\/wp-content\/plugins\/social-media-feather\/synved-social\/image\/social\/regular\/96x96\/linkedin.png\" \/><\/a><a class=\"synved-social-button synved-social-button-share synved-social-size-48 synved-social-resolution-single synved-social-provider-mail nolightbox\" data-provider=\"mail\" rel=\"nofollow\" title=\"Share by email\" href=\"mailto:?subject=LECTURAS%20DEL%20DIA%20Y%20CATECISMO%20%7C%2014%20JUNIO%202020&#038;body=Hey%20check%20this%20out:%20https%3A%2F%2Ffatherbroom.com%2Fes%2Fwp-json%2Fwp%2Fv2%2Fposts%2F22854\" style=\"font-size: 0px;width:48px;height:48px;margin:0;margin-bottom:5px\"><img loading=\"lazy\" decoding=\"async\" alt=\"mail\" title=\"Share by email\" class=\"synved-share-image synved-social-image synved-social-image-share\" width=\"48\" height=\"48\" style=\"display: inline;width:48px;height:48px;margin: 0;padding: 0;border: none;box-shadow: none\" src=\"https:\/\/fatherbroom.com\/es\/wp-content\/plugins\/social-media-feather\/synved-social\/image\/social\/regular\/96x96\/mail.png\" \/><\/a><\/div>","protected":false},"excerpt":{"rendered":"<p>14 de junio 2020 Solemnidad del Cuerpo y la Sangre de Cristo (Corpus Christi) Primera lectura Deut 8, 2-3. 14-16 En aquel tiempo, habl\u00f3 Mois\u00e9s al pueblo y le dijo: \u201cRecuerda el camino que el Se\u00f1or, tu Dios, te ha hecho recorrer estos cuarenta a\u00f1os por el desierto, para afligirte, para ponerte a prueba y [&hellip;]<\/p>\n","protected":false},"author":7,"featured_media":0,"comment_status":"open","ping_status":"open","sticky":false,"template":"","format":"standard","meta":{"_genesis_hide_title":false,"_genesis_hide_breadcrumbs":false,"_genesis_hide_singular_image":false,"_genesis_hide_footer_widgets":false,"_genesis_custom_body_class":"","_genesis_custom_post_class":"","_genesis_layout":"","footnotes":""},"categories":[277],"tags":[],"class_list":{"0":"post-22854","1":"post","2":"type-post","3":"status-publish","4":"format-standard","6":"category-lecturas-del-dia","7":"entry"},"_links":{"self":[{"href":"https:\/\/fatherbroom.com\/es\/wp-json\/wp\/v2\/posts\/22854","targetHints":{"allow":["GET"]}}],"collection":[{"href":"https:\/\/fatherbroom.com\/es\/wp-json\/wp\/v2\/posts"}],"about":[{"href":"https:\/\/fatherbroom.com\/es\/wp-json\/wp\/v2\/types\/post"}],"author":[{"embeddable":true,"href":"https:\/\/fatherbroom.com\/es\/wp-json\/wp\/v2\/users\/7"}],"replies":[{"embeddable":true,"href":"https:\/\/fatherbroom.com\/es\/wp-json\/wp\/v2\/comments?post=22854"}],"version-history":[{"count":4,"href":"https:\/\/fatherbroom.com\/es\/wp-json\/wp\/v2\/posts\/22854\/revisions"}],"predecessor-version":[{"id":22860,"href":"https:\/\/fatherbroom.com\/es\/wp-json\/wp\/v2\/posts\/22854\/revisions\/22860"}],"wp:attachment":[{"href":"https:\/\/fatherbroom.com\/es\/wp-json\/wp\/v2\/media?parent=22854"}],"wp:term":[{"taxonomy":"category","embeddable":true,"href":"https:\/\/fatherbroom.com\/es\/wp-json\/wp\/v2\/categories?post=22854"},{"taxonomy":"post_tag","embeddable":true,"href":"https:\/\/fatherbroom.com\/es\/wp-json\/wp\/v2\/tags?post=22854"}],"curies":[{"name":"wp","href":"https:\/\/api.w.org\/{rel}","templated":true}]}}