{"id":22835,"date":"2020-06-13T05:00:17","date_gmt":"2020-06-13T12:00:17","guid":{"rendered":"http:\/\/fatherbroom.com\/es\/?p=22835"},"modified":"2020-06-12T20:07:36","modified_gmt":"2020-06-13T03:07:36","slug":"lecturas-del-dia-catecismo-y-reflexion-13-junio-2020","status":"publish","type":"post","link":"https:\/\/fatherbroom.com\/es\/2020\/06\/lecturas-del-dia-catecismo-y-reflexion-13-junio-2020\/","title":{"rendered":"LECTURAS DEL DIA, CATECISMO Y REFLEXION | 13 JUNIO 2020"},"content":{"rendered":"<p><img loading=\"lazy\" decoding=\"async\" src=\"http:\/\/fatherbroom.com\/es\/wp-content\/media\/sites\/3\/Screen-Shot-2020-06-12-at-7.47.03-PM-300x170.png\" alt=\"\" width=\"574\" height=\"325\" class=\"aligncenter  wp-image-22838\" srcset=\"https:\/\/fatherbroom.com\/es\/wp-content\/media\/sites\/3\/Screen-Shot-2020-06-12-at-7.47.03-PM-300x170.png 300w, https:\/\/fatherbroom.com\/es\/wp-content\/media\/sites\/3\/Screen-Shot-2020-06-12-at-7.47.03-PM-768x434.png 768w, https:\/\/fatherbroom.com\/es\/wp-content\/media\/sites\/3\/Screen-Shot-2020-06-12-at-7.47.03-PM-1024x579.png 1024w, https:\/\/fatherbroom.com\/es\/wp-content\/media\/sites\/3\/Screen-Shot-2020-06-12-at-7.47.03-PM.png 1330w\" sizes=\"auto, (max-width: 574px) 100vw, 574px\" \/><\/p>\n<div id=\"cs_control_3683\" class=\"cs_control  CS_Element_Textblock\">\n<div class=\"CS_Textblock_Text\">\n<h4><strong>Memoria de San Antonio de Padua, presb\u00edtero y doctor de la Iglesia<\/strong><br \/><strong>Primera lectura<\/strong><\/h4>\n<\/div>\n<\/div>\n<div id=\"cs_control_3684\" class=\"cs_control  CS_Element_Textblock\">\n<div class=\"CS_Textblock_Text\">\n<div class=\"bibleReadingsWrapper\">\n<h4><strong>1 Reyes 9, 19-21<\/strong><\/h4>\n<div class=\"poetry\">\n<p><strong>Por aquel entonces, El\u00edas parti\u00f3 luego y encontr\u00f3 a Eliseo, hijo de Safat, que estaba arando. Delante de \u00e9l trabajaban doce yuntas de bueyes y \u00e9l trabajaba con la \u00faltima. El\u00edas pas\u00f3 junto a \u00e9l y le ech\u00f3 encima su manto. Entonces Eliseo abandon\u00f3 sus bueyes, corri\u00f3 detr\u00e1s de El\u00edas y le dijo: \u201cD\u00e9jame dar a mis padres el beso de despedida y te seguir\u00e9\u201d. El\u00edas le contest\u00f3: \u201cVe y vuelve, porque bien sabes lo que ha hecho el Se\u00f1or contigo\u201d.<\/strong><\/p>\n<p><strong>Se fue Eliseo, se llev\u00f3 los dos bueyes de la yunta, los sacrific\u00f3, as\u00f3 la carne en la hoguera que hizo con la madera del arado y la reparti\u00f3 a su gente para que se la comieran. Luego se levant\u00f3, sigui\u00f3 a El\u00edas y se puso a su servicio.<\/strong><\/p>\n<\/div>\n<\/div>\n<\/div>\n<\/div>\n<div id=\"cs_control_289228\" class=\"cs_control  CS_Element_Textblock\">\n<div class=\"CS_Textblock_Text\">\n<div class=\"bibleReadingsWrapper\">\n<h4><strong>Salmo Responsorial<\/strong><\/h4>\n<h5><strong>Salmo 15, 1-2a y 5. 7-8. 9-10<\/strong><\/h5>\n<div class=\"poetry\">\n<p><strong>R. (cf. 5a) Se\u00f1or, mi vida est\u00e1 en tus manos.<\/strong><br \/><strong>Prot\u00e9geme, Dios m\u00edo, pues eres mi refugio.<\/strong><br \/><strong>Yo siempre he dicho que t\u00fa eres mi Se\u00f1or.<\/strong><br \/><strong>El Se\u00f1or es la parte que me ha tocado en herencia:<\/strong><br \/><strong>mi vida est\u00e1 en tus manos. R.<\/strong><\/p>\n<p><strong>R. Se\u00f1or, mi vida est\u00e1 en tus manos.<\/strong><br \/><strong>Bendecir\u00e9 al Se\u00f1or, que me aconseja;<\/strong><br \/><strong>hasta de noche me instruye internamente.<\/strong><br \/><strong>Tengo siempre presente al Se\u00f1or<\/strong><br \/><strong>y con \u00e9l a mi lado, jam\u00e1s tropezar\u00e9. R.<\/strong><\/p>\n<p><strong>R. Se\u00f1or, mi vida est\u00e1 en tus manos.<\/strong><br \/><strong>Por eso se me alegran el coraz\u00f3n y el alma<\/strong><br \/><strong>y mi cuerpo vivir\u00e1 tranquilo,<\/strong><br \/><strong>porque t\u00fa no me abandonar\u00e1s a la muerte<\/strong><br \/><strong>ni dejar\u00e1s que sufra yo la corrupci\u00f3n. R.<\/strong><\/p>\n<p><strong>R. Se\u00f1or, mi vida est\u00e1 en tus manos.<\/strong><\/p>\n<\/div>\n<\/div>\n<\/div>\n<\/div>\n<div id=\"cs_control_289230\" class=\"cs_control  CS_Element_Textblock\">\n<div class=\"CS_Textblock_Text\">\n<div class=\"bibleReadingsWrapper\">\n<h4><strong>Aclamaci\u00f3n antes del Evangelio<\/strong><\/h4>\n<h5><strong>Sal 118, 36. 29<\/strong><\/h5>\n<div class=\"poetry\">\n<p><strong>R. Aleluya, aleluya.<\/strong><br \/><strong>Inclina, Dios m\u00edo, mi coraz\u00f3n a tus preceptos<\/strong><br \/><strong>y dame la gracia de cumplir tu voluntad.<\/strong><br \/><strong>R. Aleluya.<\/strong><\/p>\n<\/div>\n<\/div>\n<\/div>\n<\/div>\n<div id=\"cs_control_289231\" class=\"cs_control  CS_Element_Textblock\">\n<div class=\"CS_Textblock_Text\">\n<div class=\"bibleReadingsWrapper\">\n<h4><strong>Evangelio<\/strong><\/h4>\n<h5><strong>Mt 5, 33-37<\/strong><\/h5>\n<div class=\"poetry\">\n<p><strong>En aquel tiempo, Jes\u00fas dijo a sus disc\u00edpulos: \u201cHan o\u00eddo ustedes que se dijo a los antiguos: No jurar\u00e1s en falso y le cumplir\u00e1s al Se\u00f1or lo que le hayas prometido con juramento. Pero yo les digo: No juren de ninguna manera, ni por el cielo, que es el trono de Dios; ni por la tierra, porque es donde \u00e9l pone los pies; ni por Jerusal\u00e9n, que es la ciudad del gran Rey.<\/strong><\/p>\n<p><strong>Tampoco jures por tu cabeza, porque no puedes hacer blanco o negro uno solo de tus cabellos. Digan simplemente s\u00ed, cuando es s\u00ed; y no, cuando es no. Lo que se diga de m\u00e1s, viene del maligno\u2019\u2019.<\/strong><br \/><img loading=\"lazy\" decoding=\"async\" src=\"http:\/\/fatherbroom.com\/es\/wp-content\/media\/sites\/3\/Screen-Shot-2020-06-12-at-7.48.12-PM-300x100.png\" alt=\"\" width=\"552\" height=\"184\" class=\"aligncenter  wp-image-22839\" srcset=\"https:\/\/fatherbroom.com\/es\/wp-content\/media\/sites\/3\/Screen-Shot-2020-06-12-at-7.48.12-PM-300x100.png 300w, https:\/\/fatherbroom.com\/es\/wp-content\/media\/sites\/3\/Screen-Shot-2020-06-12-at-7.48.12-PM-768x256.png 768w, https:\/\/fatherbroom.com\/es\/wp-content\/media\/sites\/3\/Screen-Shot-2020-06-12-at-7.48.12-PM-1024x341.png 1024w, https:\/\/fatherbroom.com\/es\/wp-content\/media\/sites\/3\/Screen-Shot-2020-06-12-at-7.48.12-PM.png 1326w\" sizes=\"auto, (max-width: 552px) 100vw, 552px\" \/><strong><br \/>Catecismo de la Iglesia Cat\u00f3lica\u00a0<\/strong><\/p>\n<p><strong>8\u00a0 Los per\u00edodos de renovaci\u00f3n de la Iglesia son tambi\u00e9n tiempos en los que a la catequesis le corresponde un mayor empe\u00f1o. As\u00ed, en la gran \u00e9poca de los Padres de la Iglesia, vemos a santos obispos consagrar una parte importante de su ministerio a la catequesis. Es la \u00e9poca de san Cirilo de Jerusal\u00e9n y de san Juan Cris\u00f3stomo, de san Ambrosio y de san Agust\u00edn, y de muchos otros Padres cuyas obras catequ\u00e9ticas siguen siendo modelos.<\/strong><\/p>\n<\/div>\n<\/div>\n<\/div>\n<\/div>\n<div class=\"synved-social-container synved-social-container-share\" style=\"text-align: center\"><a class=\"synved-social-button synved-social-button-share synved-social-size-48 synved-social-resolution-single synved-social-provider-facebook nolightbox\" data-provider=\"facebook\" target=\"_blank\" rel=\"nofollow\" title=\"Share on Facebook\" href=\"https:\/\/www.facebook.com\/sharer.php?u=https%3A%2F%2Ffatherbroom.com%2Fes%2Fwp-json%2Fwp%2Fv2%2Fposts%2F22835&#038;t=LECTURAS%20DEL%20DIA%2C%20CATECISMO%20Y%20REFLEXION%20%7C%2013%20JUNIO%202020&#038;s=100&#038;p&#091;url&#093;=https%3A%2F%2Ffatherbroom.com%2Fes%2Fwp-json%2Fwp%2Fv2%2Fposts%2F22835&#038;p&#091;images&#093;&#091;0&#093;=http%3A%2F%2Ffatherbroom.com%2Fes%2Fwp-content%2Fmedia%2Fsites%2F3%2FScreen-Shot-2020-06-12-at-7.48.12-PM-300x100.png&#038;p&#091;title&#093;=LECTURAS%20DEL%20DIA%2C%20CATECISMO%20Y%20REFLEXION%20%7C%2013%20JUNIO%202020\" style=\"font-size: 0px;width:48px;height:48px;margin:0;margin-bottom:5px;margin-right:5px\"><img loading=\"lazy\" decoding=\"async\" alt=\"Facebook\" title=\"Share on Facebook\" class=\"synved-share-image synved-social-image synved-social-image-share\" width=\"48\" height=\"48\" style=\"display: inline;width:48px;height:48px;margin: 0;padding: 0;border: none;box-shadow: none\" src=\"https:\/\/fatherbroom.com\/es\/wp-content\/plugins\/social-media-feather\/synved-social\/image\/social\/regular\/96x96\/facebook.png\" \/><\/a><a class=\"synved-social-button synved-social-button-share synved-social-size-48 synved-social-resolution-single synved-social-provider-twitter nolightbox\" data-provider=\"twitter\" target=\"_blank\" rel=\"nofollow\" title=\"Share on Twitter\" href=\"https:\/\/twitter.com\/intent\/tweet?url=https%3A%2F%2Ffatherbroom.com%2Fes%2Fwp-json%2Fwp%2Fv2%2Fposts%2F22835&#038;text=Hey%20check%20this%20out\" style=\"font-size: 0px;width:48px;height:48px;margin:0;margin-bottom:5px;margin-right:5px\"><img loading=\"lazy\" decoding=\"async\" alt=\"twitter\" title=\"Share on Twitter\" class=\"synved-share-image synved-social-image synved-social-image-share\" width=\"48\" height=\"48\" style=\"display: inline;width:48px;height:48px;margin: 0;padding: 0;border: none;box-shadow: none\" src=\"https:\/\/fatherbroom.com\/es\/wp-content\/plugins\/social-media-feather\/synved-social\/image\/social\/regular\/96x96\/twitter.png\" \/><\/a><a class=\"synved-social-button synved-social-button-share synved-social-size-48 synved-social-resolution-single synved-social-provider-reddit nolightbox\" data-provider=\"reddit\" target=\"_blank\" rel=\"nofollow\" title=\"Share on Reddit\" href=\"https:\/\/www.reddit.com\/submit?url=https%3A%2F%2Ffatherbroom.com%2Fes%2Fwp-json%2Fwp%2Fv2%2Fposts%2F22835&#038;title=LECTURAS%20DEL%20DIA%2C%20CATECISMO%20Y%20REFLEXION%20%7C%2013%20JUNIO%202020\" style=\"font-size: 0px;width:48px;height:48px;margin:0;margin-bottom:5px;margin-right:5px\"><img loading=\"lazy\" decoding=\"async\" alt=\"reddit\" title=\"Share on Reddit\" class=\"synved-share-image synved-social-image synved-social-image-share\" width=\"48\" height=\"48\" style=\"display: inline;width:48px;height:48px;margin: 0;padding: 0;border: none;box-shadow: none\" src=\"https:\/\/fatherbroom.com\/es\/wp-content\/plugins\/social-media-feather\/synved-social\/image\/social\/regular\/96x96\/reddit.png\" \/><\/a><a class=\"synved-social-button synved-social-button-share synved-social-size-48 synved-social-resolution-single synved-social-provider-pinterest nolightbox\" data-provider=\"pinterest\" target=\"_blank\" rel=\"nofollow\" title=\"Pin it with Pinterest\" href=\"https:\/\/pinterest.com\/pin\/create\/button\/?url=https%3A%2F%2Ffatherbroom.com%2Fes%2Fwp-json%2Fwp%2Fv2%2Fposts%2F22835&#038;media=http%3A%2F%2Ffatherbroom.com%2Fes%2Fwp-content%2Fmedia%2Fsites%2F3%2FScreen-Shot-2020-06-12-at-7.48.12-PM-300x100.png&#038;description=LECTURAS%20DEL%20DIA%2C%20CATECISMO%20Y%20REFLEXION%20%7C%2013%20JUNIO%202020\" style=\"font-size: 0px;width:48px;height:48px;margin:0;margin-bottom:5px;margin-right:5px\"><img loading=\"lazy\" decoding=\"async\" alt=\"pinterest\" title=\"Pin it with Pinterest\" class=\"synved-share-image synved-social-image synved-social-image-share\" width=\"48\" height=\"48\" style=\"display: inline;width:48px;height:48px;margin: 0;padding: 0;border: none;box-shadow: none\" src=\"https:\/\/fatherbroom.com\/es\/wp-content\/plugins\/social-media-feather\/synved-social\/image\/social\/regular\/96x96\/pinterest.png\" \/><\/a><a class=\"synved-social-button synved-social-button-share synved-social-size-48 synved-social-resolution-single synved-social-provider-linkedin nolightbox\" data-provider=\"linkedin\" target=\"_blank\" rel=\"nofollow\" title=\"Share on Linkedin\" href=\"https:\/\/www.linkedin.com\/shareArticle?mini=true&#038;url=https%3A%2F%2Ffatherbroom.com%2Fes%2Fwp-json%2Fwp%2Fv2%2Fposts%2F22835&#038;title=LECTURAS%20DEL%20DIA%2C%20CATECISMO%20Y%20REFLEXION%20%7C%2013%20JUNIO%202020\" style=\"font-size: 0px;width:48px;height:48px;margin:0;margin-bottom:5px;margin-right:5px\"><img loading=\"lazy\" decoding=\"async\" alt=\"linkedin\" title=\"Share on Linkedin\" class=\"synved-share-image synved-social-image synved-social-image-share\" width=\"48\" height=\"48\" style=\"display: inline;width:48px;height:48px;margin: 0;padding: 0;border: none;box-shadow: none\" src=\"https:\/\/fatherbroom.com\/es\/wp-content\/plugins\/social-media-feather\/synved-social\/image\/social\/regular\/96x96\/linkedin.png\" \/><\/a><a class=\"synved-social-button synved-social-button-share synved-social-size-48 synved-social-resolution-single synved-social-provider-mail nolightbox\" data-provider=\"mail\" rel=\"nofollow\" title=\"Share by email\" href=\"mailto:?subject=LECTURAS%20DEL%20DIA%2C%20CATECISMO%20Y%20REFLEXION%20%7C%2013%20JUNIO%202020&#038;body=Hey%20check%20this%20out:%20https%3A%2F%2Ffatherbroom.com%2Fes%2Fwp-json%2Fwp%2Fv2%2Fposts%2F22835\" style=\"font-size: 0px;width:48px;height:48px;margin:0;margin-bottom:5px\"><img loading=\"lazy\" decoding=\"async\" alt=\"mail\" title=\"Share by email\" class=\"synved-share-image synved-social-image synved-social-image-share\" width=\"48\" height=\"48\" style=\"display: inline;width:48px;height:48px;margin: 0;padding: 0;border: none;box-shadow: none\" src=\"https:\/\/fatherbroom.com\/es\/wp-content\/plugins\/social-media-feather\/synved-social\/image\/social\/regular\/96x96\/mail.png\" \/><\/a><\/div>","protected":false},"excerpt":{"rendered":"<p>Memoria de San Antonio de Padua, presb\u00edtero y doctor de la IglesiaPrimera lectura 1 Reyes 9, 19-21 Por aquel entonces, El\u00edas parti\u00f3 luego y encontr\u00f3 a Eliseo, hijo de Safat, que estaba arando. Delante de \u00e9l trabajaban doce yuntas de bueyes y \u00e9l trabajaba con la \u00faltima. El\u00edas pas\u00f3 junto a \u00e9l y le ech\u00f3 [&hellip;]<\/p>\n","protected":false},"author":7,"featured_media":0,"comment_status":"open","ping_status":"open","sticky":false,"template":"","format":"standard","meta":{"_genesis_hide_title":false,"_genesis_hide_breadcrumbs":false,"_genesis_hide_singular_image":false,"_genesis_hide_footer_widgets":false,"_genesis_custom_body_class":"","_genesis_custom_post_class":"","_genesis_layout":"","footnotes":""},"categories":[277],"tags":[],"class_list":{"0":"post-22835","1":"post","2":"type-post","3":"status-publish","4":"format-standard","6":"category-lecturas-del-dia","7":"entry"},"_links":{"self":[{"href":"https:\/\/fatherbroom.com\/es\/wp-json\/wp\/v2\/posts\/22835","targetHints":{"allow":["GET"]}}],"collection":[{"href":"https:\/\/fatherbroom.com\/es\/wp-json\/wp\/v2\/posts"}],"about":[{"href":"https:\/\/fatherbroom.com\/es\/wp-json\/wp\/v2\/types\/post"}],"author":[{"embeddable":true,"href":"https:\/\/fatherbroom.com\/es\/wp-json\/wp\/v2\/users\/7"}],"replies":[{"embeddable":true,"href":"https:\/\/fatherbroom.com\/es\/wp-json\/wp\/v2\/comments?post=22835"}],"version-history":[{"count":3,"href":"https:\/\/fatherbroom.com\/es\/wp-json\/wp\/v2\/posts\/22835\/revisions"}],"predecessor-version":[{"id":22840,"href":"https:\/\/fatherbroom.com\/es\/wp-json\/wp\/v2\/posts\/22835\/revisions\/22840"}],"wp:attachment":[{"href":"https:\/\/fatherbroom.com\/es\/wp-json\/wp\/v2\/media?parent=22835"}],"wp:term":[{"taxonomy":"category","embeddable":true,"href":"https:\/\/fatherbroom.com\/es\/wp-json\/wp\/v2\/categories?post=22835"},{"taxonomy":"post_tag","embeddable":true,"href":"https:\/\/fatherbroom.com\/es\/wp-json\/wp\/v2\/tags?post=22835"}],"curies":[{"name":"wp","href":"https:\/\/api.w.org\/{rel}","templated":true}]}}