{"id":22814,"date":"2020-06-12T05:00:09","date_gmt":"2020-06-12T12:00:09","guid":{"rendered":"http:\/\/fatherbroom.com\/es\/?p=22814"},"modified":"2020-06-11T13:30:24","modified_gmt":"2020-06-11T20:30:24","slug":"lecturas-del-dia-catecismo-y-reflexion-12-junio-2020","status":"publish","type":"post","link":"https:\/\/fatherbroom.com\/es\/2020\/06\/lecturas-del-dia-catecismo-y-reflexion-12-junio-2020\/","title":{"rendered":"LECTURAS DEL DIA, CATECISMO Y REFLEXION | 12 JUNIO 2020"},"content":{"rendered":"<p><img loading=\"lazy\" decoding=\"async\" src=\"http:\/\/fatherbroom.com\/es\/wp-content\/media\/sites\/3\/Screen-Shot-2020-06-11-at-1.22.11-PM-300x169.png\" alt=\"\" width=\"497\" height=\"280\" class=\"aligncenter  wp-image-22816\" srcset=\"https:\/\/fatherbroom.com\/es\/wp-content\/media\/sites\/3\/Screen-Shot-2020-06-11-at-1.22.11-PM-300x169.png 300w, https:\/\/fatherbroom.com\/es\/wp-content\/media\/sites\/3\/Screen-Shot-2020-06-11-at-1.22.11-PM-768x432.png 768w, https:\/\/fatherbroom.com\/es\/wp-content\/media\/sites\/3\/Screen-Shot-2020-06-11-at-1.22.11-PM-1024x577.png 1024w, https:\/\/fatherbroom.com\/es\/wp-content\/media\/sites\/3\/Screen-Shot-2020-06-11-at-1.22.11-PM.png 1378w\" sizes=\"auto, (max-width: 497px) 100vw, 497px\" \/><br \/><strong>12 de junio 2020<\/strong><\/p>\n<div class=\"contentarea\">\n<div id=\"cs_control_1386\" class=\"cs_control CS_Element_Schedule\">\n<div title=\"\" id=\"CS_Element_maincontent\">\n<div id=\"gridRow_1_1_1386\" class=\"cs_GridRow\">\n<div id=\"gridCol_1_1_1_1_1386\" class=\"cs_GridColumn\">\n<div id=\"cs_control_157991\" class=\"cs_control  lecturas-block\">\n<div id=\"cs_control_3683\" class=\"cs_control  CS_Element_Textblock\">\n<div class=\"CS_Textblock_Text\">\n<h4><strong>Viernes de la X semana del Tiempo ordinario<\/strong><\/p>\n<p><strong>Primera lectura<\/strong><\/h4>\n<\/div>\n<\/div>\n<div id=\"cs_control_3684\" class=\"cs_control  CS_Element_Textblock\">\n<div class=\"CS_Textblock_Text\">\n<div class=\"bibleReadingsWrapper\"><strong>1 Reyes19, 9. 11-16<\/strong><\/p>\n<div class=\"poetry\">\n<p><strong>Al llegar al monte de Dios, el Horeb, el profeta El\u00edas entr\u00f3 en una cueva y permaneci\u00f3 all\u00ed. El Se\u00f1or le dijo: \u201cSal de la cueva y qu\u00e9date en el monte para ver al Se\u00f1or, porque el Se\u00f1or va a pasar\u201d.<\/strong><\/p>\n<p><strong>As\u00ed lo hizo El\u00edas, y al acercarse el Se\u00f1or, vino primero un viento huracanado, que part\u00eda las monta\u00f1as y resquebrajaba las rocas; pero el Se\u00f1or no estaba en el viento. Se produjo despu\u00e9s un terremoto; pero el Se\u00f1or no estaba en el terremoto. Luego vino un fuego; pero el Se\u00f1or no estaba en el fuego. Despu\u00e9s del fuego se escuch\u00f3 el murmullo de una brisa suave.<\/strong><\/p>\n<p><strong>Al o\u00edrlo, El\u00edas se cubri\u00f3 el rostro con el manto y sali\u00f3 a la entrada de la cueva. Entonces oy\u00f3 una voz que le dijo: \u201c\u00bfQu\u00e9 haces aqu\u00ed, El\u00edas?\u201d \u00c9l respondi\u00f3: \u201cMe consume el celo por tu honra, Se\u00f1or, Dios de los ej\u00e9rcitos, porque los israelitas han abandonado tu alianza, han derribado tus altares y asesinado a tus profetas; s\u00f3lo quedo yo y me andan buscando para matarme\u201d.<\/strong><\/p>\n<p><strong>El Se\u00f1or le dijo: \u201cDesanda tu camino hacia el desierto de Damasco. Ve y unge a Jazael como rey de Siria; a Jeh\u00fa, hijo de Nims\u00ed, como rey de Israel; y a Eliseo, hijo de Safat, \u00fangelo como profeta, sucesor tuyo\u201d.<\/strong><\/p>\n<\/div>\n<\/div>\n<\/div>\n<\/div>\n<div id=\"cs_control_289228\" class=\"cs_control  CS_Element_Textblock\">\n<div class=\"CS_Textblock_Text\">\n<div class=\"bibleReadingsWrapper\">\n<h4><strong>Salmo Responsorial<\/strong><\/h4>\n<h4><strong>Salmo 26, 7-8a. 8b-9abc. 13-14<\/strong><\/h4>\n<div class=\"poetry\">\n<p><strong>R. (8b) Oye, Se\u00f1or, mi voz y mis clamores.<\/strong><br \/><strong>Oye, Se\u00f1or, mi voz y mi clamores<\/strong><br \/><strong>y tenme compasi\u00f3n;<\/strong><br \/><strong>el coraz\u00f3n me dice que te busque<\/strong><br \/><strong>y busc\u00e1ndote estoy. R.<\/strong><\/p>\n<p><strong>R. Oye, Se\u00f1or, mi voz y mis clamores.<\/strong><br \/><strong>No rechaces con c\u00f3lera a tu siervo,<\/strong><br \/><strong>t\u00fa eres mi \u00fanico auxilio;<\/strong><br \/><strong>no me abandones ni me dejes solo,<\/strong><br \/><strong>Dios y salvador m\u00edo. R.<\/strong><\/p>\n<p><strong>R. Oye, Se\u00f1or, mi voz y mis clamores.<\/strong><br \/><strong>La bondad del Se\u00f1or espero ver<\/strong><br \/><strong>en esta misma vida.<\/strong><br \/><strong>Armate de valor y fortaleza<\/strong><br \/><strong>y en el Se\u00f1or conf\u00eda. R.<\/strong><\/p>\n<p><strong>R. Oye, Se\u00f1or, mi voz y mis clamores.<\/strong><\/p>\n<\/div>\n<\/div>\n<\/div>\n<\/div>\n<div id=\"cs_control_289230\" class=\"cs_control  CS_Element_Textblock\">\n<div class=\"CS_Textblock_Text\">\n<div class=\"bibleReadingsWrapper\">\n<h4><strong>Aclamaci\u00f3n antes del Evangelio<\/strong><\/h4>\n<h4><strong>Flp 2, 15. 16<\/strong><\/h4>\n<div class=\"poetry\">\n<p><strong>R. Aleluya, aleluya.<\/strong><br \/><strong>Iluminen al mundo<\/strong><br \/><strong>con la luz del Evangelio reflejada en su vida.<\/strong><br \/><strong>R. Aleluya.<\/strong><\/p>\n<\/div>\n<\/div>\n<\/div>\n<\/div>\n<div id=\"cs_control_289231\" class=\"cs_control  CS_Element_Textblock\">\n<div class=\"CS_Textblock_Text\">\n<div class=\"bibleReadingsWrapper\">\n<h4><strong>Evangelio<\/strong><\/h4>\n<h4><strong>Mt 5, 27-32<\/strong><\/h4>\n<div class=\"poetry\">\n<p><strong>En aquel tiempo, Jes\u00fas dijo a sus disc\u00edpulos: \u201cHan o\u00eddo ustedes que se dijo a los antiguos: No cometer\u00e1s adulterio; pero yo les digo que quien mire con malos deseos a una mujer, ya cometi\u00f3 adulterio con ella en su coraz\u00f3n. Por eso, si tu ojo derecho es para ti ocasi\u00f3n de pecado, arr\u00e1ncatelo y t\u00edralo lejos, porque m\u00e1s te vale perder una parte de tu cuerpo y no que todo \u00e9l sea arrojado al lugar de castigo. Y si tu mano derecha es para ti ocasi\u00f3n de pecado, c\u00f3rtatela y arr\u00f3jala lejos de ti, porque m\u00e1s te vale perder una parte de tu cuerpo y no que todo \u00e9l sea arrojado al lugar de castigo.<\/strong><\/p>\n<p><strong>Tambi\u00e9n se dijo antes: El que se divorcie, que le d\u00e9 a su mujer un certificado de divorcio; pero yo les digo que el que se divorcia, salvo el caso de que vivan en uni\u00f3n ileg\u00edtima, expone a su mujer al adulterio, y el que se casa con una divorciada comete adulterio\u2019\u2019.<\/strong><\/p>\n<p><strong><img loading=\"lazy\" decoding=\"async\" src=\"http:\/\/fatherbroom.com\/es\/wp-content\/media\/sites\/3\/Screen-Shot-2020-06-11-at-1.25.50-PM-300x99.png\" alt=\"\" width=\"479\" height=\"158\" class=\"aligncenter  wp-image-22818\" srcset=\"https:\/\/fatherbroom.com\/es\/wp-content\/media\/sites\/3\/Screen-Shot-2020-06-11-at-1.25.50-PM-300x99.png 300w, https:\/\/fatherbroom.com\/es\/wp-content\/media\/sites\/3\/Screen-Shot-2020-06-11-at-1.25.50-PM-768x254.png 768w, https:\/\/fatherbroom.com\/es\/wp-content\/media\/sites\/3\/Screen-Shot-2020-06-11-at-1.25.50-PM-1024x339.png 1024w, https:\/\/fatherbroom.com\/es\/wp-content\/media\/sites\/3\/Screen-Shot-2020-06-11-at-1.25.50-PM.png 1064w\" sizes=\"auto, (max-width: 479px) 100vw, 479px\" \/><\/strong><br \/><strong>Catecismo de la Iglesia Cat\u00f3lica<\/strong><\/p>\n<\/div>\n<\/div>\n<\/div>\n<\/div>\n<div id=\"cs_control_289214\" class=\"cs_control  CS_Element_Textblock\">\n<div class=\"CS_Textblock_Text\">\n<p><strong>7\u00a0 \u00abLa catequesis est\u00e1 unida \u00edntimamente a toda la vida de la Iglesia. No s\u00f3lo la extensi\u00f3n geogr\u00e1fica y el aumento num\u00e9rico de la Iglesia, sino tambi\u00e9n y, m\u00e1s a\u00fan, su crecimiento interior, su correspondencia con el designio de Dios dependen esencialmente de ella\u00bb (CT 13).<\/strong><\/p>\n<\/div>\n<\/div>\n<\/div>\n<\/div>\n<\/div>\n<\/div>\n<\/div>\n<\/div>\n<div class=\"synved-social-container synved-social-container-share\" style=\"text-align: center\"><a class=\"synved-social-button synved-social-button-share synved-social-size-48 synved-social-resolution-single synved-social-provider-facebook nolightbox\" data-provider=\"facebook\" target=\"_blank\" rel=\"nofollow\" title=\"Share on Facebook\" href=\"https:\/\/www.facebook.com\/sharer.php?u=https%3A%2F%2Ffatherbroom.com%2Fes%2Fwp-json%2Fwp%2Fv2%2Fposts%2F22814&#038;t=LECTURAS%20DEL%20DIA%2C%20CATECISMO%20Y%20REFLEXION%20%7C%2012%20JUNIO%202020&#038;s=100&#038;p&#091;url&#093;=https%3A%2F%2Ffatherbroom.com%2Fes%2Fwp-json%2Fwp%2Fv2%2Fposts%2F22814&#038;p&#091;images&#093;&#091;0&#093;=http%3A%2F%2Ffatherbroom.com%2Fes%2Fwp-content%2Fmedia%2Fsites%2F3%2FScreen-Shot-2020-06-11-at-1.25.50-PM-300x99.png&#038;p&#091;title&#093;=LECTURAS%20DEL%20DIA%2C%20CATECISMO%20Y%20REFLEXION%20%7C%2012%20JUNIO%202020\" style=\"font-size: 0px;width:48px;height:48px;margin:0;margin-bottom:5px;margin-right:5px\"><img loading=\"lazy\" decoding=\"async\" alt=\"Facebook\" title=\"Share on Facebook\" class=\"synved-share-image synved-social-image synved-social-image-share\" width=\"48\" height=\"48\" style=\"display: inline;width:48px;height:48px;margin: 0;padding: 0;border: none;box-shadow: none\" src=\"https:\/\/fatherbroom.com\/es\/wp-content\/plugins\/social-media-feather\/synved-social\/image\/social\/regular\/96x96\/facebook.png\" \/><\/a><a class=\"synved-social-button synved-social-button-share synved-social-size-48 synved-social-resolution-single synved-social-provider-twitter nolightbox\" data-provider=\"twitter\" target=\"_blank\" rel=\"nofollow\" title=\"Share on Twitter\" href=\"https:\/\/twitter.com\/intent\/tweet?url=https%3A%2F%2Ffatherbroom.com%2Fes%2Fwp-json%2Fwp%2Fv2%2Fposts%2F22814&#038;text=Hey%20check%20this%20out\" style=\"font-size: 0px;width:48px;height:48px;margin:0;margin-bottom:5px;margin-right:5px\"><img loading=\"lazy\" decoding=\"async\" alt=\"twitter\" title=\"Share on Twitter\" class=\"synved-share-image synved-social-image synved-social-image-share\" width=\"48\" height=\"48\" style=\"display: inline;width:48px;height:48px;margin: 0;padding: 0;border: none;box-shadow: none\" src=\"https:\/\/fatherbroom.com\/es\/wp-content\/plugins\/social-media-feather\/synved-social\/image\/social\/regular\/96x96\/twitter.png\" \/><\/a><a class=\"synved-social-button synved-social-button-share synved-social-size-48 synved-social-resolution-single synved-social-provider-reddit nolightbox\" data-provider=\"reddit\" target=\"_blank\" rel=\"nofollow\" title=\"Share on Reddit\" href=\"https:\/\/www.reddit.com\/submit?url=https%3A%2F%2Ffatherbroom.com%2Fes%2Fwp-json%2Fwp%2Fv2%2Fposts%2F22814&#038;title=LECTURAS%20DEL%20DIA%2C%20CATECISMO%20Y%20REFLEXION%20%7C%2012%20JUNIO%202020\" style=\"font-size: 0px;width:48px;height:48px;margin:0;margin-bottom:5px;margin-right:5px\"><img loading=\"lazy\" decoding=\"async\" alt=\"reddit\" title=\"Share on Reddit\" class=\"synved-share-image synved-social-image synved-social-image-share\" width=\"48\" height=\"48\" style=\"display: inline;width:48px;height:48px;margin: 0;padding: 0;border: none;box-shadow: none\" src=\"https:\/\/fatherbroom.com\/es\/wp-content\/plugins\/social-media-feather\/synved-social\/image\/social\/regular\/96x96\/reddit.png\" \/><\/a><a class=\"synved-social-button synved-social-button-share synved-social-size-48 synved-social-resolution-single synved-social-provider-pinterest nolightbox\" data-provider=\"pinterest\" target=\"_blank\" rel=\"nofollow\" title=\"Pin it with Pinterest\" href=\"https:\/\/pinterest.com\/pin\/create\/button\/?url=https%3A%2F%2Ffatherbroom.com%2Fes%2Fwp-json%2Fwp%2Fv2%2Fposts%2F22814&#038;media=http%3A%2F%2Ffatherbroom.com%2Fes%2Fwp-content%2Fmedia%2Fsites%2F3%2FScreen-Shot-2020-06-11-at-1.25.50-PM-300x99.png&#038;description=LECTURAS%20DEL%20DIA%2C%20CATECISMO%20Y%20REFLEXION%20%7C%2012%20JUNIO%202020\" style=\"font-size: 0px;width:48px;height:48px;margin:0;margin-bottom:5px;margin-right:5px\"><img loading=\"lazy\" decoding=\"async\" alt=\"pinterest\" title=\"Pin it with Pinterest\" class=\"synved-share-image synved-social-image synved-social-image-share\" width=\"48\" height=\"48\" style=\"display: inline;width:48px;height:48px;margin: 0;padding: 0;border: none;box-shadow: none\" src=\"https:\/\/fatherbroom.com\/es\/wp-content\/plugins\/social-media-feather\/synved-social\/image\/social\/regular\/96x96\/pinterest.png\" \/><\/a><a class=\"synved-social-button synved-social-button-share synved-social-size-48 synved-social-resolution-single synved-social-provider-linkedin nolightbox\" data-provider=\"linkedin\" target=\"_blank\" rel=\"nofollow\" title=\"Share on Linkedin\" href=\"https:\/\/www.linkedin.com\/shareArticle?mini=true&#038;url=https%3A%2F%2Ffatherbroom.com%2Fes%2Fwp-json%2Fwp%2Fv2%2Fposts%2F22814&#038;title=LECTURAS%20DEL%20DIA%2C%20CATECISMO%20Y%20REFLEXION%20%7C%2012%20JUNIO%202020\" style=\"font-size: 0px;width:48px;height:48px;margin:0;margin-bottom:5px;margin-right:5px\"><img loading=\"lazy\" decoding=\"async\" alt=\"linkedin\" title=\"Share on Linkedin\" class=\"synved-share-image synved-social-image synved-social-image-share\" width=\"48\" height=\"48\" style=\"display: inline;width:48px;height:48px;margin: 0;padding: 0;border: none;box-shadow: none\" src=\"https:\/\/fatherbroom.com\/es\/wp-content\/plugins\/social-media-feather\/synved-social\/image\/social\/regular\/96x96\/linkedin.png\" \/><\/a><a class=\"synved-social-button synved-social-button-share synved-social-size-48 synved-social-resolution-single synved-social-provider-mail nolightbox\" data-provider=\"mail\" rel=\"nofollow\" title=\"Share by email\" href=\"mailto:?subject=LECTURAS%20DEL%20DIA%2C%20CATECISMO%20Y%20REFLEXION%20%7C%2012%20JUNIO%202020&#038;body=Hey%20check%20this%20out:%20https%3A%2F%2Ffatherbroom.com%2Fes%2Fwp-json%2Fwp%2Fv2%2Fposts%2F22814\" style=\"font-size: 0px;width:48px;height:48px;margin:0;margin-bottom:5px\"><img loading=\"lazy\" decoding=\"async\" alt=\"mail\" title=\"Share by email\" class=\"synved-share-image synved-social-image synved-social-image-share\" width=\"48\" height=\"48\" style=\"display: inline;width:48px;height:48px;margin: 0;padding: 0;border: none;box-shadow: none\" src=\"https:\/\/fatherbroom.com\/es\/wp-content\/plugins\/social-media-feather\/synved-social\/image\/social\/regular\/96x96\/mail.png\" \/><\/a><\/div>","protected":false},"excerpt":{"rendered":"<p>12 de junio 2020 Viernes de la X semana del Tiempo ordinario Primera lectura 1 Reyes19, 9. 11-16 Al llegar al monte de Dios, el Horeb, el profeta El\u00edas entr\u00f3 en una cueva y permaneci\u00f3 all\u00ed. El Se\u00f1or le dijo: \u201cSal de la cueva y qu\u00e9date en el monte para ver al Se\u00f1or, porque el [&hellip;]<\/p>\n","protected":false},"author":7,"featured_media":0,"comment_status":"open","ping_status":"open","sticky":false,"template":"","format":"standard","meta":{"_genesis_hide_title":false,"_genesis_hide_breadcrumbs":false,"_genesis_hide_singular_image":false,"_genesis_hide_footer_widgets":false,"_genesis_custom_body_class":"","_genesis_custom_post_class":"","_genesis_layout":"","footnotes":""},"categories":[277],"tags":[],"class_list":{"0":"post-22814","1":"post","2":"type-post","3":"status-publish","4":"format-standard","6":"category-lecturas-del-dia","7":"entry"},"_links":{"self":[{"href":"https:\/\/fatherbroom.com\/es\/wp-json\/wp\/v2\/posts\/22814","targetHints":{"allow":["GET"]}}],"collection":[{"href":"https:\/\/fatherbroom.com\/es\/wp-json\/wp\/v2\/posts"}],"about":[{"href":"https:\/\/fatherbroom.com\/es\/wp-json\/wp\/v2\/types\/post"}],"author":[{"embeddable":true,"href":"https:\/\/fatherbroom.com\/es\/wp-json\/wp\/v2\/users\/7"}],"replies":[{"embeddable":true,"href":"https:\/\/fatherbroom.com\/es\/wp-json\/wp\/v2\/comments?post=22814"}],"version-history":[{"count":5,"href":"https:\/\/fatherbroom.com\/es\/wp-json\/wp\/v2\/posts\/22814\/revisions"}],"predecessor-version":[{"id":22821,"href":"https:\/\/fatherbroom.com\/es\/wp-json\/wp\/v2\/posts\/22814\/revisions\/22821"}],"wp:attachment":[{"href":"https:\/\/fatherbroom.com\/es\/wp-json\/wp\/v2\/media?parent=22814"}],"wp:term":[{"taxonomy":"category","embeddable":true,"href":"https:\/\/fatherbroom.com\/es\/wp-json\/wp\/v2\/categories?post=22814"},{"taxonomy":"post_tag","embeddable":true,"href":"https:\/\/fatherbroom.com\/es\/wp-json\/wp\/v2\/tags?post=22814"}],"curies":[{"name":"wp","href":"https:\/\/api.w.org\/{rel}","templated":true}]}}