{"id":22802,"date":"2020-06-11T05:00:45","date_gmt":"2020-06-11T12:00:45","guid":{"rendered":"http:\/\/fatherbroom.com\/es\/?p=22802"},"modified":"2020-06-11T12:05:12","modified_gmt":"2020-06-11T19:05:12","slug":"lecturas-del-dia-y-reflexion-11-junio-2020","status":"publish","type":"post","link":"https:\/\/fatherbroom.com\/es\/2020\/06\/lecturas-del-dia-y-reflexion-11-junio-2020\/","title":{"rendered":"LECTURAS DEL DIA Y REFLEXION | 11 JUNIO 2020"},"content":{"rendered":"<p><img loading=\"lazy\" decoding=\"async\" src=\"http:\/\/fatherbroom.com\/es\/wp-content\/media\/sites\/3\/Screen-Shot-2020-06-10-at-9.48.13-PM-300x168.png\" alt=\"\" width=\"566\" height=\"317\" class=\"aligncenter  wp-image-22804\" srcset=\"https:\/\/fatherbroom.com\/es\/wp-content\/media\/sites\/3\/Screen-Shot-2020-06-10-at-9.48.13-PM-300x168.png 300w, https:\/\/fatherbroom.com\/es\/wp-content\/media\/sites\/3\/Screen-Shot-2020-06-10-at-9.48.13-PM-768x431.png 768w, https:\/\/fatherbroom.com\/es\/wp-content\/media\/sites\/3\/Screen-Shot-2020-06-10-at-9.48.13-PM-1024x574.png 1024w, https:\/\/fatherbroom.com\/es\/wp-content\/media\/sites\/3\/Screen-Shot-2020-06-10-at-9.48.13-PM.png 1334w\" sizes=\"auto, (max-width: 566px) 100vw, 566px\" \/><\/p>\n<h4><strong>Memoria de san Bernab\u00e9, Ap\u00f3stol<\/strong><\/h4>\n<div id=\"cs_control_3683\" class=\"cs_control  CS_Element_Textblock\">\n<div class=\"CS_Textblock_Text\">\n<h4><strong>Primera lectura<\/strong><\/h4>\n<\/div>\n<\/div>\n<div id=\"cs_control_3684\" class=\"cs_control  CS_Element_Textblock\">\n<div class=\"CS_Textblock_Text\">\n<div class=\"bibleReadingsWrapper\">\n<h4><strong>Hch 11, 21-26; 13, 1-3<\/strong><\/h4>\n<div class=\"poetry\">\n<p><strong>En aquellos d\u00edas, fueron muchos los que se convirtieron y abrazaron la fe. Cuando llegaron estas noticias a la comunidad cristiana de Jerusal\u00e9n, Bernab\u00e9 fue enviado a Antioqu\u00eda. Lleg\u00f3 Bernab\u00e9, y viendo la acci\u00f3n de la gracia de Dios, se alegr\u00f3 mucho; y como era hombre bueno, lleno del Esp\u00edritu Santo y de fe, exhort\u00f3 a todos a que, firmes en su prop\u00f3sito, permanecieran fieles al Se\u00f1or. As\u00ed se gan\u00f3 para el Se\u00f1or una gran muchedumbre.<\/strong><\/p>\n<p><strong>Entonces Bernab\u00e9 parti\u00f3 hacia Tarso, en busca de Saulo; y cuando lo encontr\u00f3, lo llev\u00f3 consigo a Antioqu\u00eda. Ambos vivieron durante todo un a\u00f1o en esa comunidad y ense\u00f1aron a mucha gente. All\u00ed, en Antioqu\u00eda, fue donde por primera vez los disc\u00edpulos recibieron el nombre de \u201ccristianos\u201d.<\/strong><\/p>\n<p><strong>Hab\u00eda en la comunidad cristiana de Antioqu\u00eda algunos profetas y maestros, como Bernab\u00e9, Sim\u00f3n (apodado el \u201cNegro\u201d), Lucio el de Cirene, Manah\u00e9n (que se cri\u00f3 junto con el tetrarca Herodes) y Saulo. Un d\u00eda estaban ellos ayunando y dando culto al Se\u00f1or, y el Esp\u00edritu Santo les dijo: \u201cRes\u00e9rvenme a Saulo y a Bernab\u00e9 para la misi\u00f3n que les tengo destinada\u201d. Todos volvieron a ayunar y a orar; despu\u00e9s les impusieron las manos y los despidieron.<\/strong><\/p>\n<\/div>\n<\/div>\n<\/div>\n<\/div>\n<div id=\"cs_control_289228\" class=\"cs_control  CS_Element_Textblock\">\n<div class=\"CS_Textblock_Text\">\n<div class=\"bibleReadingsWrapper\">\n<h4><strong>Salmo Responsorial<\/strong><\/h4>\n<h4><strong>Salmo 97, 1. 2ab. 3cd-4. 5-6<\/strong><\/h4>\n<div class=\"poetry\">\n<p><strong>R. (2b) El Se\u00f1or ha revelado a las naciones su justicia.<\/strong><br \/><strong>Cantemos al Se\u00f1or un canto nuevo,<\/strong><br \/><strong>pues ha hecho maravillas.<\/strong><br \/><strong>Su diestra y su santo brazo<\/strong><br \/><strong>le han dado la victoria. R.<\/strong><\/p>\n<p><strong>R. El Se\u00f1or ha revelado a las naciones su justicia.<\/strong><br \/><strong>El Se\u00f1or ha dado a conocer su victoria,<\/strong><br \/><strong>y ha revelado a las naciones su justicia.<\/strong><br \/><strong>Una vez m\u00e1s ha demostrado Dios<\/strong><br \/><strong>su amor y su lealtad hacia Israel. R.<\/strong><br \/><strong>R. El Se\u00f1or ha revelado a las naciones su justicia.<\/strong><br \/><strong>La tierra entera ha contemplado<\/strong><br \/><strong>la victoria de nuestro Dios.<\/strong><br \/><strong>Que todos los pueblos y naciones<\/strong><br \/><strong>aclamen con j\u00fabilo al Se\u00f1or. R.<\/strong><\/p>\n<p><strong>R. El Se\u00f1or ha revelado a las naciones su justicia.<\/strong><br \/><strong>Cantemos al Se\u00f1or al son del arpa,<\/strong><br \/><strong>suenen los instrumentos.<\/strong><br \/><strong>Aclamemos al son de los clarines<\/strong><br \/><strong>al Se\u00f1or, nuestro Rey. R.<\/strong><\/p>\n<p><strong>R. El Se\u00f1or ha revelado a las naciones su justicia.<\/strong><\/p>\n<\/div>\n<\/div>\n<\/div>\n<\/div>\n<div id=\"cs_control_289230\" class=\"cs_control  CS_Element_Textblock\">\n<div class=\"CS_Textblock_Text\">\n<div class=\"bibleReadingsWrapper\">\n<h4><strong>Aclamaci\u00f3n antes del Evangelio<\/strong><\/h4>\n<h4><strong>Jn 13, 34<\/strong><\/h4>\n<div class=\"poetry\">\n<p><strong>R. Aleluya, aleluya.<\/strong><br \/><strong>Les doy un mandamiento nuevo, dice el Se\u00f1or,<\/strong><br \/><strong>que se amen los unos a los otros, como yo los he amado.<\/strong><br \/><strong>R. Aleluya.<\/strong><\/p>\n<\/div>\n<\/div>\n<\/div>\n<\/div>\n<div id=\"cs_control_289231\" class=\"cs_control  CS_Element_Textblock\">\n<div class=\"CS_Textblock_Text\">\n<div class=\"bibleReadingsWrapper\">\n<h4><strong>Evangelio<\/strong><\/h4>\n<h4><strong>Mt 5, 20-26<\/strong><\/h4>\n<div class=\"poetry\">\n<p><strong>En aquel tiempo, Jes\u00fas dijo a sus disc\u00edpulos: \u201cLes aseguro que si su justicia no es mayor que la de los escribas y fariseos, ciertamente no entrar\u00e1n ustedes en el Reino de los cielos.<\/strong><\/p>\n<p><strong>Han o\u00eddo ustedes que se dijo a los antiguos: No matar\u00e1s y el que mate ser\u00e1 llevado ante el tribunal. Pero yo les digo: Todo el que se enoje con su hermano, ser\u00e1 llevado tambi\u00e9n ante el tribunal; el que insulte a su hermano, ser\u00e1 llevado ante el tribunal supremo, y el que lo desprecie, ser\u00e1 llevado al fuego del lugar de castigo.<\/strong><\/p>\n<p><strong>Por lo tanto, si cuando vas a poner tu ofrenda sobre el altar, te acuerdas all\u00ed mismo de que tu hermano tiene alguna queja contra ti, deja tu ofrenda junto al altar y ve primero a reconciliarte con tu hermano, y vuelve luego a presentar tu ofrenda.<\/strong><\/p>\n<p><strong>Arr\u00e9glate pronto con tu adversario, mientras vas con \u00e9l por el camino; no sea que te entregue al juez, el juez al polic\u00eda y te metan a la c\u00e1rcel. Te aseguro que no saldr\u00e1s de all\u00ed hasta que hayas pagado el \u00faltimo centavo\u201d.<\/p>\n<p><\/strong><img loading=\"lazy\" decoding=\"async\" src=\"http:\/\/fatherbroom.com\/es\/wp-content\/media\/sites\/3\/Screen-Shot-2020-06-10-at-9.50.04-PM-300x100.png\" alt=\"\" width=\"525\" height=\"175\" class=\"aligncenter  wp-image-22805\" srcset=\"https:\/\/fatherbroom.com\/es\/wp-content\/media\/sites\/3\/Screen-Shot-2020-06-10-at-9.50.04-PM-300x100.png 300w, https:\/\/fatherbroom.com\/es\/wp-content\/media\/sites\/3\/Screen-Shot-2020-06-10-at-9.50.04-PM-768x256.png 768w, https:\/\/fatherbroom.com\/es\/wp-content\/media\/sites\/3\/Screen-Shot-2020-06-10-at-9.50.04-PM-1024x341.png 1024w, https:\/\/fatherbroom.com\/es\/wp-content\/media\/sites\/3\/Screen-Shot-2020-06-10-at-9.50.04-PM.png 1436w\" sizes=\"auto, (max-width: 525px) 100vw, 525px\" \/><\/p>\n<p><strong>6\u00a0 Sin confundirse con ellos, la catequesis se articula dentro de un cierto n\u00famero de elementos de la misi\u00f3n pastoral de la Iglesia, que tienen un aspecto catequ\u00e9tico, que preparan para la catequesis o que derivan de ella, como son: primer anuncio del Evangelio o predicaci\u00f3n misionera para suscitar la fe; b\u00fasqueda de razones para creer; experiencia de vida cristiana: celebraci\u00f3n de los sacramentos; integraci\u00f3n en la comunidad eclesial; testimonio apost\u00f3lico y misionero (cf. CT 18).<\/strong><\/p>\n<\/div>\n<\/div>\n<\/div>\n<\/div>\n<div class=\"synved-social-container synved-social-container-share\" style=\"text-align: center\"><a class=\"synved-social-button synved-social-button-share synved-social-size-48 synved-social-resolution-single synved-social-provider-facebook nolightbox\" data-provider=\"facebook\" target=\"_blank\" rel=\"nofollow\" title=\"Share on Facebook\" href=\"https:\/\/www.facebook.com\/sharer.php?u=https%3A%2F%2Ffatherbroom.com%2Fes%2Fwp-json%2Fwp%2Fv2%2Fposts%2F22802&#038;t=LECTURAS%20DEL%20DIA%20Y%20REFLEXION%20%7C%2011%20JUNIO%202020&#038;s=100&#038;p&#091;url&#093;=https%3A%2F%2Ffatherbroom.com%2Fes%2Fwp-json%2Fwp%2Fv2%2Fposts%2F22802&#038;p&#091;images&#093;&#091;0&#093;=http%3A%2F%2Ffatherbroom.com%2Fes%2Fwp-content%2Fmedia%2Fsites%2F3%2FScreen-Shot-2020-06-10-at-9.50.04-PM-300x100.png&#038;p&#091;title&#093;=LECTURAS%20DEL%20DIA%20Y%20REFLEXION%20%7C%2011%20JUNIO%202020\" style=\"font-size: 0px;width:48px;height:48px;margin:0;margin-bottom:5px;margin-right:5px\"><img loading=\"lazy\" decoding=\"async\" alt=\"Facebook\" title=\"Share on Facebook\" class=\"synved-share-image synved-social-image synved-social-image-share\" width=\"48\" height=\"48\" style=\"display: inline;width:48px;height:48px;margin: 0;padding: 0;border: none;box-shadow: none\" src=\"https:\/\/fatherbroom.com\/es\/wp-content\/plugins\/social-media-feather\/synved-social\/image\/social\/regular\/96x96\/facebook.png\" \/><\/a><a class=\"synved-social-button synved-social-button-share synved-social-size-48 synved-social-resolution-single synved-social-provider-twitter nolightbox\" data-provider=\"twitter\" target=\"_blank\" rel=\"nofollow\" title=\"Share on Twitter\" href=\"https:\/\/twitter.com\/intent\/tweet?url=https%3A%2F%2Ffatherbroom.com%2Fes%2Fwp-json%2Fwp%2Fv2%2Fposts%2F22802&#038;text=Hey%20check%20this%20out\" style=\"font-size: 0px;width:48px;height:48px;margin:0;margin-bottom:5px;margin-right:5px\"><img loading=\"lazy\" decoding=\"async\" alt=\"twitter\" title=\"Share on Twitter\" class=\"synved-share-image synved-social-image synved-social-image-share\" width=\"48\" height=\"48\" style=\"display: inline;width:48px;height:48px;margin: 0;padding: 0;border: none;box-shadow: none\" src=\"https:\/\/fatherbroom.com\/es\/wp-content\/plugins\/social-media-feather\/synved-social\/image\/social\/regular\/96x96\/twitter.png\" \/><\/a><a class=\"synved-social-button synved-social-button-share synved-social-size-48 synved-social-resolution-single synved-social-provider-reddit nolightbox\" data-provider=\"reddit\" target=\"_blank\" rel=\"nofollow\" title=\"Share on Reddit\" href=\"https:\/\/www.reddit.com\/submit?url=https%3A%2F%2Ffatherbroom.com%2Fes%2Fwp-json%2Fwp%2Fv2%2Fposts%2F22802&#038;title=LECTURAS%20DEL%20DIA%20Y%20REFLEXION%20%7C%2011%20JUNIO%202020\" style=\"font-size: 0px;width:48px;height:48px;margin:0;margin-bottom:5px;margin-right:5px\"><img loading=\"lazy\" decoding=\"async\" alt=\"reddit\" title=\"Share on Reddit\" class=\"synved-share-image synved-social-image synved-social-image-share\" width=\"48\" height=\"48\" style=\"display: inline;width:48px;height:48px;margin: 0;padding: 0;border: none;box-shadow: none\" src=\"https:\/\/fatherbroom.com\/es\/wp-content\/plugins\/social-media-feather\/synved-social\/image\/social\/regular\/96x96\/reddit.png\" \/><\/a><a class=\"synved-social-button synved-social-button-share synved-social-size-48 synved-social-resolution-single synved-social-provider-pinterest nolightbox\" data-provider=\"pinterest\" target=\"_blank\" rel=\"nofollow\" title=\"Pin it with Pinterest\" href=\"https:\/\/pinterest.com\/pin\/create\/button\/?url=https%3A%2F%2Ffatherbroom.com%2Fes%2Fwp-json%2Fwp%2Fv2%2Fposts%2F22802&#038;media=http%3A%2F%2Ffatherbroom.com%2Fes%2Fwp-content%2Fmedia%2Fsites%2F3%2FScreen-Shot-2020-06-10-at-9.50.04-PM-300x100.png&#038;description=LECTURAS%20DEL%20DIA%20Y%20REFLEXION%20%7C%2011%20JUNIO%202020\" style=\"font-size: 0px;width:48px;height:48px;margin:0;margin-bottom:5px;margin-right:5px\"><img loading=\"lazy\" decoding=\"async\" alt=\"pinterest\" title=\"Pin it with Pinterest\" class=\"synved-share-image synved-social-image synved-social-image-share\" width=\"48\" height=\"48\" style=\"display: inline;width:48px;height:48px;margin: 0;padding: 0;border: none;box-shadow: none\" src=\"https:\/\/fatherbroom.com\/es\/wp-content\/plugins\/social-media-feather\/synved-social\/image\/social\/regular\/96x96\/pinterest.png\" \/><\/a><a class=\"synved-social-button synved-social-button-share synved-social-size-48 synved-social-resolution-single synved-social-provider-linkedin nolightbox\" data-provider=\"linkedin\" target=\"_blank\" rel=\"nofollow\" title=\"Share on Linkedin\" href=\"https:\/\/www.linkedin.com\/shareArticle?mini=true&#038;url=https%3A%2F%2Ffatherbroom.com%2Fes%2Fwp-json%2Fwp%2Fv2%2Fposts%2F22802&#038;title=LECTURAS%20DEL%20DIA%20Y%20REFLEXION%20%7C%2011%20JUNIO%202020\" style=\"font-size: 0px;width:48px;height:48px;margin:0;margin-bottom:5px;margin-right:5px\"><img loading=\"lazy\" decoding=\"async\" alt=\"linkedin\" title=\"Share on Linkedin\" class=\"synved-share-image synved-social-image synved-social-image-share\" width=\"48\" height=\"48\" style=\"display: inline;width:48px;height:48px;margin: 0;padding: 0;border: none;box-shadow: none\" src=\"https:\/\/fatherbroom.com\/es\/wp-content\/plugins\/social-media-feather\/synved-social\/image\/social\/regular\/96x96\/linkedin.png\" \/><\/a><a class=\"synved-social-button synved-social-button-share synved-social-size-48 synved-social-resolution-single synved-social-provider-mail nolightbox\" data-provider=\"mail\" rel=\"nofollow\" title=\"Share by email\" href=\"mailto:?subject=LECTURAS%20DEL%20DIA%20Y%20REFLEXION%20%7C%2011%20JUNIO%202020&#038;body=Hey%20check%20this%20out:%20https%3A%2F%2Ffatherbroom.com%2Fes%2Fwp-json%2Fwp%2Fv2%2Fposts%2F22802\" style=\"font-size: 0px;width:48px;height:48px;margin:0;margin-bottom:5px\"><img loading=\"lazy\" decoding=\"async\" alt=\"mail\" title=\"Share by email\" class=\"synved-share-image synved-social-image synved-social-image-share\" width=\"48\" height=\"48\" style=\"display: inline;width:48px;height:48px;margin: 0;padding: 0;border: none;box-shadow: none\" src=\"https:\/\/fatherbroom.com\/es\/wp-content\/plugins\/social-media-feather\/synved-social\/image\/social\/regular\/96x96\/mail.png\" \/><\/a><\/div>","protected":false},"excerpt":{"rendered":"<p>Memoria de san Bernab\u00e9, Ap\u00f3stol Primera lectura Hch 11, 21-26; 13, 1-3 En aquellos d\u00edas, fueron muchos los que se convirtieron y abrazaron la fe. Cuando llegaron estas noticias a la comunidad cristiana de Jerusal\u00e9n, Bernab\u00e9 fue enviado a Antioqu\u00eda. Lleg\u00f3 Bernab\u00e9, y viendo la acci\u00f3n de la gracia de Dios, se alegr\u00f3 mucho; y [&hellip;]<\/p>\n","protected":false},"author":7,"featured_media":0,"comment_status":"open","ping_status":"open","sticky":false,"template":"","format":"standard","meta":{"_genesis_hide_title":false,"_genesis_hide_breadcrumbs":false,"_genesis_hide_singular_image":false,"_genesis_hide_footer_widgets":false,"_genesis_custom_body_class":"","_genesis_custom_post_class":"","_genesis_layout":"","footnotes":""},"categories":[277],"tags":[],"class_list":{"0":"post-22802","1":"post","2":"type-post","3":"status-publish","4":"format-standard","6":"category-lecturas-del-dia","7":"entry"},"_links":{"self":[{"href":"https:\/\/fatherbroom.com\/es\/wp-json\/wp\/v2\/posts\/22802","targetHints":{"allow":["GET"]}}],"collection":[{"href":"https:\/\/fatherbroom.com\/es\/wp-json\/wp\/v2\/posts"}],"about":[{"href":"https:\/\/fatherbroom.com\/es\/wp-json\/wp\/v2\/types\/post"}],"author":[{"embeddable":true,"href":"https:\/\/fatherbroom.com\/es\/wp-json\/wp\/v2\/users\/7"}],"replies":[{"embeddable":true,"href":"https:\/\/fatherbroom.com\/es\/wp-json\/wp\/v2\/comments?post=22802"}],"version-history":[{"count":3,"href":"https:\/\/fatherbroom.com\/es\/wp-json\/wp\/v2\/posts\/22802\/revisions"}],"predecessor-version":[{"id":22807,"href":"https:\/\/fatherbroom.com\/es\/wp-json\/wp\/v2\/posts\/22802\/revisions\/22807"}],"wp:attachment":[{"href":"https:\/\/fatherbroom.com\/es\/wp-json\/wp\/v2\/media?parent=22802"}],"wp:term":[{"taxonomy":"category","embeddable":true,"href":"https:\/\/fatherbroom.com\/es\/wp-json\/wp\/v2\/categories?post=22802"},{"taxonomy":"post_tag","embeddable":true,"href":"https:\/\/fatherbroom.com\/es\/wp-json\/wp\/v2\/tags?post=22802"}],"curies":[{"name":"wp","href":"https:\/\/api.w.org\/{rel}","templated":true}]}}