{"id":22794,"date":"2020-06-10T11:23:00","date_gmt":"2020-06-10T18:23:00","guid":{"rendered":"http:\/\/fatherbroom.com\/es\/?p=22794"},"modified":"2020-06-11T11:11:32","modified_gmt":"2020-06-11T18:11:32","slug":"22794","status":"publish","type":"post","link":"https:\/\/fatherbroom.com\/es\/2020\/06\/22794\/","title":{"rendered":"LECTURAS DEL DIA Y REFLEXION | 10 JUNIO 2020"},"content":{"rendered":"<p><strong><img loading=\"lazy\" decoding=\"async\" src=\"http:\/\/fatherbroom.com\/es\/wp-content\/media\/sites\/3\/Screen-Shot-2020-06-10-at-11.18.13-AM-300x169.png\" alt=\"\" width=\"598\" height=\"337\" class=\"aligncenter  wp-image-22796\" srcset=\"https:\/\/fatherbroom.com\/es\/wp-content\/media\/sites\/3\/Screen-Shot-2020-06-10-at-11.18.13-AM-300x169.png 300w, https:\/\/fatherbroom.com\/es\/wp-content\/media\/sites\/3\/Screen-Shot-2020-06-10-at-11.18.13-AM-768x432.png 768w, https:\/\/fatherbroom.com\/es\/wp-content\/media\/sites\/3\/Screen-Shot-2020-06-10-at-11.18.13-AM-1024x576.png 1024w, https:\/\/fatherbroom.com\/es\/wp-content\/media\/sites\/3\/Screen-Shot-2020-06-10-at-11.18.13-AM.png 1548w\" sizes=\"auto, (max-width: 598px) 100vw, 598px\" \/><\/strong><\/p>\n<div id=\"cs_control_3683\" class=\"cs_control  CS_Element_Textblock\">\n<div class=\"CS_Textblock_Text\">\n<h4><strong>Mi\u00e9rcoles de la X semana del Tiempo ordinario<\/strong><\/p>\n<p><strong>Primera lectura<\/strong><\/h4>\n<\/div>\n<\/div>\n<div id=\"cs_control_3684\" class=\"cs_control  CS_Element_Textblock\">\n<div class=\"CS_Textblock_Text\">\n<div class=\"bibleReadingsWrapper\">\n<h5><strong>1 Reyes 18, 20-39<\/strong><\/h5>\n<div class=\"poetry\">\n<p><strong>En aquellos d\u00edas, el rey Ajab envi\u00f3 mensajeros a todo Israel y reuni\u00f3 a los profetas de Baal en el monte Carmelo. El\u00edas se acerc\u00f3 al pueblo y le dijo: \u201c\u00bfHasta cu\u00e1ndo van a andar indecisos? Si el Se\u00f1or es el verdadero Dios, s\u00edganlo; y si lo es Baal, sigan a Baal\u201d.<\/strong><\/p>\n<p><strong>Pero el pueblo no supo qu\u00e9 responderle. Entonces El\u00edas les dijo: \u201cYo soy el \u00fanico sobreviviente de los profetas del Se\u00f1or; en cambio, los profetas de Baal son cuatrocientos cincuenta. Que nos den dos novillos; que ellos escojan uno, que lo descuarticen y lo pongan sobre la le\u00f1a sin prenderle fuego. Yo preparar\u00e9 el otro novillo y lo pondr\u00e9 sobre la le\u00f1a sin prenderle fuego. Ustedes invocar\u00e1n a su dios y yo invocar\u00e9 al Se\u00f1or; y el Dios que responda enviando fuego, \u00e9se es el verdadero Dios\u201d.<\/strong><\/p>\n<p><strong>Todo el pueblo respondi\u00f3: \u201cEst\u00e1 bien\u201d. El\u00edas dijo entonces a los profetas de Baal: \u201cEscojan un novillo y comiencen ustedes primero, pues son m\u00e1s numerosos. Invoquen a su dios, pero sin prender fuego\u201d.<\/strong><\/p>\n<p><strong>Ellos tomaron el novillo que les dieron, lo prepararon e invocaron a Baal desde la ma\u00f1ana hasta el mediod\u00eda, diciendo: \u201cBaal, resp\u00f3ndenos\u201d. Pero no se oy\u00f3 ninguna respuesta, y ellos segu\u00edan danzando y brincando junto al altar que hab\u00edan hecho. Llegado el medio d\u00eda, El\u00edas comenz\u00f3 a re\u00edrse de ellos, dici\u00e9ndoles: \u201cGriten m\u00e1s fuerte, porque a lo mejor Baal, su dios, est\u00e1 muy entretenido conversando o tiene alg\u00fan negocio o est\u00e1 de viaje. A lo mejor est\u00e1 dormido y as\u00ed lo despiertan\u201d.<\/strong><\/p>\n<p><strong>Ellos gritaron m\u00e1s fuerte y empezaron a sangrarse, seg\u00fan su costumbre, con cuchillos y punzones, hasta que la sangre les chorreaba por todo el cuerpo. Cuando pas\u00f3 el mediod\u00eda, se pusieron en trance hasta la hora de la ofrenda, pero no se escuch\u00f3 respuesta alguna ni hubo nadie que atendiera sus ruegos.<\/strong><\/p>\n<p><strong>Entonces El\u00edas le dijo al pueblo: \u201cAc\u00e9rquense a m\u00ed\u201d. Y todo el pueblo se le acerc\u00f3. Prepar\u00f3 el altar del Se\u00f1or, que hab\u00eda sido demolido. Tom\u00f3 doce piedras, seg\u00fan el n\u00famero de las tribus de los hijos de Jacob (a quien el Se\u00f1or hab\u00eda dicho: T\u00fa te llamar\u00e1s Israel). Con las piedras levant\u00f3 un altar en honor del Se\u00f1or e hizo alrededor del altar una zanja, del ancho de un surco. Acomod\u00f3 la le\u00f1a, descuartiz\u00f3 el novillo y lo puso sobre la le\u00f1a.<\/strong><\/p>\n<p><strong>Despu\u00e9s dijo: \u201cLlenen cuatro c\u00e1ntaros de agua y derr\u00e1menla sobre el holocausto y sobre la le\u00f1a\u201d. Y lo hicieron as\u00ed. Volvi\u00f3 a decirles: \u201cH\u00e1ganlo otra vez\u201d. Y lo repitieron. De nuevo les dijo: \u201cH\u00e1ganlo por tercera vez\u201d. Y as\u00ed lo hicieron. El agua corri\u00f3 alrededor del altar y llen\u00f3 la zanja por completo.<\/strong><\/p>\n<p><strong>A la hora de la ofrenda se acerc\u00f3 el profeta El\u00edas y dijo: \u201cSe\u00f1or, Dios de Abraham, de Isaac y de Jacob; que se vea hoy que t\u00fa eres el Dios de Israel, que yo soy tu servidor y que por orden tuya he ejecutado todas estas cosas. Resp\u00f3ndeme, Se\u00f1or, resp\u00f3ndeme, para que todo este pueblo sepa que t\u00fa, Se\u00f1or, eres el Dios verdadero, que puede cambiar los corazones\u201d.<\/strong><\/p>\n<p><strong>Entonces baj\u00f3 el fuego del Se\u00f1or y consumi\u00f3 la v\u00edctima destinada al holocausto y la le\u00f1a, y sec\u00f3 el agua de la zanja. Al ver esto, todo el pueblo tuvo miedo, y postr\u00e1ndose<\/strong><br \/><strong>en tierra, dijo: \u201cEl Se\u00f1or es el Dios verdadero. El Se\u00f1or es el Dios verdadero\u201d.<\/strong><\/p>\n<\/div>\n<\/div>\n<\/div>\n<\/div>\n<div id=\"cs_control_289228\" class=\"cs_control  CS_Element_Textblock\">\n<div class=\"CS_Textblock_Text\">\n<div class=\"bibleReadingsWrapper\">\n<h4><strong>Salmo Responsorial<\/strong><\/h4>\n<h5><strong>Salmo 15, 1-2a. 4. 5 y8. 11<\/strong><\/h5>\n<div class=\"poetry\">\n<p><strong>R. (1) Prot\u00e9geme, Dios m\u00edo, pues eres mi refugio.<\/strong><br \/><strong>Prot\u00e9geme, Dios m\u00edo, pues eres mi refugio.<\/strong><br \/><strong>Yo siempre he dicho que t\u00fa eres mi Se\u00f1or. R.<\/strong><\/p>\n<p><strong>R. Prot\u00e9geme, Dios m\u00edo, pues eres mi refugio.<\/strong><br \/><strong>Los \u00eddolos abundan<\/strong><br \/><strong>y tras ellos se van todos corriendo;<\/strong><br \/><strong>m\u00e1s yo no he de ofrecerles sacrificios,<\/strong><br \/><strong>jam\u00e1s invocar\u00e9 sus nombres. R.<\/strong><br \/><strong>R. Prot\u00e9geme, Dios m\u00edo, pues eres mi refugio.<\/strong><br \/><strong>El Se\u00f1or es la parte que me tocado en herencia:<\/strong><br \/><strong>mi vida est\u00e1 en sus manos.<\/strong><br \/><strong>Tengo siempre presente al Se\u00f1or<\/strong><br \/><strong>y con \u00e9l a mi lado jam\u00e1s tropezar\u00e9. R.<\/strong><\/p>\n<p><strong>R. Prot\u00e9geme, Dios m\u00edo, pues eres mi refugio.<\/strong><br \/><strong>Ens\u00e9\u00f1ame el camino de la vida,<\/strong><br \/><strong>s\u00e1ciame de gozo en tu presencia<\/strong><br \/><strong>y de alegr\u00eda perpetua junto a ti. R.<\/strong><\/p>\n<p><strong>R. Prot\u00e9geme, Dios m\u00edo, pues eres mi refugio.<\/strong><\/p>\n<\/div>\n<\/div>\n<\/div>\n<\/div>\n<div id=\"cs_control_289230\" class=\"cs_control  CS_Element_Textblock\">\n<div class=\"CS_Textblock_Text\">\n<div class=\"bibleReadingsWrapper\">\n<h4><strong>Aclamaci\u00f3n antes del Evangelio<\/strong><\/h4>\n<h5><strong>Salmo 24, 4. 5<\/strong><\/h5>\n<div class=\"poetry\">\n<p><strong>R. Aleluya, aleluya.<\/strong><br \/><strong>Desc\u00fabrenos, Se\u00f1or, tus caminos<\/strong><br \/><strong>y gu\u00edanos con la verdad de tu doctrina.<\/strong><br \/><strong>R. Aleluya.<\/strong><\/p>\n<\/div>\n<\/div>\n<\/div>\n<\/div>\n<div id=\"cs_control_289231\" class=\"cs_control  CS_Element_Textblock\">\n<div class=\"CS_Textblock_Text\">\n<div class=\"bibleReadingsWrapper\">\n<h4><strong>Evangelio<\/strong><\/h4>\n<h5><strong>Mt 5, 17-19<\/strong><\/h5>\n<div class=\"poetry\">\n<p><strong>En aquel tiempo, Jes\u00fas dijo a sus disc\u00edpulos: \u201cNo crean que he venido a abolir la ley o los profetas; no he venido a abolirlos, sino a darles plenitud. Yo les aseguro que antes se acabar\u00e1n el cielo y la tierra, que deje de cumplirse hasta la m\u00e1s peque\u00f1a letra o coma de la ley.<\/strong><\/p>\n<p><strong>Por lo tanto, el que quebrante uno de estos preceptos menores y ense\u00f1e eso a los hombres, ser\u00e1 el menor en el Reino de los cielos; pero el que los cumpla y los ense\u00f1e, ser\u00e1 grande en el Reino de los cielos\u2019\u2019.<\/strong><\/p>\n<p><strong><img loading=\"lazy\" decoding=\"async\" src=\"http:\/\/fatherbroom.com\/es\/wp-content\/media\/sites\/3\/Screen-Shot-2020-06-10-at-11.20.52-AM-300x100.png\" alt=\"\" width=\"642\" height=\"214\" class=\"aligncenter  wp-image-22797\" srcset=\"https:\/\/fatherbroom.com\/es\/wp-content\/media\/sites\/3\/Screen-Shot-2020-06-10-at-11.20.52-AM-300x100.png 300w, https:\/\/fatherbroom.com\/es\/wp-content\/media\/sites\/3\/Screen-Shot-2020-06-10-at-11.20.52-AM-768x255.png 768w, https:\/\/fatherbroom.com\/es\/wp-content\/media\/sites\/3\/Screen-Shot-2020-06-10-at-11.20.52-AM-1024x340.png 1024w, https:\/\/fatherbroom.com\/es\/wp-content\/media\/sites\/3\/Screen-Shot-2020-06-10-at-11.20.52-AM.png 1546w\" sizes=\"auto, (max-width: 642px) 100vw, 642px\" \/><\/strong><\/p>\n<p><strong>5\u00a0 \u00abLa catequesis es una educaci\u00f3n en la fe de los ni\u00f1os, de los j\u00f3venes y adultos, que comprende especialmente una ense\u00f1anza de la doctrina cristiana, dada generalmente de modo org\u00e1nico y sistem\u00e1tico con miras a iniciarlos en la plenitud de la vida cristiana\u00bb (CT 18).<\/strong><\/p>\n<p>&nbsp;<\/p>\n<\/div>\n<\/div>\n<\/div>\n<\/div>\n<div id=\"cs_control_289214\" class=\"cs_control  CS_Element_Textblock\">\n<div class=\"CS_Textblock_Text\"><\/div>\n<\/div>\n<div class=\"synved-social-container synved-social-container-share\" style=\"text-align: center\"><a class=\"synved-social-button synved-social-button-share synved-social-size-48 synved-social-resolution-single synved-social-provider-facebook nolightbox\" data-provider=\"facebook\" target=\"_blank\" rel=\"nofollow\" title=\"Share on Facebook\" href=\"https:\/\/www.facebook.com\/sharer.php?u=https%3A%2F%2Ffatherbroom.com%2Fes%2Fwp-json%2Fwp%2Fv2%2Fposts%2F22794&#038;t=LECTURAS%20DEL%20DIA%20Y%20REFLEXION%20%7C%2010%20JUNIO%202020&#038;s=100&#038;p&#091;url&#093;=https%3A%2F%2Ffatherbroom.com%2Fes%2Fwp-json%2Fwp%2Fv2%2Fposts%2F22794&#038;p&#091;images&#093;&#091;0&#093;=http%3A%2F%2Ffatherbroom.com%2Fes%2Fwp-content%2Fmedia%2Fsites%2F3%2FScreen-Shot-2020-06-10-at-11.20.52-AM-300x100.png&#038;p&#091;title&#093;=LECTURAS%20DEL%20DIA%20Y%20REFLEXION%20%7C%2010%20JUNIO%202020\" style=\"font-size: 0px;width:48px;height:48px;margin:0;margin-bottom:5px;margin-right:5px\"><img loading=\"lazy\" decoding=\"async\" alt=\"Facebook\" title=\"Share on Facebook\" class=\"synved-share-image synved-social-image synved-social-image-share\" width=\"48\" height=\"48\" style=\"display: inline;width:48px;height:48px;margin: 0;padding: 0;border: none;box-shadow: none\" src=\"https:\/\/fatherbroom.com\/es\/wp-content\/plugins\/social-media-feather\/synved-social\/image\/social\/regular\/96x96\/facebook.png\" \/><\/a><a class=\"synved-social-button synved-social-button-share synved-social-size-48 synved-social-resolution-single synved-social-provider-twitter nolightbox\" data-provider=\"twitter\" target=\"_blank\" rel=\"nofollow\" title=\"Share on Twitter\" href=\"https:\/\/twitter.com\/intent\/tweet?url=https%3A%2F%2Ffatherbroom.com%2Fes%2Fwp-json%2Fwp%2Fv2%2Fposts%2F22794&#038;text=Hey%20check%20this%20out\" style=\"font-size: 0px;width:48px;height:48px;margin:0;margin-bottom:5px;margin-right:5px\"><img loading=\"lazy\" decoding=\"async\" alt=\"twitter\" title=\"Share on Twitter\" class=\"synved-share-image synved-social-image synved-social-image-share\" width=\"48\" height=\"48\" style=\"display: inline;width:48px;height:48px;margin: 0;padding: 0;border: none;box-shadow: none\" src=\"https:\/\/fatherbroom.com\/es\/wp-content\/plugins\/social-media-feather\/synved-social\/image\/social\/regular\/96x96\/twitter.png\" \/><\/a><a class=\"synved-social-button synved-social-button-share synved-social-size-48 synved-social-resolution-single synved-social-provider-reddit nolightbox\" data-provider=\"reddit\" target=\"_blank\" rel=\"nofollow\" title=\"Share on Reddit\" href=\"https:\/\/www.reddit.com\/submit?url=https%3A%2F%2Ffatherbroom.com%2Fes%2Fwp-json%2Fwp%2Fv2%2Fposts%2F22794&#038;title=LECTURAS%20DEL%20DIA%20Y%20REFLEXION%20%7C%2010%20JUNIO%202020\" style=\"font-size: 0px;width:48px;height:48px;margin:0;margin-bottom:5px;margin-right:5px\"><img loading=\"lazy\" decoding=\"async\" alt=\"reddit\" title=\"Share on Reddit\" class=\"synved-share-image synved-social-image synved-social-image-share\" width=\"48\" height=\"48\" style=\"display: inline;width:48px;height:48px;margin: 0;padding: 0;border: none;box-shadow: none\" src=\"https:\/\/fatherbroom.com\/es\/wp-content\/plugins\/social-media-feather\/synved-social\/image\/social\/regular\/96x96\/reddit.png\" \/><\/a><a class=\"synved-social-button synved-social-button-share synved-social-size-48 synved-social-resolution-single synved-social-provider-pinterest nolightbox\" data-provider=\"pinterest\" target=\"_blank\" rel=\"nofollow\" title=\"Pin it with Pinterest\" href=\"https:\/\/pinterest.com\/pin\/create\/button\/?url=https%3A%2F%2Ffatherbroom.com%2Fes%2Fwp-json%2Fwp%2Fv2%2Fposts%2F22794&#038;media=http%3A%2F%2Ffatherbroom.com%2Fes%2Fwp-content%2Fmedia%2Fsites%2F3%2FScreen-Shot-2020-06-10-at-11.20.52-AM-300x100.png&#038;description=LECTURAS%20DEL%20DIA%20Y%20REFLEXION%20%7C%2010%20JUNIO%202020\" style=\"font-size: 0px;width:48px;height:48px;margin:0;margin-bottom:5px;margin-right:5px\"><img loading=\"lazy\" decoding=\"async\" alt=\"pinterest\" title=\"Pin it with Pinterest\" class=\"synved-share-image synved-social-image synved-social-image-share\" width=\"48\" height=\"48\" style=\"display: inline;width:48px;height:48px;margin: 0;padding: 0;border: none;box-shadow: none\" src=\"https:\/\/fatherbroom.com\/es\/wp-content\/plugins\/social-media-feather\/synved-social\/image\/social\/regular\/96x96\/pinterest.png\" \/><\/a><a class=\"synved-social-button synved-social-button-share synved-social-size-48 synved-social-resolution-single synved-social-provider-linkedin nolightbox\" data-provider=\"linkedin\" target=\"_blank\" rel=\"nofollow\" title=\"Share on Linkedin\" href=\"https:\/\/www.linkedin.com\/shareArticle?mini=true&#038;url=https%3A%2F%2Ffatherbroom.com%2Fes%2Fwp-json%2Fwp%2Fv2%2Fposts%2F22794&#038;title=LECTURAS%20DEL%20DIA%20Y%20REFLEXION%20%7C%2010%20JUNIO%202020\" style=\"font-size: 0px;width:48px;height:48px;margin:0;margin-bottom:5px;margin-right:5px\"><img loading=\"lazy\" decoding=\"async\" alt=\"linkedin\" title=\"Share on Linkedin\" class=\"synved-share-image synved-social-image synved-social-image-share\" width=\"48\" height=\"48\" style=\"display: inline;width:48px;height:48px;margin: 0;padding: 0;border: none;box-shadow: none\" src=\"https:\/\/fatherbroom.com\/es\/wp-content\/plugins\/social-media-feather\/synved-social\/image\/social\/regular\/96x96\/linkedin.png\" \/><\/a><a class=\"synved-social-button synved-social-button-share synved-social-size-48 synved-social-resolution-single synved-social-provider-mail nolightbox\" data-provider=\"mail\" rel=\"nofollow\" title=\"Share by email\" href=\"mailto:?subject=LECTURAS%20DEL%20DIA%20Y%20REFLEXION%20%7C%2010%20JUNIO%202020&#038;body=Hey%20check%20this%20out:%20https%3A%2F%2Ffatherbroom.com%2Fes%2Fwp-json%2Fwp%2Fv2%2Fposts%2F22794\" style=\"font-size: 0px;width:48px;height:48px;margin:0;margin-bottom:5px\"><img loading=\"lazy\" decoding=\"async\" alt=\"mail\" title=\"Share by email\" class=\"synved-share-image synved-social-image synved-social-image-share\" width=\"48\" height=\"48\" style=\"display: inline;width:48px;height:48px;margin: 0;padding: 0;border: none;box-shadow: none\" src=\"https:\/\/fatherbroom.com\/es\/wp-content\/plugins\/social-media-feather\/synved-social\/image\/social\/regular\/96x96\/mail.png\" \/><\/a><\/div>","protected":false},"excerpt":{"rendered":"<p>Mi\u00e9rcoles de la X semana del Tiempo ordinario Primera lectura 1 Reyes 18, 20-39 En aquellos d\u00edas, el rey Ajab envi\u00f3 mensajeros a todo Israel y reuni\u00f3 a los profetas de Baal en el monte Carmelo. El\u00edas se acerc\u00f3 al pueblo y le dijo: \u201c\u00bfHasta cu\u00e1ndo van a andar indecisos? Si el Se\u00f1or es el [&hellip;]<\/p>\n","protected":false},"author":7,"featured_media":0,"comment_status":"open","ping_status":"open","sticky":false,"template":"","format":"standard","meta":{"_genesis_hide_title":false,"_genesis_hide_breadcrumbs":false,"_genesis_hide_singular_image":false,"_genesis_hide_footer_widgets":false,"_genesis_custom_body_class":"","_genesis_custom_post_class":"","_genesis_layout":"","footnotes":""},"categories":[277],"tags":[],"class_list":{"0":"post-22794","1":"post","2":"type-post","3":"status-publish","4":"format-standard","6":"category-lecturas-del-dia","7":"entry"},"_links":{"self":[{"href":"https:\/\/fatherbroom.com\/es\/wp-json\/wp\/v2\/posts\/22794","targetHints":{"allow":["GET"]}}],"collection":[{"href":"https:\/\/fatherbroom.com\/es\/wp-json\/wp\/v2\/posts"}],"about":[{"href":"https:\/\/fatherbroom.com\/es\/wp-json\/wp\/v2\/types\/post"}],"author":[{"embeddable":true,"href":"https:\/\/fatherbroom.com\/es\/wp-json\/wp\/v2\/users\/7"}],"replies":[{"embeddable":true,"href":"https:\/\/fatherbroom.com\/es\/wp-json\/wp\/v2\/comments?post=22794"}],"version-history":[{"count":3,"href":"https:\/\/fatherbroom.com\/es\/wp-json\/wp\/v2\/posts\/22794\/revisions"}],"predecessor-version":[{"id":22799,"href":"https:\/\/fatherbroom.com\/es\/wp-json\/wp\/v2\/posts\/22794\/revisions\/22799"}],"wp:attachment":[{"href":"https:\/\/fatherbroom.com\/es\/wp-json\/wp\/v2\/media?parent=22794"}],"wp:term":[{"taxonomy":"category","embeddable":true,"href":"https:\/\/fatherbroom.com\/es\/wp-json\/wp\/v2\/categories?post=22794"},{"taxonomy":"post_tag","embeddable":true,"href":"https:\/\/fatherbroom.com\/es\/wp-json\/wp\/v2\/tags?post=22794"}],"curies":[{"name":"wp","href":"https:\/\/api.w.org\/{rel}","templated":true}]}}