{"id":22119,"date":"2020-04-04T22:09:58","date_gmt":"2020-04-05T05:09:58","guid":{"rendered":"http:\/\/fatherbroom.com\/es\/?p=22119"},"modified":"2020-04-04T22:10:16","modified_gmt":"2020-04-05T05:10:16","slug":"domingo-de-ramos-entramos-a-semana-santa-ejercicios-espirituales-meditaciones-para-el-4-de-abril-del-2020","status":"publish","type":"post","link":"https:\/\/fatherbroom.com\/es\/2020\/04\/domingo-de-ramos-entramos-a-semana-santa-ejercicios-espirituales-meditaciones-para-el-4-de-abril-del-2020\/","title":{"rendered":"DOMINGO DE RAMOS | ENTRAMOS A SEMANA SANTA | EJERCICIOS ESPIRITUALES | MEDITACIONES PARA EL 4 DE ABRIL DEL 2020"},"content":{"rendered":"<p><img loading=\"lazy\" decoding=\"async\" src=\"http:\/\/fatherbroom.com\/es\/wp-content\/media\/sites\/3\/png\/Screen-Shot-2020-04-04-at-10.01.48-PM-300x169.png\" alt=\"\" width=\"547\" height=\"308\" class=\"aligncenter  wp-image-22120\" srcset=\"https:\/\/fatherbroom.com\/es\/wp-content\/media\/sites\/3\/png\/Screen-Shot-2020-04-04-at-10.01.48-PM-300x169.png 300w, https:\/\/fatherbroom.com\/es\/wp-content\/media\/sites\/3\/png\/Screen-Shot-2020-04-04-at-10.01.48-PM-768x432.png 768w, https:\/\/fatherbroom.com\/es\/wp-content\/media\/sites\/3\/png\/Screen-Shot-2020-04-04-at-10.01.48-PM-1024x576.png 1024w, https:\/\/fatherbroom.com\/es\/wp-content\/media\/sites\/3\/png\/Screen-Shot-2020-04-04-at-10.01.48-PM.png 1284w\" sizes=\"auto, (max-width: 547px) 100vw, 547px\" \/><\/p>\n<p><strong>ESTA SEMANA:<\/strong><\/p>\n<ol>\n<li><strong> <\/strong><strong>CONSIDERE que comienza <em>SEMANA SANTA \u2013 LA SEMANA DE LA PASI\u00d3N<\/em>\u2026<\/strong><\/li>\n<\/ol>\n<ol start=\"2\">\n<li><strong> <\/strong><strong>DURANTE SU HORA SANTA:<\/strong><\/li>\n<\/ol>\n<ul>\n<li><strong><em>SU POSTURA CORPORAL:<\/em><\/strong><strong><span> <\/span>Entrar a la contemplaci\u00f3n de rodillas, con la luz baja y mantenga las cortinas cerradas de forma que la habitaci\u00f3n se mantenga oscura.<\/strong><\/li>\n<\/ul>\n<ul>\n<li><strong><em>INVITE A MAR\u00cdA<\/em><\/strong><strong>:<span> <\/span>Nuestra Se\u00f1ora de los Dolores, pidiendo su ayuda al contemplar los Dolores de su Hijo Jes\u00fas.<\/strong><\/li>\n<\/ul>\n<ul>\n<li><strong>Traiga a la memoria frecuente, que Jes\u00fas sufri\u00f3 todo esto por<em> POR AMOR A MI.<\/em><\/strong><strong>\u00a0<\/strong><\/li>\n<\/ul>\n<ol start=\"3\">\n<li><strong> <\/strong><strong>DESPU\u00c9S DE SU HORA SANTA:<\/strong><\/li>\n<\/ol>\n<ul>\n<li><strong><em>Confesi\u00f3n<\/em><\/strong><strong> \u2013 Renueve el dolor por los pecados cometidos en su vida pasada y en su presente.<\/strong><\/li>\n<li><strong>Haga peque\u00f1os actos de <em>penitencia<\/em> en reparaci\u00f3n por sus pecados.<\/strong><\/li>\n<li><strong><em>Rece<\/em><\/strong><strong> por la conversi\u00f3n de los pecadores.<\/strong><\/li>\n<li><strong>Vea la pel\u00edcula de Mel Gibson <em>La Pasi\u00f3n de Cristo<\/em>.<\/strong><\/li>\n<li><strong>Haga el <em>Via Crucis<\/em> en la Iglesia o en privado.<\/strong><\/li>\n<li><strong><em>Contempl<\/em><\/strong><strong>e el <em>Crucifijo <\/em>en silencio.<\/strong><\/li>\n<li><strong><em>Medite<\/em><\/strong><strong> las <em>Siete \u00daltimas Palabras de Cristo en la Cruz<\/em>\u2026 y\u2026<em> Los siete Dolores de Mar\u00eda<\/em>\u2026 y el canto gregoriano <em>Stabat Mater (\u201fEstaba la Madre\u201d en lat\u00edn, es una secuencia o himno gregoriano)<\/em>.<\/strong><\/li>\n<li><strong><em>Lea un relato completo de la Pasi\u00f3n<\/em><\/strong><strong> de los cuatro Evangelios<\/strong><\/li>\n<\/ul>\n<p><strong>LOS SIETE DOLORES DE MAR\u00cdA<\/strong><\/p>\n<ol>\n<li><strong> <\/strong><strong>La profec\u00eda de Sime\u00f3n.<span> <\/span>(Lc. 2, 34-35)<\/strong><\/li>\n<li><strong> <\/strong><strong>La huida a Egipto.<span> <\/span>(Mt. 2, 13-18)<\/strong><\/li>\n<li><strong> <\/strong><strong>El Ni\u00f1o perdido en el Templo.<span> <\/span><\/strong><strong>(Lc. 2, 41-51)<\/strong><\/li>\n<li><strong> <\/strong><strong>Mar\u00eda se encuentra con Jes\u00fas camino al Calvario. (IV Estaci\u00f3n del Via Crucis) <\/strong><\/li>\n<li><strong> <\/strong><strong>La Crucifixi\u00f3n y muerte de nuestro Se\u00f1or, y Mar\u00eda al pie de la Cruz. <\/strong><strong>(Jn. 19: 25-30)<\/strong><\/li>\n<li><strong> <\/strong><strong>Mar\u00eda recibe el cuerpo de Jes\u00fas al ser bajado de la Cruz. <\/strong><\/li>\n<li><strong> <\/strong><strong>Jes\u00fas es colocado en el Sepulcro. <\/strong><strong>(Jn. 19: 38-42)<\/strong><\/li>\n<\/ol>\n<p><strong>Nuestra Se\u00f1ora prometi\u00f3 que conceder\u00eda siete gracias a aquellas almas que la honren y acompa\u00f1en diariamente, rezando siete Ave Mar\u00edas mientras meditan en sus l\u00e1grimas y sus dolores.<span>\u00a0 <\/span>La Virgen comunic\u00f3 esta devoci\u00f3n a santa Br\u00edgida de Suecia (1303-1373).<\/strong><\/p>\n<p><strong>LAS SIETE GRACIAS<\/strong><\/p>\n<ol>\n<li><strong> <\/strong><strong><em>\u201fYo conceder\u00e9 la paz a sus familias\u201d.<\/em><\/strong><\/li>\n<li><strong> <\/strong><strong><em>\u201fSer\u00e1n ilumindas en cuanto a los divinos Misterios.\u201d<\/em><\/strong><\/li>\n<li><strong> <\/strong><strong><em>\u201fYo las consolar\u00e9 en sus penas y las acompa\u00f1ar\u00e9 en sus trabajos.\u201d<\/em><\/strong><\/li>\n<li><strong> <\/strong><strong><em>\u201fLes dare cuanto me pidan, con tal de que no se oponga a la adorable voluntad de mi divino Hijo o a la salvaci\u00f3n de sus almas\u201d.<\/em><\/strong><\/li>\n<li><strong> <\/strong><strong><em>\u201cLos defender\u00e9 en sus batallas espirituales contra el enemigo infernal y las proteger\u00e9 cada instante de sus vidas.\u201d<\/em><\/strong><\/li>\n<li><strong> <\/strong><strong><em>\u201fLes asistir\u00e9 visiblemente en el momento de su muerte y ver\u00e1n el rostro de su Madre.\u201d<\/em><\/strong><\/li>\n<li><strong> <\/strong><strong><em>\u201fHe conseguido de mi Divino Hijo que todos aquellos que propaguen la devoci\u00f3n a mis l\u00e1grimas y dolores, sean llevadas directamente de esta vida terrena a la felicidad eterna ya que todos sus pecados ser\u00e1n perdonados y mi Hijo ser\u00e1 su consuelo y gozo eterno.<\/em><\/strong><\/li>\n<\/ol>\n<p><strong>GRACIAS A PEDIR:<span>\u00a0 <\/span><\/strong><\/p>\n<p><strong>1) Sentir compasi\u00f3n por Cristo\u2026 dolor con Cristo doloroso, quebranto con Cristo quebrantado, 2) Consolar a Cristo, 3) L\u00e1grimas, pena interna de tanta pena que Cristo pas\u00f3 por mi.<span>\u00a0 <\/span><\/strong><strong>(#203 de los Ejercicios Espirituales)<\/strong><\/p>\n<p><strong>PRIMER D\u00cdA: <span>\u00a0<\/span><\/strong><strong>DOMINGO DE RAMOS\u2026<span>\u00a0\u00a0 <\/span><\/strong><strong>Mt. 21, 1-17<\/strong><\/p>\n<p><strong>1. PIDA LA GRACIA.<span>\u00a0 <\/span>Considere que hemos entrado en la pasi\u00f3n de Cristo Jes\u00fas nuestro Se\u00f1or y Salvador.<span>\u00a0 <\/span>\u00a1Hemos entrado a <em>SEMANA SANTA!<\/em><span>\u00a0 <\/span>Implore lo que es propio de pedir en la pasi\u00f3n, dolor con Cristo doloroso, quebranto con Cristo quebrantado, la gracia de consolar a Jes\u00fas y la gracia de derramar l\u00e1grimas, si Dios as\u00ed lo desea.<span>\u00a0 <\/span>San Ignacio recalca este punto <em>\u00a1JESUS SUFRI\u00d3 SU PASI\u00d3N POR <u>MI!<\/u><\/em> La PASI\u00d3N de Cristo es algo muy personal; Jes\u00fas sufri\u00f3 toda su pasi\u00f3n por amor a\u00a0m\u00ed\u00a0y por la salvaci\u00f3n eterna de mi alma inmortal!<br \/><\/strong><br \/><strong>2. DOMINGO DE RAMOS \u2013 CONTEMPLE CON LA VISTA IMAGINATIVA<em>.\u00a0 <\/em>Vea con los ojos de la imaginaci\u00f3n el lugar, ser\u00e1 aqu\u00ed considerar\u00a0<\/strong><\/p>\n<ul>\n<li><strong><em>JERUSAL\u00c9N.<span> <\/span><\/em><\/strong><strong>JES\u00daS va entrando la Ciudad Santa, Jerusal\u00e9n, la \u201fCiudad de David\u201d.<span>\u00a0<\/span><\/strong><\/li>\n<li><strong><em>FESTIVIDAD &#8211; <\/em><\/strong><strong>\u00a1El ambiente es de FESTEJO Y GOZO!<span> <\/span>Los Ap\u00f3stoles acompa\u00f1an a Jes\u00fas en su entrada victoriosa y gozosa.<span>\u00a0 <\/span><\/strong><\/li>\n<li><strong><em>EL ASNO \u2013 <\/em><\/strong><strong>Jes\u00fas entra a Jerusal\u00e9n montado en un asno \u2013 la humildad de Jes\u00fas.<span> <\/span>La multitude lo aclama REY &#8211; <\/strong><strong>\u00ab\u00a1Hosanna al hijo de David! \u00a1Bendito sea el que viene en el nombre del Se\u00f1or! <\/strong><strong>\u00a1Hosanna en lo m\u00e1s alto de los cielos!\u00bb<\/strong><\/li>\n<\/ul>\n<p><strong>\u00a03.\u00a0<\/strong><strong>MANTOS Y PALMAS.\u00a0 Jes\u00fas va entrando a la ciudad de Jerusal\u00e9n montado sobre un asno, las multitudes se congregan para verlo, unos tienden sus mantos sobre el camino, otros cortan ramas de los \u00e1rboles, lo cubren de palmas, la multitud lo acoge como el Mes\u00edas, el Hijo de Dios\u2026 \u00a1es la entrada triunfal del Rey! \u00a0<\/strong><strong><em>\u00ab\u00a1Hosanna al hijo de David! \u00a1Bendito sea el que viene en el nombre del Se\u00f1or! \u00a1Hosanna en lo m\u00e1s alto de los cielos!\u00bb\u00a0 <\/em><\/strong><strong>Ha llegado la victoria para los Judios.\u00a0\u00a0<\/strong><\/p>\n<p><strong>4. <\/strong><strong>EL REY TERRENAL. \u00a0Muchos esperaban un rey terrenal poderoso, un nuevo \u201fRey David\u201d o \u201fRey Salom\u00f3n\u201d, pensaban que este Rey, con todo su fuerza y su poder, conquistar\u00eda y vencer\u00eda a los Romanos y que los Jud\u00edos llegar\u00edan a ser una fuerza mundial.\u00a0 \u00a1Esta era la visi\u00f3n meramente materialista y mundana que prevalec\u00eda entre los Jud\u00edos!\u00a0\u00a0<\/strong><\/p>\n<p><strong>5. <\/strong><strong>\u00a1EL HOSANA EN LA SANTA MISA! \u00a0En la Santa Misa, repetimos tres veces palabras en Hebreo:\u00a0 1) <em>Aleluia, <\/em>2) <em>Hosana <\/em>y 3) <em>Am\u00e9n.\u00a0 <\/em>La Iglesia celebra el Misterio Pascual en cada Santa Misa y aclamamos a Jes\u00fas como nuestro Rey victorioso, porque vence al pecado y a la muerte.\u00a0 Pero tambi\u00e9n hay una Solemnidad Lit\u00fargica espec\u00edfica en donde la Iglesia aclama a Jes\u00fas como Rey, y es el \u00faltimo domingo del A\u00f1o Lit\u00fargico en la Solemnidad del Cristo Rey del Universo.\u00a0 Con esta Solemnidad la\u00a0Iglesia\u00a0concluye el a\u00f1o y prepara el camino para el nuevo A\u00f1o Lit\u00fargico que comienza con el tiempo de Adviento.\u00a0\u00a0<\/strong><\/p>\n<p><strong>6. <\/strong><strong>JESUCRISTO &#8211; \u00bfQUI\u00c9N ES PARA USTED? \u00a0Quiz\u00e1s su visi\u00f3n de Jes\u00fas ha cambiado en el \u00faltimo a\u00f1o o en las \u00faltimas semanas que est\u00e1 haciendo los Ejercicios Espirituales de S. Ignacio de Loyola.\u00a0 \u00bfC\u00f3mo lo ha venido viendo?\u00a0Como\u00a0un \u201cgenio de la l\u00e1mpara m\u00e1gica\u201d o un \u201fada madrina\u201d a quien se le llamaba cuando necesita que le conceda un capricho o deseo, quizas un capricho mezquino, egoista o simplemente que no es para su bien? y si no se lo concede, \u00a1se disgusta y su fe empieza a vacilar!\u00a0 \u00a1Nuestra relaci\u00f3n y f\u00e9 en Jes\u00fas debe ser mucho m\u00e1s que esto!\u00a0 No busquemos a Jes\u00fas s\u00f3lo por lo que nos puede dar. \u00a0Nuestra actitud deber\u00eda ser \u201f\u00a1Qu\u00e9 puedo dar YO a JES\u00daS!\u201d\u00a0\u00a0<\/strong><\/p>\n<p><strong>7. <\/strong><strong>\u00a1UNA MULTITUD VOLUBLE! \u00a0Una nota intersante: las mismas personas que d\u00edas antes hab\u00edan alabado y aclamado a Jes\u00fas como Rey ahora se encuentran ante Poncio Pilato gritando: \u201f\u00a1Crucif\u00edquenlo, crucif\u00edquenlo, crucif\u00edquenlo!\u201d\u00a0 Con qu\u00e9 facilidad cambian nuestros afectos hacia Jes\u00fas.\u00a0 A veces somos como una veleta o un globo que va a donde el viento sopla, somos como el vaiv\u00e9n de las olas, ef\u00edmeros y pasajeros. \u00a1Qu\u00e9 d\u00e9biles, irresolutos, vacilantes somos en nuestros afectos hacia Jes\u00fas quien es la ROCA! \u00a0No vacilemos, seamos fieles a nuestra HORA SANTA en los tiempos buenos y en los malos, en la adversidad y enfermedad, en las riquezas y la pobreza y perseveremos hasta el \u00faltimo d\u00eda de nuestra vida.<\/strong><\/p>\n<p><strong><em>8. <\/em><\/strong><strong>JES\u00daS CONOCE EL CORAZ\u00d3N HUMANO.\u00a0 Jes\u00fas conoce TU coraz\u00f3n. No hay nada oculto \u2013 absolutamente nada.\u00a0 Jes\u00fas conoce nuestras fuerzas, nuestras capacidades, nuestras intenciones, nuestros motivos, nuestras esperanzas, ambiciones, emociones, prop\u00f3sitos, ilusiones, toda nuestra vida es como a un libro abierto. \u00a0\u00a0Si escalamos la monta\u00f1a m\u00e1s alta, all\u00ed est\u00e1 Jes\u00fas; si bajamos a las profundidades del mar, all\u00ed est\u00e1 \u00c9l, aun la oscuridad, es como el sol del medio d\u00eda.\u00a0 No se sierre en si mismo, \u00e1brale su coraz\u00f3n y d\u00edgale todo lo que alberga en su coraz\u00f3n, hable sobre su relaci\u00f3n con \u00c9l.\u00a0 Comparta sus gozos y\u00a0tristezas\u00a0 sus \u00e9xitos y fracasos, sus tentaci\u00f3nes y pecados, pero m\u00e1s que nada comparta su gran anhelo de amarlo m\u00e1s.\u00a0 <\/strong><strong>\u00a1Jes\u00fas anhela escucharlo!<\/strong><\/p>\n<p><strong>9. <\/strong><strong>JES\u00daS REY DE NUESTROS CORAZONES.\u00a0 Jes\u00fas vino al mundo para reinar, pero no para establecer una potencia mundial con\u00a0ej\u00e9rcitos\u00a0o para ser un rey temporal, Jes\u00fas vino un Rey manso, humilde, pac\u00edfico y tan pobre como le hab\u00eda pintado el profeta Zacar\u00edas cuando dijo:\u00a0 <em>\u201cAl\u00e9grate hija de Si\u00f3n, pues viene para t\u00ed sentado sobre un asno tu rey obre, pacific y humilde.\u201d<\/em> (Zac 9, 9)\u00a0 Jes\u00fas rehuso encarnar esa imagen de Mes\u00edas entendido como l\u00edder que luchar\u00eda al frente de un ejercito contra la dominaci\u00f3n de Roma.\u00a0 \u00c9l vino para ser Rey de\u00a0nuestros\u00a0corazones.\u00a0 Cuesti\u00f3nese:\u00a0 \u00bfJes\u00fas reina en todo mi hogar, mi familia, mi vida y todo mi entorno? En la presencia de Dios, h\u00e1gase estas preguntas:\u00a0 \u00bfJes\u00fas el Rey de mi coraz\u00f3n? \u00bfde<\/strong><strong> todos mis afectos?\u00a0 \u00bfde todos mis deseos? <\/strong><strong>\u00bfde toda mi voluntad?\u00a0 \u00bfJes\u00fas es el Rey de mi mente y mis pensamientos? \u00bfde mi memoria?\u00a0 \u00bfde mi entendimiento?\u00a0 \u00bfde mi imaginaci\u00f3n? \u00a0\u00bfde mis sentidos? \u00bfmis ojos?\u00a0 \u00bfmis o\u00eddos? \u00bfmi tacto? \u00bfmi gusto? \u00bfmi olfato? \u00a0\u00a1Nuestro Dios es un Dios celoso, el quiere ocupar el primer lugar en nuestro coraz\u00f3n, no quiere compartir con nadie ni ocupar segundo lugar! \u00a0Dios quiere que lo amemos\u00a0plenamente\u00a0 exclusivamente, con totalidad indivisa en el tiempo y en la eternidad.\u00a0 En este momento, \u00bfqu\u00e9 lugar ocupa Jes\u00fas en su vida?\u00a0\u00a0 \u00a1No se desanime!\u00a0 Si lo ha hecho a un lado u olvidado, no es tarde para cambiar.\u00a0\u00a0 Dec\u00eddase hoy mismo que Cristo Rey ocupar\u00e1 el primer lugar en su vida.<\/strong><\/p>\n<p><strong>10. <\/strong><strong>UNA PALMA.\u00a0 El Domingo de Ramos es el d\u00eda que da inicio a la Semana Santa, conmemorando la entrada triunfal de Jes\u00fas.\u00a0 La liturgia de este d\u00eda comienza con la bendici\u00f3n de las palmas y despu\u00e9s de la Misa los fieles se llevan las palmas benditas a sus casas.\u00a0 Muchos acostumbran colocarla en alguna parte de su casa, detras de la cruz o detras de la puerta. \u00a0\u00bfQu\u00e9 significado tienen las palmas benditas del Domingo de Ramos? <\/strong><strong>Estas son tres breves interpretaciones de la palma:\u00a0<\/strong><\/p>\n<ul>\n<li><strong> <\/strong><strong>ALABANZA Y REVERENCIA.<span> <\/span>Volvamos la mirada en lo que S. Ignacio llama <em>Principio y Fundamento<\/em>. Este gesto es una forma de hacer reverencia y alabar a Cristo Rey que hace su entrada triunfal a Jerusal\u00e9n.<span>\u00a0 <\/span>Nosotros tambi\u00e9n somos llamados a alabar y hacer reverencia a Cristo Rey quien entra a nuestro coraz\u00f3n y a nuestra vida.<\/strong><\/li>\n<li><strong> <\/strong><strong><span> <\/span>El pueblo tiende las palmas bajo los pies de Jes\u00fas incluso bajo las pisadas del asno. El primer pelda\u00f1o para seguir a Cristo es: la humildad.<span>\u00a0 <\/span>Oremos:<span>\u00a0 <\/span>\u201fJes\u00fas manso y humilde de coraz\u00f3n haced mi coraz\u00f3n semejante al vuestro.\u201d<\/strong><\/li>\n<li><strong> <\/strong><strong>INESTABLES Y VOLUBLES.<span> <\/span>Los mismos que aclamaban a Jes\u00fas Rey, fueron los mismos que m\u00e1s tarde gritaban crucif\u00edquenle. Roguemos a Dios que no seamos<span>\u00a0 <\/span>\u201famigos de conveniencia\u201d, sino que estemos con \u00c9l en sus gozos y en sus sufrimientos.<span>\u00a0 <\/span>El arzobispo Fulton Sheen lo expres\u00f3 as\u00ed: \u201cNo hay Domingo de Resurecci\u00f3n sin primero pasar por Viernes Santo.\u201d<\/strong><\/li>\n<\/ul>\n<p><strong>\u00a0<\/strong><\/p>\n<div class=\"synved-social-container synved-social-container-share\" style=\"text-align: center\"><a class=\"synved-social-button synved-social-button-share synved-social-size-48 synved-social-resolution-single synved-social-provider-facebook nolightbox\" data-provider=\"facebook\" target=\"_blank\" rel=\"nofollow\" title=\"Share on Facebook\" href=\"https:\/\/www.facebook.com\/sharer.php?u=https%3A%2F%2Ffatherbroom.com%2Fes%2Fwp-json%2Fwp%2Fv2%2Fposts%2F22119&#038;t=DOMINGO%20DE%20RAMOS%20%7C%20ENTRAMOS%20A%20SEMANA%20SANTA%20%7C%20EJERCICIOS%20ESPIRITUALES%20%7C%20MEDITACIONES%20PARA%20EL%204%20DE%20ABRIL%20DEL%202020&#038;s=100&#038;p&#091;url&#093;=https%3A%2F%2Ffatherbroom.com%2Fes%2Fwp-json%2Fwp%2Fv2%2Fposts%2F22119&#038;p&#091;images&#093;&#091;0&#093;=http%3A%2F%2Ffatherbroom.com%2Fes%2Fwp-content%2Fmedia%2Fsites%2F3%2Fpng%2FScreen-Shot-2020-04-04-at-10.01.48-PM-300x169.png&#038;p&#091;title&#093;=DOMINGO%20DE%20RAMOS%20%7C%20ENTRAMOS%20A%20SEMANA%20SANTA%20%7C%20EJERCICIOS%20ESPIRITUALES%20%7C%20MEDITACIONES%20PARA%20EL%204%20DE%20ABRIL%20DEL%202020\" style=\"font-size: 0px;width:48px;height:48px;margin:0;margin-bottom:5px;margin-right:5px\"><img loading=\"lazy\" decoding=\"async\" alt=\"Facebook\" title=\"Share on Facebook\" class=\"synved-share-image synved-social-image synved-social-image-share\" width=\"48\" height=\"48\" style=\"display: inline;width:48px;height:48px;margin: 0;padding: 0;border: none;box-shadow: none\" src=\"https:\/\/fatherbroom.com\/es\/wp-content\/plugins\/social-media-feather\/synved-social\/image\/social\/regular\/96x96\/facebook.png\" \/><\/a><a class=\"synved-social-button synved-social-button-share synved-social-size-48 synved-social-resolution-single synved-social-provider-twitter nolightbox\" data-provider=\"twitter\" target=\"_blank\" rel=\"nofollow\" title=\"Share on Twitter\" href=\"https:\/\/twitter.com\/intent\/tweet?url=https%3A%2F%2Ffatherbroom.com%2Fes%2Fwp-json%2Fwp%2Fv2%2Fposts%2F22119&#038;text=Hey%20check%20this%20out\" style=\"font-size: 0px;width:48px;height:48px;margin:0;margin-bottom:5px;margin-right:5px\"><img loading=\"lazy\" decoding=\"async\" alt=\"twitter\" title=\"Share on Twitter\" class=\"synved-share-image synved-social-image synved-social-image-share\" width=\"48\" height=\"48\" style=\"display: inline;width:48px;height:48px;margin: 0;padding: 0;border: none;box-shadow: none\" src=\"https:\/\/fatherbroom.com\/es\/wp-content\/plugins\/social-media-feather\/synved-social\/image\/social\/regular\/96x96\/twitter.png\" \/><\/a><a class=\"synved-social-button synved-social-button-share synved-social-size-48 synved-social-resolution-single synved-social-provider-reddit nolightbox\" data-provider=\"reddit\" target=\"_blank\" rel=\"nofollow\" title=\"Share on Reddit\" href=\"https:\/\/www.reddit.com\/submit?url=https%3A%2F%2Ffatherbroom.com%2Fes%2Fwp-json%2Fwp%2Fv2%2Fposts%2F22119&#038;title=DOMINGO%20DE%20RAMOS%20%7C%20ENTRAMOS%20A%20SEMANA%20SANTA%20%7C%20EJERCICIOS%20ESPIRITUALES%20%7C%20MEDITACIONES%20PARA%20EL%204%20DE%20ABRIL%20DEL%202020\" style=\"font-size: 0px;width:48px;height:48px;margin:0;margin-bottom:5px;margin-right:5px\"><img loading=\"lazy\" decoding=\"async\" alt=\"reddit\" title=\"Share on Reddit\" class=\"synved-share-image synved-social-image synved-social-image-share\" width=\"48\" height=\"48\" style=\"display: inline;width:48px;height:48px;margin: 0;padding: 0;border: none;box-shadow: none\" src=\"https:\/\/fatherbroom.com\/es\/wp-content\/plugins\/social-media-feather\/synved-social\/image\/social\/regular\/96x96\/reddit.png\" \/><\/a><a class=\"synved-social-button synved-social-button-share synved-social-size-48 synved-social-resolution-single synved-social-provider-pinterest nolightbox\" data-provider=\"pinterest\" target=\"_blank\" rel=\"nofollow\" title=\"Pin it with Pinterest\" href=\"https:\/\/pinterest.com\/pin\/create\/button\/?url=https%3A%2F%2Ffatherbroom.com%2Fes%2Fwp-json%2Fwp%2Fv2%2Fposts%2F22119&#038;media=http%3A%2F%2Ffatherbroom.com%2Fes%2Fwp-content%2Fmedia%2Fsites%2F3%2Fpng%2FScreen-Shot-2020-04-04-at-10.01.48-PM-300x169.png&#038;description=DOMINGO%20DE%20RAMOS%20%7C%20ENTRAMOS%20A%20SEMANA%20SANTA%20%7C%20EJERCICIOS%20ESPIRITUALES%20%7C%20MEDITACIONES%20PARA%20EL%204%20DE%20ABRIL%20DEL%202020\" style=\"font-size: 0px;width:48px;height:48px;margin:0;margin-bottom:5px;margin-right:5px\"><img loading=\"lazy\" decoding=\"async\" alt=\"pinterest\" title=\"Pin it with Pinterest\" class=\"synved-share-image synved-social-image synved-social-image-share\" width=\"48\" height=\"48\" style=\"display: inline;width:48px;height:48px;margin: 0;padding: 0;border: none;box-shadow: none\" src=\"https:\/\/fatherbroom.com\/es\/wp-content\/plugins\/social-media-feather\/synved-social\/image\/social\/regular\/96x96\/pinterest.png\" \/><\/a><a class=\"synved-social-button synved-social-button-share synved-social-size-48 synved-social-resolution-single synved-social-provider-linkedin nolightbox\" data-provider=\"linkedin\" target=\"_blank\" rel=\"nofollow\" title=\"Share on Linkedin\" href=\"https:\/\/www.linkedin.com\/shareArticle?mini=true&#038;url=https%3A%2F%2Ffatherbroom.com%2Fes%2Fwp-json%2Fwp%2Fv2%2Fposts%2F22119&#038;title=DOMINGO%20DE%20RAMOS%20%7C%20ENTRAMOS%20A%20SEMANA%20SANTA%20%7C%20EJERCICIOS%20ESPIRITUALES%20%7C%20MEDITACIONES%20PARA%20EL%204%20DE%20ABRIL%20DEL%202020\" style=\"font-size: 0px;width:48px;height:48px;margin:0;margin-bottom:5px;margin-right:5px\"><img loading=\"lazy\" decoding=\"async\" alt=\"linkedin\" title=\"Share on Linkedin\" class=\"synved-share-image synved-social-image synved-social-image-share\" width=\"48\" height=\"48\" style=\"display: inline;width:48px;height:48px;margin: 0;padding: 0;border: none;box-shadow: none\" src=\"https:\/\/fatherbroom.com\/es\/wp-content\/plugins\/social-media-feather\/synved-social\/image\/social\/regular\/96x96\/linkedin.png\" \/><\/a><a class=\"synved-social-button synved-social-button-share synved-social-size-48 synved-social-resolution-single synved-social-provider-mail nolightbox\" data-provider=\"mail\" rel=\"nofollow\" title=\"Share by email\" href=\"mailto:?subject=DOMINGO%20DE%20RAMOS%20%7C%20ENTRAMOS%20A%20SEMANA%20SANTA%20%7C%20EJERCICIOS%20ESPIRITUALES%20%7C%20MEDITACIONES%20PARA%20EL%204%20DE%20ABRIL%20DEL%202020&#038;body=Hey%20check%20this%20out:%20https%3A%2F%2Ffatherbroom.com%2Fes%2Fwp-json%2Fwp%2Fv2%2Fposts%2F22119\" style=\"font-size: 0px;width:48px;height:48px;margin:0;margin-bottom:5px\"><img loading=\"lazy\" decoding=\"async\" alt=\"mail\" title=\"Share by email\" class=\"synved-share-image synved-social-image synved-social-image-share\" width=\"48\" height=\"48\" style=\"display: inline;width:48px;height:48px;margin: 0;padding: 0;border: none;box-shadow: none\" src=\"https:\/\/fatherbroom.com\/es\/wp-content\/plugins\/social-media-feather\/synved-social\/image\/social\/regular\/96x96\/mail.png\" \/><\/a><\/div>","protected":false},"excerpt":{"rendered":"<p>ESTA SEMANA: CONSIDERE que comienza SEMANA SANTA \u2013 LA SEMANA DE LA PASI\u00d3N\u2026 DURANTE SU HORA SANTA: SU POSTURA CORPORAL: Entrar a la contemplaci\u00f3n de rodillas, con la luz baja y mantenga las cortinas cerradas de forma que la habitaci\u00f3n se mantenga oscura. INVITE A MAR\u00cdA: Nuestra Se\u00f1ora de los Dolores, pidiendo su ayuda al [&hellip;]<\/p>\n","protected":false},"author":7,"featured_media":0,"comment_status":"open","ping_status":"open","sticky":false,"template":"","format":"standard","meta":{"_genesis_hide_title":false,"_genesis_hide_breadcrumbs":false,"_genesis_hide_singular_image":false,"_genesis_hide_footer_widgets":false,"_genesis_custom_body_class":"","_genesis_custom_post_class":"","_genesis_layout":"","footnotes":""},"categories":[2],"tags":[],"class_list":{"0":"post-22119","1":"post","2":"type-post","3":"status-publish","4":"format-standard","6":"category-blog","7":"entry"},"_links":{"self":[{"href":"https:\/\/fatherbroom.com\/es\/wp-json\/wp\/v2\/posts\/22119","targetHints":{"allow":["GET"]}}],"collection":[{"href":"https:\/\/fatherbroom.com\/es\/wp-json\/wp\/v2\/posts"}],"about":[{"href":"https:\/\/fatherbroom.com\/es\/wp-json\/wp\/v2\/types\/post"}],"author":[{"embeddable":true,"href":"https:\/\/fatherbroom.com\/es\/wp-json\/wp\/v2\/users\/7"}],"replies":[{"embeddable":true,"href":"https:\/\/fatherbroom.com\/es\/wp-json\/wp\/v2\/comments?post=22119"}],"version-history":[{"count":2,"href":"https:\/\/fatherbroom.com\/es\/wp-json\/wp\/v2\/posts\/22119\/revisions"}],"predecessor-version":[{"id":22122,"href":"https:\/\/fatherbroom.com\/es\/wp-json\/wp\/v2\/posts\/22119\/revisions\/22122"}],"wp:attachment":[{"href":"https:\/\/fatherbroom.com\/es\/wp-json\/wp\/v2\/media?parent=22119"}],"wp:term":[{"taxonomy":"category","embeddable":true,"href":"https:\/\/fatherbroom.com\/es\/wp-json\/wp\/v2\/categories?post=22119"},{"taxonomy":"post_tag","embeddable":true,"href":"https:\/\/fatherbroom.com\/es\/wp-json\/wp\/v2\/tags?post=22119"}],"curies":[{"name":"wp","href":"https:\/\/api.w.org\/{rel}","templated":true}]}}