{"id":124,"date":"2013-07-11T23:11:00","date_gmt":"2013-07-11T23:11:00","guid":{"rendered":"http:\/\/fatherbroom.com\/es\/2013\/07\/el-escapulario-y-consagracion-maria\/"},"modified":"2019-06-15T08:05:33","modified_gmt":"2019-06-15T15:05:33","slug":"el-escapulario-y-consagracion-maria","status":"publish","type":"post","link":"https:\/\/fatherbroom.com\/es\/2013\/07\/el-escapulario-y-consagracion-maria\/","title":{"rendered":"EL ESCAPULARIO Y CONSAGRACI\u00d3N A MAR\u00cdA"},"content":{"rendered":"<p><strong><img loading=\"lazy\" decoding=\"async\" src=\"http:\/\/fatherbroom.com\/es\/wp-content\/media\/sites\/3\/png\/Screen-Shot-2019-06-14-at-7.53.44-AM-300x169.png\" alt=\"\" width=\"520\" height=\"293\" class=\"aligncenter  wp-image-20008\" srcset=\"https:\/\/fatherbroom.com\/es\/wp-content\/media\/sites\/3\/png\/Screen-Shot-2019-06-14-at-7.53.44-AM-300x169.png 300w, https:\/\/fatherbroom.com\/es\/wp-content\/media\/sites\/3\/png\/Screen-Shot-2019-06-14-at-7.53.44-AM-768x434.png 768w, https:\/\/fatherbroom.com\/es\/wp-content\/media\/sites\/3\/png\/Screen-Shot-2019-06-14-at-7.53.44-AM-1024x578.png 1024w, https:\/\/fatherbroom.com\/es\/wp-content\/media\/sites\/3\/png\/Screen-Shot-2019-06-14-at-7.53.44-AM.png 1732w\" sizes=\"auto, (max-width: 520px) 100vw, 520px\" \/><\/strong><br \/><strong><\/p>\n<p><\/strong><\/p>\n<div class=\"Body1\" style=\"margin: 0in 0in 0pt\"><strong><br \/>\nJes\u00fas desde la cruz,<br \/>\nentrega a su Madre Sant\u00edsima a san Juan , y a nosotros como madre<br \/>\nespiritual:\u00a0 <em>\u00bbMujer, ah\u00ed tienes a tu<br \/>\nhijo, hijo ah\u00ed tienes a tu madre. \u00a0Y<br \/>\ndesde aquel momento, el disc\u00edpulo amado la acogi\u00f3 en su casa.\u00bb<\/em><em>\u00a0<\/em> En la persona de san Juan est\u00e1 presente toda la<br \/>\nhumanidad y estamos presentes t\u00fa y yo, como sus hijos e hijas espirituales.\u00a0<\/strong><\/div>\n<p><strong><br \/>\n<\/strong><br \/><strong><br \/>\n<\/strong><\/p>\n<div class=\"Body1\" style=\"margin: 0in 0in 0pt\"><strong><br \/>\nDespu\u00e9s de 33 d\u00edas de preparaci\u00f3n para la consagraci\u00f3n total,\u00a0hacemos\u00a0un gesto concreto.\u00a0 La\u00a0manifestaci\u00f3n externa de nuestra consagraci\u00f3n es\u00a0recibir y fielmente llevar puesto\u00a0el escapulario\u00a0caf\u00e9 de Nuestra Se\u00f1ora<br \/>\ndel Monte Carmelo.<\/strong><\/div>\n<p><strong><br \/>\n<\/strong><br \/><strong><br \/>\nIgual que el soldado viste<br \/>\nsu uniforme como se\u00f1al exterior de su labor e identidad, o\u00a0el atleta viste su ropa distintiva, o el sacerdote<br \/>\nviste su h\u00e1bito, nosotros quienes nos hemos consagrado a<br \/>\nJes\u00fas por medio de Mar\u00eda,\u00a0vestimos el escapulario y morir con el escapulario puesto y muy<br \/>\ncerca de nuestro coraz\u00f3n.<\/strong><\/p>\n<p><strong><br \/>\n<\/strong><\/p>\n<div class=\"Body1\" style=\"margin: 0in 0in 0pt\"><strong><br \/>\nSAN SIM\u00d3N<br \/>\nSTOCK.\u00a0 En 1251, la Bienaventurada Virgen<br \/>\nMar\u00eda, acompa\u00f1ada de una multitud de \u00e1ngeles, se apareci\u00f3 a Sim\u00f3n Stock con el<br \/>\nescapulario de la Orden en sus manos.\u00a0<br \/>\nEn aquella \u00e9poca, los Carmelitas pasaban por tiempos muy<br \/>\ndif\u00edciles.\u00a0 En su aparici\u00f3n, Mar\u00eda<br \/>\nSant\u00edsima expres\u00f3 su deseo, que tanto Sim\u00f3n como toda la Orden Carmelita,<br \/>\nllevar\u00e1n puesto el escapulario sobre sus hombros.\u00a0 Sim\u00f3n con humildad obedece a la Madre de Dios, y<br \/>\ndescienden gracias y bendiciones sobre\u00a0\u00e9l y toda la Orden Carmelita.<\/strong><\/div>\n<p><strong><br \/>\n<\/strong><br \/><strong><br \/>\n<\/strong><\/p>\n<div class=\"Body1\" style=\"margin: 0in 0in 0pt\"><strong><br \/>\nOTROS SANTOS DE LA ORDEN<br \/>\nCARMELITA.\u00a0 Despu\u00e9s de san Sim\u00f3n Stock,<br \/>\nhubieron un ej\u00e9rcito de santos quienes fielmente\u00a0vistieron el escapulario caf\u00e9.\u00a0 Santa Teresa de \u00c1vila, san Juan de la Cruz,<br \/>\nsanta Teresita de Lisieux, santa Teresa de los Andes, Elizabeth de la Trinidad<br \/>\ny santa Benedicta de la Cruz (anteriormente Edith Stein).<\/strong><\/div>\n<p><strong><\/p>\n<p><\/strong><br \/><strong><br \/>\nNUESTRA SE\u00d1ORA DE<br \/>\nFATIMA.\u00a0 En la \u00faltima y m\u00e1s conocida<br \/>\naparici\u00f3n el 13 de octubre de 1917, Nuestra Se\u00f1ora de Fatima, la Madre de Dios<br \/>\nse aparece vestida como Nuestra Se\u00f1ora del Monte Carmelo, invitando al mundo<br \/>\nentero a que recen el santo Rosario y que lleven puesto el escapulario<br \/>\ncaf\u00e9 del Carmelo.<\/strong><br \/><strong><br \/>\n<\/strong><br \/><strong><br \/>\n<\/strong><\/p>\n<div class=\"Body1\" style=\"margin: 0in 0in 0pt\"><strong><br \/>\nEL SIGNIFICADO.\u00a0 Llevar puesto el escapulario no es<br \/>\nsuperstici\u00f3n,\u00a0\u00a1el escapulario no es\u00a0talism\u00e1n o amuleto de la buena suerte!\u00a0 De hecho, \u00a1es todo lo contrario!\u00a0 Al llevar puesto el escapulario, como signo<br \/>\nexterior,\u00a0hacemos una clara afirmaci\u00f3n:\u00a0 Queremos pertenecer a Jes\u00fas por la<br \/>\nintercesi\u00f3n de Mar\u00eda.\u00a0 Es un hecho que en ocasiones, familias tienen logotipos o alg\u00fan emblem que los identifica.\u00a0 Bueno, nosotros igual queremos manifestar<br \/>\nnuestra pertenencia a la \u00bbfamilia de Mar\u00eda\u00bb\u00a0\u00a1y esto lo hacemos\u00a0vistiendo fielmente el<br \/>\nescapulario caf\u00e9 de Nuestra Se\u00f1ora del Monte Carmelo!<\/strong><\/p>\n<\/div>\n<p><strong><\/p>\n<p>    AMOR Y<br \/>\nPROTECCI\u00d3N.\u00a0 Al vestir el escapulario,<br \/>\nestamos expresando p\u00fablicamente nuestro gran amor a Mar\u00eda.\u00a0 La palabra escapulario viene del lat\u00edn<br \/>\n\u00bbScapula\u00bb, que significa \u00bbhombros\u00bb, porque el escapulario se coloca sobre los hombros.\u00a0 Pero a\u00fan m\u00e1s importante, de frente, el<br \/>\nescapulario descansa sobre\u00a0el coraz\u00f3n.\u00a0<br \/>\n\u00bfSu significado?\u00a0 Significa que Mar\u00eda Sant\u00edsima<br \/>\nnos est\u00e1 cubrindo con sus brazos y estrech\u00e1ndonos cerca de su Inmaculado<br \/>\nCoraz\u00f3n.\u00a0 Esta devoci\u00f3n en verdad nos conducir\u00e1 al refugio seguro del Inmaculado<br \/>\nCoraz\u00f3n de Mar\u00eda.\u00a0 <\/strong><br \/><strong><br \/>\n<\/strong><br \/><strong><br \/>\n<\/strong><br \/><strong><br \/>\n<\/strong><\/p>\n<div class=\"Body1\" style=\"margin: 0in 0in 0pt\"><strong><br \/>\n\u00bfQUI\u00c9N LO PUEDE<br \/>\nLLEVAR PUESTO?\u00a0 Tradicionalmente, el d\u00eda<br \/>\nque los ni\u00f1os recib\u00edan su Primera Comuni\u00f3n, recib\u00edan tambien la bendici\u00f3n de ser<br \/>\nincorporados e investidos al escapulario de Nuestra Sra. del Monte Carmelo.\u00a0 Pero igual, cualquier cat\u00f3lico, en cualquier<br \/>\nmomento de su vida, puede ser investido con el escapulario.\u00a0 Y una vez investido, la persona est\u00e1 inscrito de por vida<br \/>\ny no es necesario volver a investirse.<\/strong><\/div>\n<p><strong><br \/>\n    <\/strong><br \/><strong><br \/>\n<\/strong><br \/><strong><br \/>\n    LOS PRIVILEGIOS DE<br \/>\nPERTENECER A UNA NUEVA FAMILIA &#8212; \u00a1LA FAMILIA\u00a0CARMELITA!!!\u00a0 Una vez investido (tambi\u00e9n llamado inscrito)<br \/>\ncon el escapulario\u00a0caf\u00e9 de Ntra. Sra. del Monte Carmelo, recibimos las<br \/>\noraciones y bendiciones de la orden Carmelita por todo el mundo.\u00a0 Igual los santos Carmelitas que ya est\u00e1n en<br \/>\nel cielo forman parte de nuestra familia de forma muy especial.\u00a0 Imag\u00ednese el gozo de santa Teresa de \u00c1vila,<br \/>\nde san Juan de la Cruz y de santa Teresita, de que usted forme parte de su familia, \u00a1e<br \/>\nimag\u00ednese el poder de\u00a0las oraciones de los santos Carmelitas en el cielo!\u00a0 Hay una canci\u00f3n de los Beatles que entona<br \/>\n\u00bbUna peque\u00f1a ayuda de mis amigos\u00bb.\u00a0<br \/>\n\u00a1Estos son los amigos de quienes verdaderamente queremos recibir ayuda<br \/>\npara poder llegar al cielo!<\/strong><br \/><strong><br \/>\n<\/strong><br \/><strong><br \/>\n<\/strong><\/p>\n<div class=\"Body1\" style=\"margin: 0in 0in 0pt\"><strong><br \/>\nLOS SANTOS Y LOS<br \/>\nPAPAS.\u00a0 A trav\u00e9s de los a\u00f1os, muchos<br \/>\nPapas y santos han animado el uso del escapulario.\u00a0 Entre ellos est\u00e1n:\u00a0 san Roberto Bellermine, san Alfonso Ligorio,<br \/>\nel papa Juan XXIII, el papa P\u00edo XI, el papa Pablo VI y el beato Papa Juan Pablo<br \/>\nII<\/strong><\/div>\n<p><strong><\/p>\n<p><\/strong><br \/><strong><br \/>\n<\/strong><\/p>\n<table align=\"center\" cellpadding=\"0\" cellspacing=\"0\" class=\"tr-caption-container\" style=\"float: right;margin-left: 1em;text-align: right\">\n<tbody>\n<tr>\n<td style=\"text-align: center\"><\/td>\n<\/tr>\n<tr>\n<td class=\"tr-caption\" style=\"text-align: center\"><\/td>\n<\/tr>\n<\/tbody>\n<\/table>\n<p><strong><br \/>\nSAN ALFONSO.\u00a0 Sucedi\u00f3 que un dia, alguien le dispar\u00f3 a san<br \/>\nAlfonso.\u00a0 La bala pas\u00f3 por su vestimenta<br \/>\nexterior y se incrust\u00f3 en su escapulario\u00a0caf\u00e9 \u00a1sin nunca tocar su cuerpo!\u00a0 No podr\u00eda haber una se\u00f1al\u00a0m\u00e1s patente que la<br \/>\nmano de Ntra. Sra. del Monte Carmelo sostuvo la bala, de tal forma que la bala no mat\u00f3 a<br \/>\n\u00e9l quien le amaba con tanta devoci\u00f3n.\u00a0<br \/>\nSan Alfonso exclam\u00f3:\u00a0 \u00bb<i>As\u00ed como los hombres se enorgullecen de que<br \/>\notros hombres usen su uniforme, as\u00ed Mar\u00eda Sant\u00edsima est\u00e1 satisfecha cuando sus<br \/>\nservidores usan su escapulario como prueba de que se han dedicado a su<br \/>\nservicio, y son miembros de la familia de la Madre de Dios.\u00bb<\/i><\/strong><br \/><strong><br \/>\n<\/strong><br \/><strong><br \/>\n    <\/strong><br \/><strong>SAN PAPA JUAN<br \/>\nPABLE II.\u00a0 Acaso nos sorprende, que el atentado contra la vida del Papa Juan Pablo II se llev\u00f3 acabo el 13 de<br \/>\nMayo de 1981&#8211; el mismo d\u00eda de la aparici\u00f3n de Ntra. Se\u00f1ora de Fatima a los<br \/>\npastorcitos.\u00a0 El Beato Pont\u00edfice,<br \/>\natribuy\u00f3 el haber salvado su vida, a la misteriosa y poderosa intercesi\u00f3n de la<br \/>\nMadre de Dios.\u00a0 Sucedi\u00f3 que el mismo d\u00eda,<br \/>\nal a\u00f1o siguiente, el 13 de Mayo de 1982, el Papa Juan Pablo II se encontraba de<br \/>\nrodillas ante la estatua de Ntra. Sra. de Fatima, d\u00e1ndole gracias por haberlo<br \/>\nsalvado.\u00a0 Entonces nos sorpredi\u00f3 haciendo un gesto<br \/>\nde gran profundidad.\u00a0<br \/>\nEl Papa se puso de pie, y coloc\u00f3 en la corona de Ntra. Sra. de Fatima<br \/>\nla grande bala que le fue extra\u00edda de su intestino!\u00a0 \u00a1Nuestra Se\u00f1ora lo hab\u00eda salvado!\u00a0 El Papa vivi\u00f3 hasta el 2 de abril de 2005 &#8212;<br \/>\ny debido gran parte a la poderosa intercesi\u00f3n de la Madre de Dios&#8211; fue Sumo<br \/>\nPont\u00edfice por casi 24 a\u00f1os m\u00e1s.<\/strong><\/p>\n<div class=\"Body1\" style=\"margin: 0in 0in 0pt\"><\/div>\n<p><strong><br \/>\n<\/strong><\/p>\n<div class=\"Body1\" style=\"margin: 0in 0in 0pt\"><strong><\/p>\n<p><\/strong><\/div>\n<p><strong><br \/>\n<\/strong><\/p>\n<div class=\"Body1\" style=\"margin: 0in 0in 0pt\"><strong><br \/>\nPRIVILEGIO<br \/>\nSABATINO.\u00a0 Nuestra Se\u00f1ora al aparec\u00e9rsele<br \/>\na san Sim\u00f3n Stock, le revela este privilegio maravilloso llamado el Privilegio<br \/>\nSabatino.\u00a0 Las tres condiciones son:<\/strong><\/div>\n<p><strong><br \/>\n<\/strong><br \/><strong><br \/>\n<\/strong><\/p>\n<div class=\"Body1\" style=\"margin: 0in 0in 0pt\"><strong><br \/>\n1.\u00a0 EL ESCAPULARIO.\u00a0 Primera condici\u00f3n:\u00a0 Vestir devotamente el escapulario\u00a0caf\u00e9 de<br \/>\nNtra. Sra. del Monte Carmelo, como se\u00f1al de nuestro amor y confianza en su<br \/>\nprotecci\u00f3n maternal.\u00a0<\/strong><\/div>\n<p><strong><br \/>\n<\/strong><br \/><strong><br \/>\n<\/strong><\/p>\n<div class=\"Body1\" style=\"margin: 0in 0in 0pt\"><strong><br \/>\n2.\u00a0 CASTIDAD.\u00a0<br \/>\nSegunda condici\u00f3n:\u00a0La promesa de guardar castidad seg\u00fan el propio estado de cada persona.<\/strong><\/div>\n<p><strong><br \/>\n<\/strong><br \/><strong><br \/>\n<\/strong><\/p>\n<div class=\"Body1\" style=\"margin: 0in 0in 0pt\"><strong><br \/>\n3.\u00a0 ORACI\u00d3N.\u00a0<br \/>\nTercera condici\u00f3n:\u00a0 Rezar el \u00bbOficio Parvo (peque\u00f1o) de la Sant\u00edsima Virgen Mar\u00eda\u00bb &#8212; consiste de<br \/>\nlos Salmos.\u00a0 El rezo de este peque\u00f1o Oficio se<br \/>\npuede substituir con la recitaci\u00f3n diaria del santo Rosario.\u00a0 Cumplidas estas tres condiciones, Nuestra<br \/>\nSe\u00f1ora promete, por su poderosa intercesi\u00f3n, una pronta liberaci\u00f3n de los<br \/>\nfuegos del purgatorio.\u00a0 Escuchemos las<br \/>\npalabras\u00a0de Nuestra Se\u00f1ora a S. Sim\u00f3n Stock: <i>\u00a0\u00bb Yo, Madre de Gracia, bajar\u00e9<br \/>\nel primer s\u00e1bado despu\u00e9s de su muerte, y a cuantos encuentre en el purgatorio,<br \/>\nyo liberar\u00e9, y los llevar\u00e9 al Monte Santo de la Vida Eterna.\u00bb<\/i><\/strong><\/div>\n<p><strong><br \/>\n<\/strong><\/p>\n<div class=\"Body1\" style=\"margin: 0in 0in 0pt\"><\/div>\n<p><strong><br \/>\n<\/strong><\/p>\n<div class=\"Body1\" style=\"margin: 0in 0in 0pt\"><strong><br \/>\nEL SIGNIFICADO DE<br \/>\nVESTIR EL ESCAPULARIO:<\/strong><\/div>\n<p><strong><br \/>\n<\/strong><br \/><strong><br \/>\n<\/strong><\/p>\n<div class=\"Body1\" style=\"margin: 0in 0in 0pt\"><strong><br \/>\n1.\u00a0 AMOR.\u00a0<br \/>\nEl escapulario es s\u00edmbolo de mi amor a mi Madre Mar\u00eda, mi deseo de<br \/>\namarle como ella me ama a m\u00ed.\u00a0 Amor,<br \/>\ncon amor se paga.<\/strong><\/div>\n<p><strong><br \/>\n<\/strong><br \/><strong><br \/>\n<\/strong><\/p>\n<div class=\"Body1\" style=\"margin: 0in 0in 0pt\"><strong><br \/>\n2.\u00a0 CONFIANZA.\u00a0<br \/>\nEs s\u00edmbolo de la confianza sin l\u00edmite en su poderosa intercesi\u00f3n en mi vida.\u00a0 Yo conf\u00edo que ella me proteger\u00e1 de todo<br \/>\npeligro f\u00edsico, pero especialmente de todo peligro moral que ponga en peligro mi salvaci\u00f3n.<\/strong><\/div>\n<p><strong><br \/>\n<\/strong><br \/><strong><br \/>\n<\/strong><\/p>\n<div class=\"Body1\" style=\"margin: 0in 0in 0pt\"><strong><br \/>\n3.\u00a0 FAMILIA.\u00a0 Es s\u00edmbolo del inmenso gozo que tengo, de saber que pertenezco a la familia de Mar\u00eda.\u00a0 Y por supuesto, es s\u00edmbolo de mi pertenencia a<br \/>\nla Familia de Dios &#8211; la Sant\u00edsima Trinidad.\u00a0<br \/>\nMar\u00eda es la Hija del Padre, la Madre del Hijo, y la Esposa del Esp\u00edritu<br \/>\nSanto.\u00a0 Mar\u00eda nos llevar\u00e1 al Coraz\u00f3n de<br \/>\nla Sant\u00edsima Trinidad!<\/strong><\/div>\n<p><strong><br \/>\n<\/strong><br \/><strong><br \/>\n<\/strong><\/p>\n<div class=\"Body1\" style=\"margin: 0in 0in 0pt\"><strong><\/p>\n<p><\/strong><br \/><strong><br \/>\n<\/strong><\/p>\n<table align=\"center\" cellpadding=\"0\" cellspacing=\"0\" class=\"tr-caption-container\" style=\"margin-left: auto;margin-right: auto;text-align: center\">\n<tbody>\n<tr>\n<td style=\"text-align: center\"><strong><a href=\"http:\/\/1.bp.blogspot.com\/-Ko3JkKByUy8\/Ud8z3vPuTdI\/AAAAAAAAAS0\/uud93Iynfbw\/s1600\/s10.jpg\" style=\"margin-left: auto;margin-right: auto\"><img loading=\"lazy\" decoding=\"async\" border=\"0\" height=\"400\" src=\"http:\/\/fatherbroom.com\/es\/wp-content\/media\/sites\/3\/s10-1.jpg\" width=\"268\" \/><\/a><\/strong><\/td>\n<\/tr>\n<tr>\n<td class=\"tr-caption\" style=\"text-align: center\"><strong><em>La visi\u00f3n de<\/em> <em>Luc\u00eda de Nuestra Se\u00f1ora y la Trinidad.<\/em><\/strong><\/td>\n<\/tr>\n<\/tbody>\n<\/table>\n<p><strong><\/p>\n<p>\u00a0<\/strong><\/div>\n<p><strong><br \/>\n<\/strong><\/p>\n<div class=\"Body1\" style=\"margin: 0in 0in 0pt\"><strong><br \/>\n4.\u00a0 IMITACI\u00d3N.\u00a0<br \/>\nEl conocer conduce al amor, el amor a un seguimiento, el<br \/>\nseguimiento a la imitaci\u00f3n.\u00a0 Si seguimos esta din\u00e1mica, nacer\u00e1 en nosotros el<br \/>\nanhelo ardiente de imitar a Mar\u00eda en sus virtudes m\u00e1s sublimes.\u00a0 San Luis de Montfort enumera diez:\u00a0 su profunda humildad, su viva fe,<br \/>\nsu obediencia ciega, su oraci\u00f3n continua, su mortificaci\u00f3n universal, su pureza<br \/>\ndivina, su caridad ardiente, su paciencia heroica, su dulzura angelical y su<br \/>\nsabidur\u00eda divina. (Tratado de Verdadera Devoci\u00f3n, S. Luis de Montfort, #108)<\/strong><\/div>\n<p><strong><br \/>\n<\/strong><br \/><strong><br \/>\n<\/strong><\/p>\n<div class=\"Body1\" style=\"margin: 0in 0in 0pt\"><strong><br \/>\n5.\u00a0 PERTENENCIA \/ ENCOMENDADOS.\u00a0 Vestir el escapulario significa que pertenecemos completamente a Jes\u00fas por medio<br \/>\nde Mar\u00eda.\u00a0 Es se\u00f1al que queremos encomendar toda nuestra<br \/>\nvida y nuestro fin en las manos de Mar\u00eda y en su Inmaculado Coraz\u00f3n.<\/strong><\/div>\n<p><strong><br \/>\n<\/strong><br \/><strong><br \/>\n<\/strong><br \/><strong><br \/>\n<\/strong><\/p>\n<div class=\"Body1\" style=\"margin: 0in 0in 0pt\"><strong><br \/>\nGESTOS PR\u00c1CTICOS<br \/>\nPARA VIVIR.<\/strong><\/div>\n<p><strong><br \/>\n<\/strong><\/p>\n<div class=\"Body1\" style=\"margin: 0in 0in 0pt\"><strong><br \/>\n<\/strong><br \/><strong><\/p>\n<p><\/strong><br \/><strong><br \/>\n<\/strong><\/p>\n<table align=\"center\" cellpadding=\"0\" cellspacing=\"0\" class=\"tr-caption-container\" style=\"margin-left: auto;margin-right: auto;text-align: center\">\n<tbody>\n<tr>\n<td style=\"text-align: center\"><strong><a href=\"http:\/\/3.bp.blogspot.com\/-irM2unqmKUc\/Ud809vyX7cI\/AAAAAAAAATE\/vFbkLC_ANjg\/s1600\/simon+stock.jpg\" style=\"margin-left: auto;margin-right: auto\"><img loading=\"lazy\" decoding=\"async\" border=\"0\" height=\"400\" src=\"http:\/\/fatherbroom.com\/es\/wp-content\/media\/sites\/3\/simon-stock.jpg\" width=\"263\" \/><\/a><\/strong><\/td>\n<\/tr>\n<tr>\n<td class=\"tr-caption\" style=\"text-align: center\"><strong><i>La entrega del escapulario a S. Sim\u00f3n Stock.<\/i><\/strong><\/td>\n<\/tr>\n<\/tbody>\n<\/table>\n<p><strong><\/p>\n<p>\u00a0<\/strong><\/div>\n<p><strong><br \/>\n<\/strong><\/p>\n<div class=\"Body1\" style=\"margin: 0in 0in 0pt\"><strong><br \/>\n1.\u00a0 EL ESCAPULARIO.\u00a0 Usted puede hacer su propio escapulario.\u00a0 Podr\u00eda colocar en medio de los dos trocitos<br \/>\nde tela caf\u00e9, la Medalla Milagrosa y la medalla de san Benito.\u00a0 Que Dios, por medio de Mar\u00eda Sant\u00edsima obre<br \/>\nmilagros en su vida y le proteja del maligno.<\/strong><\/div>\n<p><strong><br \/>\n<\/strong><br \/><strong><br \/>\n<\/strong><\/p>\n<div class=\"Body1\" style=\"margin: 0in 0in 0pt\"><strong><br \/>\n2.\u00a0 LL\u00c9VELO PUESTO SIEMPRE.\u00a0 El escapulario siempre se debe llevar puesto;<br \/>\nde lo contrario, somos\u00a0a veces\u00a0hijos y\u00a0a veces\u00a0hu\u00e9rfanos.<\/strong><\/div>\n<p><strong><br \/>\n<\/strong><br \/><strong><br \/>\n<\/strong><\/p>\n<div class=\"Body1\" style=\"margin: 0in 0in 0pt\"><strong><br \/>\n3.\u00a0 BESE SU ESCAPULARIO.\u00a0 En cuanto despierte en la ma\u00f1ana, \u00a1bese su<br \/>\nescapulario!\u00a0 El beso es s\u00edmbolo<br \/>\nuniversal de amor.\u00a0 Con el beso, le est\u00e1<br \/>\ndiciendo a Mar\u00eda que le ama.\u00a0 Es m\u00e1s, la<br \/>\nIglesia concede una indulgencia parcial a ellos que con reverencia besen su<br \/>\nescapulario\u00a0caf\u00e9 de Ntra. Sra. del Monte Carmelo.\u00a0 (Anteriormente se daba 500 d\u00edas de<br \/>\nindulgencia.)<\/strong><\/div>\n<p><strong><br \/>\n<\/strong><\/p>\n<div class=\"Body1\" style=\"margin: 0in 0in 0pt\"><strong><br \/>\n4.\u00a0 OFRECIMIENTO DE LA MA\u00d1ANA.\u00a0 Empiece su d\u00eda consagrando todo su ser a<br \/>\nJes\u00fas por medio de Mar\u00eda.\u00a0 He aqu\u00ed un buen<br \/>\ny conciso Acto de Consagraci\u00f3n:\u00a0 \u00ab\u00a1<i>Oh Se\u00f1ora m\u00eda!\u00a0 \u00a1Oh Madre m\u00eda!\u00a0\u00a0 Yo me ofrezco enteramente a ti, y en prueba<br \/>\nde mi filial afecto, te consagro en este d\u00eda, mis ojos, mis o\u00eddos, mi lengua,<br \/>\nmi coraz\u00f3n; en una palabra, todo mi ser.\u00a0<br \/>\nYa que soy todo tuyo, Oh Madre de bondad, gu\u00e1rdame y defi\u00e9ndeme, como<br \/>\ncosa y posesi\u00f3n tuya.\u00a0 Am\u00e9n\u00bb.<\/i><\/strong><\/div>\n<p><strong><br \/>\n<\/strong><br \/><strong><br \/>\n<\/strong><\/p>\n<div class=\"Body1\" style=\"margin: 0in 0in 0pt\"><strong><br \/>\n5.\u00a0 BENDICI\u00d3N.\u00a0<br \/>\nDespu\u00e9s de la oraci\u00f3n de consagraci\u00f3n, tome el escapulario y bendiga su<br \/>\nfrente; bendiciendo as\u00ed su mente, pidiendo pensamientos puros y santos, bendiga sus ojos; para que s\u00f3lo vean cosas e im\u00e1genes que sean nobles, bendiga<br \/>\nsu boca; para s\u00f3lo alabar a Dios con sus palabras, bendiga\u00a0su coraz\u00f3n; \u00a1para<br \/>\namar a Dios completamente en imitaci\u00f3n de Mar\u00eda!\u00a0<\/strong><br \/><strong><br \/>\n<\/strong><\/div>\n<p><strong><\/p>\n<p><\/strong><br \/><strong><br \/>\n<\/strong><\/p>\n<div class=\"Body1\" style=\"margin: 0in 0in 0pt\"><strong><br \/>\nConcluimos citando<br \/>\nlo que han dicho los Papas sobre el poder del escapulario.<\/strong><\/div>\n<ul>\n<li>\n<div class=\"Body1\" style=\"margin: 0in 0in 0pt\"><strong><i>\u00bbQue todos teng\u00e1is un idioma com\u00fan y una armadura com\u00fan: el idioma, las palabras del Evangelio, la armadura, el escapulario de la Virgen del Carmen&#8230; que goza del privilegio singular de protecci\u00f3n a\u00fan despu\u00e9s de la muerte.\u00bb<\/i> (Papa Benedict XV)<\/strong><\/div>\n<\/li>\n<\/ul>\n<ul>\n<li>\n<div class=\"Body1\" style=\"margin: 0in 0in 0pt\"><strong><i>\u201cEl escapulario del Carmen, por su misma nobleza de origen, su venerada antig\u00fcedad, su extraordinaria propagaci\u00f3n, as\u00ed como los saludables efectos de piedad por \u00e9l obtenidos, y los insignes milagros obrados por su virtud, lo recomiendan con el mayor encarecimiento\u201d. <\/i>(Papa Le\u00f3n XIII)<\/strong><\/div>\n<\/li>\n<\/ul>\n<ul>\n<li>\n<div class=\"Body1\" style=\"margin: 0in 0in 0pt\"><strong><i>\u00bbHagamos hoy una novena a Nuestra Se\u00f1ora del Monte Carmelo y entonces estar\u00e9 listo para morir.\u00bb<\/i> (Papa Le\u00f3n XIII<\/strong><\/div>\n<\/li>\n<\/ul>\n<p><strong><br \/>\n<\/strong><\/p>\n<ul>\n<li>\n<div class=\"Body1\" style=\"margin: 0in 0in 0pt\"><strong><br \/>\n<i>\u00bbEl escapulario es, en el verdadero sentido, un &#8216;h\u00e1bito&#8217;.\u00bb\u00a0 Todo aquel que lo reciben, por su vestuario, est\u00e1n vinculados de forma \u00edntima, con la Orden Carmelita.\u00a0 El que lo lleva puesto, profesa su pertenencia a Nuestra Se\u00f1ora, de la misma forma que un Caballero de la edad media (que fue la edad que vivi\u00f3 la entrega del escapulario) sab\u00eda que siempre estaba bajo la mirada vigilante de su Dama.\u00a0 En la batalla, el caballero obrar\u00e1 con valent\u00eda, y cuando porta los colores, preferir\u00eda mil veces la muerte que permitir alg\u00fan peligro.\u00bb<\/i>\u00a0 (Papa P\u00edo XII)<\/strong><\/div>\n<p><strong><br \/>\n<\/strong><\/li>\n<\/ul>\n<p><strong><br \/>\n<\/strong><br \/><strong><br \/>\n<\/strong><br \/><strong><br \/>\n<\/strong><\/p>\n<ul>\n<li>\n<div class=\"Body1\" style=\"margin: 0in 0in 0pt\"><strong><br \/>\n<i>\u00bbCada d\u00eda se es m\u00e1s claro que para el hombre, la forma de regresar a Dios es por medio de Mar\u00eda, Maria es la raz\u00f3n nuestra esperanza, confianza, garant\u00eda y seguridad.\u00bb<\/i> (Papa Juan XXIII)<\/strong><\/div>\n<\/li>\n<\/ul>\n<p><strong><br \/>\n<\/strong><\/p>\n<div class=\"Body1\" style=\"margin: 0in 0in 0pt\"><strong><br \/>\nA continuaci\u00f3n<br \/>\nencontrar\u00e1 un magn\u00edfico mensaje escrito por el beato Papa Juan Pablo II sobre<br \/>\nla importancia del escapulario de Nuestra Se\u00f1ora del Monte Carmelo. \u00a0<\/strong><\/div>\n<p><\/p>\n<ul>\n<\/ul>\n<div class=\"Body1\" style=\"margin: 0in 0in 0pt\">\n<\/div>\n<div class=\"synved-social-container synved-social-container-share\" style=\"text-align: center\"><a class=\"synved-social-button synved-social-button-share synved-social-size-48 synved-social-resolution-single synved-social-provider-facebook nolightbox\" data-provider=\"facebook\" target=\"_blank\" rel=\"nofollow\" title=\"Share on Facebook\" href=\"https:\/\/www.facebook.com\/sharer.php?u=https%3A%2F%2Ffatherbroom.com%2Fes%2Fwp-json%2Fwp%2Fv2%2Fposts%2F124&#038;t=EL%20ESCAPULARIO%20Y%20CONSAGRACI%C3%93N%20A%20MAR%C3%8DA&#038;s=100&#038;p&#091;url&#093;=https%3A%2F%2Ffatherbroom.com%2Fes%2Fwp-json%2Fwp%2Fv2%2Fposts%2F124&#038;p&#091;images&#093;&#091;0&#093;=http%3A%2F%2Ffatherbroom.com%2Fes%2Fwp-content%2Fmedia%2Fsites%2F3%2Fpng%2FScreen-Shot-2019-06-14-at-7.53.44-AM-300x169.png&#038;p&#091;title&#093;=EL%20ESCAPULARIO%20Y%20CONSAGRACI%C3%93N%20A%20MAR%C3%8DA\" style=\"font-size: 0px;width:48px;height:48px;margin:0;margin-bottom:5px;margin-right:5px\"><img loading=\"lazy\" decoding=\"async\" alt=\"Facebook\" title=\"Share on Facebook\" class=\"synved-share-image synved-social-image synved-social-image-share\" width=\"48\" height=\"48\" style=\"display: inline;width:48px;height:48px;margin: 0;padding: 0;border: none;box-shadow: none\" src=\"https:\/\/fatherbroom.com\/es\/wp-content\/plugins\/social-media-feather\/synved-social\/image\/social\/regular\/96x96\/facebook.png\" \/><\/a><a class=\"synved-social-button synved-social-button-share synved-social-size-48 synved-social-resolution-single synved-social-provider-twitter nolightbox\" data-provider=\"twitter\" target=\"_blank\" rel=\"nofollow\" title=\"Share on Twitter\" href=\"https:\/\/twitter.com\/intent\/tweet?url=https%3A%2F%2Ffatherbroom.com%2Fes%2Fwp-json%2Fwp%2Fv2%2Fposts%2F124&#038;text=Hey%20check%20this%20out\" style=\"font-size: 0px;width:48px;height:48px;margin:0;margin-bottom:5px;margin-right:5px\"><img loading=\"lazy\" decoding=\"async\" alt=\"twitter\" title=\"Share on Twitter\" class=\"synved-share-image synved-social-image synved-social-image-share\" width=\"48\" height=\"48\" style=\"display: inline;width:48px;height:48px;margin: 0;padding: 0;border: none;box-shadow: none\" src=\"https:\/\/fatherbroom.com\/es\/wp-content\/plugins\/social-media-feather\/synved-social\/image\/social\/regular\/96x96\/twitter.png\" \/><\/a><a class=\"synved-social-button synved-social-button-share synved-social-size-48 synved-social-resolution-single synved-social-provider-reddit nolightbox\" data-provider=\"reddit\" target=\"_blank\" rel=\"nofollow\" title=\"Share on Reddit\" href=\"https:\/\/www.reddit.com\/submit?url=https%3A%2F%2Ffatherbroom.com%2Fes%2Fwp-json%2Fwp%2Fv2%2Fposts%2F124&#038;title=EL%20ESCAPULARIO%20Y%20CONSAGRACI%C3%93N%20A%20MAR%C3%8DA\" style=\"font-size: 0px;width:48px;height:48px;margin:0;margin-bottom:5px;margin-right:5px\"><img loading=\"lazy\" decoding=\"async\" alt=\"reddit\" title=\"Share on Reddit\" class=\"synved-share-image synved-social-image synved-social-image-share\" width=\"48\" height=\"48\" style=\"display: inline;width:48px;height:48px;margin: 0;padding: 0;border: none;box-shadow: none\" src=\"https:\/\/fatherbroom.com\/es\/wp-content\/plugins\/social-media-feather\/synved-social\/image\/social\/regular\/96x96\/reddit.png\" \/><\/a><a class=\"synved-social-button synved-social-button-share synved-social-size-48 synved-social-resolution-single synved-social-provider-pinterest nolightbox\" data-provider=\"pinterest\" target=\"_blank\" rel=\"nofollow\" title=\"Pin it with Pinterest\" href=\"https:\/\/pinterest.com\/pin\/create\/button\/?url=https%3A%2F%2Ffatherbroom.com%2Fes%2Fwp-json%2Fwp%2Fv2%2Fposts%2F124&#038;media=http%3A%2F%2Ffatherbroom.com%2Fes%2Fwp-content%2Fmedia%2Fsites%2F3%2Fpng%2FScreen-Shot-2019-06-14-at-7.53.44-AM-300x169.png&#038;description=EL%20ESCAPULARIO%20Y%20CONSAGRACI%C3%93N%20A%20MAR%C3%8DA\" style=\"font-size: 0px;width:48px;height:48px;margin:0;margin-bottom:5px;margin-right:5px\"><img loading=\"lazy\" decoding=\"async\" alt=\"pinterest\" title=\"Pin it with Pinterest\" class=\"synved-share-image synved-social-image synved-social-image-share\" width=\"48\" height=\"48\" style=\"display: inline;width:48px;height:48px;margin: 0;padding: 0;border: none;box-shadow: none\" src=\"https:\/\/fatherbroom.com\/es\/wp-content\/plugins\/social-media-feather\/synved-social\/image\/social\/regular\/96x96\/pinterest.png\" \/><\/a><a class=\"synved-social-button synved-social-button-share synved-social-size-48 synved-social-resolution-single synved-social-provider-linkedin nolightbox\" data-provider=\"linkedin\" target=\"_blank\" rel=\"nofollow\" title=\"Share on Linkedin\" href=\"https:\/\/www.linkedin.com\/shareArticle?mini=true&#038;url=https%3A%2F%2Ffatherbroom.com%2Fes%2Fwp-json%2Fwp%2Fv2%2Fposts%2F124&#038;title=EL%20ESCAPULARIO%20Y%20CONSAGRACI%C3%93N%20A%20MAR%C3%8DA\" style=\"font-size: 0px;width:48px;height:48px;margin:0;margin-bottom:5px;margin-right:5px\"><img loading=\"lazy\" decoding=\"async\" alt=\"linkedin\" title=\"Share on Linkedin\" class=\"synved-share-image synved-social-image synved-social-image-share\" width=\"48\" height=\"48\" style=\"display: inline;width:48px;height:48px;margin: 0;padding: 0;border: none;box-shadow: none\" src=\"https:\/\/fatherbroom.com\/es\/wp-content\/plugins\/social-media-feather\/synved-social\/image\/social\/regular\/96x96\/linkedin.png\" \/><\/a><a class=\"synved-social-button synved-social-button-share synved-social-size-48 synved-social-resolution-single synved-social-provider-mail nolightbox\" data-provider=\"mail\" rel=\"nofollow\" title=\"Share by email\" href=\"mailto:?subject=EL%20ESCAPULARIO%20Y%20CONSAGRACI%C3%93N%20A%20MAR%C3%8DA&#038;body=Hey%20check%20this%20out:%20https%3A%2F%2Ffatherbroom.com%2Fes%2Fwp-json%2Fwp%2Fv2%2Fposts%2F124\" style=\"font-size: 0px;width:48px;height:48px;margin:0;margin-bottom:5px\"><img loading=\"lazy\" decoding=\"async\" alt=\"mail\" title=\"Share by email\" class=\"synved-share-image synved-social-image synved-social-image-share\" width=\"48\" height=\"48\" style=\"display: inline;width:48px;height:48px;margin: 0;padding: 0;border: none;box-shadow: none\" src=\"https:\/\/fatherbroom.com\/es\/wp-content\/plugins\/social-media-feather\/synved-social\/image\/social\/regular\/96x96\/mail.png\" \/><\/a><\/div>","protected":false},"excerpt":{"rendered":"<p>Jes\u00fas desde la cruz, entrega a su Madre Sant\u00edsima a san Juan , y a nosotros como madre espiritual:\u00a0 \u00bbMujer, ah\u00ed tienes a tu hijo, hijo ah\u00ed tienes a tu madre. \u00a0Y desde aquel momento, el disc\u00edpulo amado la acogi\u00f3 en su casa.\u00bb\u00a0 En la persona de san Juan est\u00e1 presente toda la humanidad y [&hellip;]<\/p>\n","protected":false},"author":7,"featured_media":0,"comment_status":"open","ping_status":"open","sticky":false,"template":"","format":"standard","meta":{"_genesis_hide_title":false,"_genesis_hide_breadcrumbs":false,"_genesis_hide_singular_image":false,"_genesis_hide_footer_widgets":false,"_genesis_custom_body_class":"","_genesis_custom_post_class":"","_genesis_layout":"","footnotes":""},"categories":[2],"tags":[],"class_list":{"0":"post-124","1":"post","2":"type-post","3":"status-publish","4":"format-standard","6":"category-blog","7":"entry"},"_links":{"self":[{"href":"https:\/\/fatherbroom.com\/es\/wp-json\/wp\/v2\/posts\/124","targetHints":{"allow":["GET"]}}],"collection":[{"href":"https:\/\/fatherbroom.com\/es\/wp-json\/wp\/v2\/posts"}],"about":[{"href":"https:\/\/fatherbroom.com\/es\/wp-json\/wp\/v2\/types\/post"}],"author":[{"embeddable":true,"href":"https:\/\/fatherbroom.com\/es\/wp-json\/wp\/v2\/users\/7"}],"replies":[{"embeddable":true,"href":"https:\/\/fatherbroom.com\/es\/wp-json\/wp\/v2\/comments?post=124"}],"version-history":[{"count":4,"href":"https:\/\/fatherbroom.com\/es\/wp-json\/wp\/v2\/posts\/124\/revisions"}],"predecessor-version":[{"id":20207,"href":"https:\/\/fatherbroom.com\/es\/wp-json\/wp\/v2\/posts\/124\/revisions\/20207"}],"wp:attachment":[{"href":"https:\/\/fatherbroom.com\/es\/wp-json\/wp\/v2\/media?parent=124"}],"wp:term":[{"taxonomy":"category","embeddable":true,"href":"https:\/\/fatherbroom.com\/es\/wp-json\/wp\/v2\/categories?post=124"},{"taxonomy":"post_tag","embeddable":true,"href":"https:\/\/fatherbroom.com\/es\/wp-json\/wp\/v2\/tags?post=124"}],"curies":[{"name":"wp","href":"https:\/\/api.w.org\/{rel}","templated":true}]}}