{"id":11858,"date":"2017-03-27T20:29:36","date_gmt":"2017-03-28T03:29:36","guid":{"rendered":"http:\/\/fatherbroom.com\/es\/?p=11858"},"modified":"2019-06-13T20:21:42","modified_gmt":"2019-06-14T03:21:42","slug":"sirvamonos-de-la-oracion-de-reparacion-para-enriquecer-nuestra-vida-de-oracion","status":"publish","type":"post","link":"https:\/\/fatherbroom.com\/es\/2017\/03\/sirvamonos-de-la-oracion-de-reparacion-para-enriquecer-nuestra-vida-de-oracion\/","title":{"rendered":"SIRVAMONOS DE LA ORACION DE REPARACION PARA ENRIQUECER NUESTRA VIDA DE ORACION"},"content":{"rendered":"<p>&nbsp;<\/p>\n<p><strong>Es necesario que pongamos todo nuestro empe\u00f1o para mejorar nuestra vida de oraci\u00f3n. \u00a1La oraci\u00f3n es el ox\u00edgeno del alma; es absoluta necesitad; es cuesti\u00f3n de vida o muerte! Los modos de oraci\u00f3n son muy diversos, pero abordaremos solo cuatro: <em>adoraci\u00f3n, contrici\u00f3n, acci\u00f3n de gracias y petici\u00f3n.<\/em><\/strong><\/p>\n<ul>\n<li><strong><em>Oraci\u00f3n de adoraci\u00f3n y alabanza.<\/em> La forma m\u00e1s elevada de oraci\u00f3n que podemos dar a Dios es la adoraci\u00f3n. \u00a1Todos los \u00e1ngeles en el cielo dan honor, gloria y alabanza a Dios!<\/strong><\/li>\n<li><strong><em>Oraci\u00f3n de arrepentimiento o contrici\u00f3n<\/em>. \u00bfQu\u00e9 es el arrepentimiento? Todos somos pecadores y estamos llamados a pedir perd\u00f3n a Dios, somos llamados a arrepentirnos por nuestros pecados y confiar en su infinita misericordia!<\/strong><\/li>\n<li><strong><em>Oraci\u00f3n de acci\u00f3n de gracias.<\/em> Todo lo bueno que tenemos, absolutamente todo, lo hemos recibido de Dios, de la bondad y el amor de Dios.<\/strong><\/li>\n<li><strong><em>Oraci\u00f3n de petici\u00f3n o s\u00faplica.<\/em> `Suplica\u2019 no es una palabra muy utilizada en el lenguaje com\u00fan. Dice San Agust\u00edn muy claramente: \u201cTodos somos mendigos delante de Dios\u201d \u00a1Todos estamos necesitados de Dios en todo!<\/strong><\/li>\n<\/ul>\n<p><strong>En este breve ensayo nos gustar\u00eda centrarnos en la oraci\u00f3n de contrici\u00f3n; la contrici\u00f3n es el arrepentimiento que sentimos por haber obrado en desacuerdo con la voluntad de Dios y el prop\u00f3sito de no volver a actuar mal en adelante. Del coraz\u00f3n contrito debe suscitar el anhelo de reparar por nuestros faltas y por las faltas del mundo entero. En la Coronilla de la Divina Misericordia \u2013 oraci\u00f3n dada a santa Faustina por Jes\u00fas \u2013 rezamos: \u201cTen piedad de nosotros y del mundo entero.\u201d De modo que, cuando rezamos, nuestra oraci\u00f3n toma una dimensi\u00f3n universal; en si la el origen de la palabra \u201ccat\u00f3lico\u201d es un termino griego que significa \u201cuniversal\u201d. La palabra universal, algo de car\u00e1cter universal abarca TODO, todos los pueblos, de todos los tiempos, incluso los que ya han pasado a la pr\u00f3xima vida. Sin m\u00e1s pre\u00e1mbulos, lanz\u00e9monos con \u00edmpetu a los brazos amorosos de Dios, pid\u00e1mosle perd\u00f3n por nuestros pecados, hagamos reparaci\u00f3n &#8211; aplacar la Justicia Divina \u2013 por nosotros mismos, por todos los pueblos y el mundo entero!<\/strong><strong><\/strong><\/p>\n<p><strong>Quiz\u00e1s se pregunte: \u00bfpor qui\u00e9n debo rezar? \u00bfqui\u00e9n deber\u00eda ocupar primer lugar en mi lista de oraci\u00f3n? \u00bfd\u00f3nde debo rezar? \u00bfcu\u00e1ndo debo de rezar? \u00bfc\u00f3mo debo rezar y con qu\u00e9 actitud de coraz\u00f3n? Presentaremos ahora una lista de ideas, una lista de personas por las cuales debemos de rezar; que nuestra oraci\u00f3n sea una oraci\u00f3n de reparaci\u00f3n y contrici\u00f3n.<\/strong><\/p>\n<p><strong><em>1. \u00a0\u00a1YO, yo y yo!<\/em> \u00bfAcaso es egoismo rezar por uno mismo? \u00a1Claro que no! Dios en su infinita bondad nos creo, y nos ha dado una misi\u00f3n que cumplir; esta misi\u00f3n que lo alabemos y salvemos nuestra alma. No es egoism o narcisimo implorar a Dios nuestra propia conversi\u00f3n, santificaci\u00f3n y pedirle la gracia de amentar en santidad y la perseverancia final; es cuesti\u00f3n de vida o muerte. TODOS sin excepci\u00f3n debemos pedir y ocuparnos de nuestra salvaci\u00f3n con \u201ctemor y temblor\u201d, asi nos lo dice san Pablo.<\/strong><\/p>\n<p><strong><em>2. Los miembros de nuestra familia.<\/em> La oraci\u00f3n debe incluir a todos con quienes vivimos; a los miembros de nuestras familias. Los esposos deben rezar el uno por el otro, deben de rezar por sus hijos, por sus padres y por sus otros familiares. Dios en su providencia los reuni\u00f3 en una familia; rece con fervor, ofrezca oraciones de reparaci\u00f3n por los muchos pecados de su familia. Que sus oraciones sirvan para compensar el da\u00f1o que han causado los muchos pecados de su familia.<\/strong><\/p>\n<p><strong><em>3. Rece por toda la Iglesia Cat\u00f3lica.<\/em> La Iglesia Cat\u00f3lica es la iglesia que posee el mayor n\u00famero de miembros en todo el mundo; \u00a1actualmente, m\u00e1s de mil millones de cat\u00f3licos! Pero la verdad es que no todos practican la fe, cuantos de estos cat\u00f3licos podr\u00edan ser canonizados santos? Todos somos pecadores, pero el mal m\u00e1s grave es que pocos practican la fe; es decir, pocos van a Misa el d\u00eda domingo. Esta sola realidad merece una doble dosis de oraciones de reparaci\u00f3n de parte de las almas fervientes!<\/strong><\/p>\n<p><strong><img loading=\"lazy\" decoding=\"async\" src=\"http:\/\/fatherbroom.com\/es\/wp-content\/media\/sites\/3\/jpg\/spc-1.jpg\" alt=\"\" width=\"264\" height=\"166\" class=\"wp-image-10944 alignleft\" \/><img loading=\"lazy\" decoding=\"async\" src=\"http:\/\/fatherbroom.com\/es\/wp-content\/media\/sites\/3\/jpeg\/015e4c99-86cf-48fa-be73-b0efeae09a9brt_0.jpeg\" alt=\"\" width=\"236\" height=\"168\" class=\"wp-image-11862 alignleft\" \/><\/strong><\/p>\n<p><strong><em>4. Rece por su parroquia.<\/em> \u00a1En su comunidad parroquial tambi\u00e9n hay pecadores! Muchos de los que pertenecen a su parroquia no van a Misa los domingos; muchos no creen en lo que ense\u00f1a la Madre Iglesia; muchos sufren dolor por las enormes llagas que deja el pecado, pero no hace nada por remediarla. Muchos no imploran la misericordia o el perd\u00f3n de Dios por sus pecados o los pecados de su familia. Recemos por los feligreses de nuestras parroquias, porque a esta familia pertenecemos; ofrezcamos fervorosas oraciones de reparaci\u00f3n: \u201cPor Su dolorosa pasi\u00f3n; ten piedad de nosotros y del mundo entero\u201d.<\/strong><\/p>\n<p><strong><em>5. Los pecados sociales que se ha entretejido y calcificado en la fibra sensible de la sociedad. <\/em>San Juan Pablo II es quien acu\u00f1o esta expresi\u00f3n teol\u00f3gica sobre el \u201cpecado del mundo\u201d o \u201cpecado social\u201d. Que conlleva esta expresi\u00f3n \u201cpecado social\u201d. Hay pecados que no solo son pecados individuales sino que se en incrustrado en la msma fibra, la m\u00e9dula, o en el mismo coraz\u00f3n de la sociedad. En una sociedad estructurada existen tambi\u00e9n el pecado estructurado, y son los siguientes: el aborto, la legalizaci\u00f3n de las uniones del mismo sexo, la legalizaci\u00f3n en algunos Estados de la eutanasia; donde se pretende acabar con los ancianos y enfermos. Por estos pecados que se han calcificado e incrustrado en el tejido y coraz\u00f3n de nuestra sociedad; Se\u00f1or, te ofrecemos actos de reparaci\u00f3n; Se\u00f1or perd\u00f3nanos. Cada 20 segundos, es asesinado un inocente en el vientre de su madre; por este abominable delito del aborto, Se\u00f1or ten piedad y misericordia de nosotros y del mundo entero.\u201d<\/strong><\/p>\n<p><strong><em>6. Pidamos a Dios por los pecadores del mundo que niegan serlo.<\/em> Hay una clase de personas, de hecho, esta clase prevalece en nuestra sociedad, que afirman no tener pecado. El Papa Pio XII dijo: \u201cEl pecado del siglo es la p\u00e9rdida del sentido del pecado.\u201d No son pocos los cat\u00f3licos que no se acercan al Sacramento de la confesi\u00f3n por a\u00f1os, o incluso, por d\u00e9cadas; y con desd\u00e9n y arrogancia balbucean: \u201c\u00bfqu\u00e9 pecado tengo?\u201d Pecados tienen muchos; pero han suprimido, sofocado o incluso, matado su conciencia! Por esta masa de individuos que pretenden ser grandes santos, debemos pedir perd\u00f3n y ofrecer s\u00faplicas de reparaci\u00f3n por sus pecados y por su eterna salvaci\u00f3n!<\/strong><\/p>\n<p><strong><em>7. Recemos por los moribundos. <\/em>Una clase muy importante de personas por quienes debemos rezar con urgencia \u2013 en el Diario de Santa Faustina, Jes\u00fas repetidamente le pide que rece por ellos &#8211; son por los que est\u00e1n en el lecho de muerte, y que lamentablemente est\u00e1n en pecado mortal y cuya salvaci\u00f3n est\u00e1 en peligro. Por eso mismo, la gran Doctora de la Iglesia, santa Catalina de Siena afirm\u00f3: \u201cLos dos momentos m\u00e1s importantes de nuestra vida son: ahora y la hora de nuestra muerte.\u201d \u00bfPor qu\u00e9? Porque s\u00f3lo tenemos el momento presente \u2013 el ahora \u2013 y de igual importancia es el momento de nuestra muerte. Si morimos estando en gracia de Dios, nuestra alma se salva por toda la eternidad; pero si morimos estando en pecado mortal, nos condenamos al infierno por toda la eternidad; perderemos nuestra alma. Imploremos la misericordia, el perd\u00f3n y la conversi\u00f3n por los pecadores; ofrezcamos peque\u00f1os actos de reparaci\u00f3n por los que est\u00e1n por morir en este momento. \u201cSe\u00f1or ten piedad y misericordia de los moribundos y los que van a morir hoy en todo el mundo.\u201d<\/strong><\/p>\n<p><strong><img loading=\"lazy\" decoding=\"async\" src=\"http:\/\/fatherbroom.com\/es\/wp-content\/media\/sites\/3\/JPG\/IMG_1824-1.jpg\" alt=\"\" width=\"476\" height=\"317\" class=\"aligncenter  wp-image-11861\" \/><\/strong><\/p>\n<p><strong><em>8. Recemos por sacerdotes, obispos y religiosos.<\/em> Igual es de suma importancia rezar con fervor por aquellos que han consagrado sus vidas al servicio de Dios y su Iglesia \u2013 por sacerdotes, obispos, religiosos y religiosas. Ellos est\u00e1n llamados a una sublime vocaci\u00f3n y misi\u00f3n en la Iglesia, e como todos, tambi\u00e9n son pecadores. Por lo que escribe san Pablo en su carta a los Hebreos: \u201cTodo sumo sacerdote es tomado de entre los hombres, y est\u00e1 puesto en favor de los hombres en lo que se refiere a Dios para ofrecer dones y sacrificios por los pecados; y puede sentir compasi\u00f3n hacia los ignorantes y extraviados, por estar tambi\u00e9n \u00e9l envuelto en flaqueza. Y a causa de esa misma flaqueza debe ofrecer por los pecados propios igual que por los del pueblo.\u201d (Heb 5, 1-3) El diablo a menudo tienta m\u00e1s a los sacerdotes, a los obispos y religiosos, porque si caen, causar\u00e1n un mayor esc\u00e1ndalo al pueblo y mayor da\u00f1o a toda la Iglesia. Te pedimos Se\u00f1or por los pecados de estos hombres consagrados y por las religiosas, ten misericordia de ellos; Se\u00f1or te ofrecemos oraciones de reparaci\u00f3n por el da\u00f1o que han causado a tu Iglesia y el mundo entero!<\/strong><\/p>\n<p><strong><em>9. Oraciones por aquellas cosas que guardamos en el coraz\u00f3n. <\/em>Todos, sin excepci\u00f3n, guardamos cosas en el coraz\u00f3n que queremos presentarle al Se\u00f1or. Imploremos al Esp\u00edritu Santo que nos d\u00e9 luz para reconocer nuestras propias fallas e implorar la misericordia y el perd\u00f3n de Dios y hacer reparaci\u00f3n. Y al acudir al sacramento de la Confesi\u00f3n, tengamos la humildad de confesar nuestras faltas con sinceridad y formar el firme prop\u00f3sito de no volver a ofender a Dios. Aun m\u00e1s, hay otro elemento importante que es parte de hacer una buena Confesi\u00f3n Sacramental, y es, cumplir la penitencia impuesta por nuestro confesor. Al cumplir la penitencia mejor impuesta por nuestras culpas, estamos haciendo reparaci\u00f3n! Aceptemos de todo coraz\u00f3n la penitencia dada por el sacerdote e incluso podemos hacer dos veces m\u00e1s de lo que se nos imponte para reparar por nuestras culpas y los pecados de nuestra vida pasada. Esta idea nos la dio nuestro sacerdote-formador, que nos formaba como futuros sacerdotes, \u00e9l fue el que dijo: hagamos lo doble de lo que nos pida el sacerdote. Qu\u00e9 sabio y gran consejo para vivir la oraci\u00f3n de reparaci\u00f3n!<\/strong><strong><\/strong><\/p>\n<p><strong><em>10. Oraciones por las benditas almas del purgatorio.<\/em> Estar\u00eda incompleto este escrito si no mencionamos un grupo especial del purgatorio; las almas m\u00e1s olvidadas y necesitadas; pidamos por ellas con gran fervor! Estas almas, que ya pasaron por esta vida, son benditas porque se han salvado de la condenaci\u00f3n eterna, pero est\u00e1n en un lugar donde est\u00e1n purificando de las manchas de los pecados que cometieron en su vida. Estas almas dependen completamente de la misericordia de Dios. Un medio por el cual Dios derrama su misericordia sobre ellas es a trav\u00e9s de nosotros, la Iglesia militante; nosotros podemos ofrecer sacrificios y plegarias por ellas. Vivamos la Regla de Ora: \u201cHagamos por ellas lo que queramos que hagan por nosotros\u201d. Si fu\u00e9ramos nosotros los que estuvi\u00e9semos en el purgatorio, sin duda alguna, quisi\u00e9ramos que pidieran por nosotros, que ofrezcan sacrificios para que podamos ir al cielo. De modo que, estas almas que una vez vivieron esta vida, y que ahora se est\u00e1n purificando antes de ir al cielo, est\u00e1n necesitadas de nosotros; \u00a1Dios nos llama a nosotros los vivos a esta noble y sublime misi\u00f3n!<\/strong><strong><\/p>\n<p><em>Conclusi\u00f3n. <\/em>Enriquezcamos nuestra vida de oraci\u00f3n aprendiendo una forma de oraci\u00f3n que quiz\u00e1s nunca hemos hecho \u2013 ORACION DE REPARACI\u00d3N. El Sagrado Coraz\u00f3n de Jes\u00fas y el Inmaculado Coraz\u00f3n de Mar\u00eda est\u00e1n heridos por las espinas incrustadas en ellos. Hagamos actos de reparaci\u00f3n para sacar estas espinas; es nuestro deber hacerlo! Remplacemos estas espinas con suaves rosas y coloqu\u00e9moslas en el Inmaculado Coraz\u00f3n de Mar\u00eda y el Sagrado Coraz\u00f3n de Jes\u00fas; ellos se regocijaran y guardaran un lugar muy especial en sus corazones para nosotros en el tiempo y la eternidad. Am\u00e9n.<\/strong><\/p>\n<div class=\"grammarly-disable-indicator\"><strong><img loading=\"lazy\" decoding=\"async\" src=\"http:\/\/fatherbroom.com\/es\/wp-content\/media\/sites\/3\/png\/Rank_Divider_Caelum-300x300.png\" alt=\"\" width=\"102\" height=\"102\" class=\"aligncenter  wp-image-16865\" srcset=\"https:\/\/fatherbroom.com\/es\/wp-content\/media\/sites\/3\/png\/Rank_Divider_Caelum-300x300.png 300w, https:\/\/fatherbroom.com\/es\/wp-content\/media\/sites\/3\/png\/Rank_Divider_Caelum-150x150.png 150w, https:\/\/fatherbroom.com\/es\/wp-content\/media\/sites\/3\/png\/Rank_Divider_Caelum.png 640w\" sizes=\"auto, (max-width: 102px) 100vw, 102px\" \/><\/strong><\/p>\n<p><strong><img loading=\"lazy\" decoding=\"async\" src=\"http:\/\/fatherbroom.com\/es\/wp-content\/media\/sites\/3\/png\/Screen-Shot-2018-05-07-at-2.35.10-PM-270x300.png\" alt=\"\" width=\"155\" height=\"172\" class=\"aligncenter  wp-image-16853\" srcset=\"https:\/\/fatherbroom.com\/es\/wp-content\/media\/sites\/3\/png\/Screen-Shot-2018-05-07-at-2.35.10-PM-270x300.png 270w, https:\/\/fatherbroom.com\/es\/wp-content\/media\/sites\/3\/png\/Screen-Shot-2018-05-07-at-2.35.10-PM-768x852.png 768w, https:\/\/fatherbroom.com\/es\/wp-content\/media\/sites\/3\/png\/Screen-Shot-2018-05-07-at-2.35.10-PM-923x1024.png 923w, https:\/\/fatherbroom.com\/es\/wp-content\/media\/sites\/3\/png\/Screen-Shot-2018-05-07-at-2.35.10-PM.png 1024w\" sizes=\"auto, (max-width: 155px) 100vw, 155px\" \/><\/strong><\/p>\n<p><span><br \/><em>El padre Ed Broom, OMV (<\/em><\/span><em><a href=\"http:\/\/www.omvusa.org\/\">Oblato de la Virgen Mar\u00eda<\/a>), conocido tambi\u00e9n como Padre Escobita, fue ordenado sacerdote por san Juan Pablo II en 1986. Es asistente del p\u00e1rroco en la Iglesia de\u00a0<a href=\"http:\/\/www.spcomv.com\/\">San Pedro Chanel<\/a>\u00a0en Hawaiian Gardens (California). All\u00ed imparte retiros, da los Ejercicios Espirituales de San Ignacio de Loyola, organiza y dirige su propio programa de radio y televisi\u00f3n en Guadalupe Radio \u2013Barriendo Conciencias, y da un curso de preparaci\u00f3n a los fieles en diversas parroquias de la archidi\u00f3cesis de Los \u00c1ngeles para la Consagraci\u00f3n total a Jes\u00fas mediante Mar\u00eda. Para leer art\u00edculos o escuchar audios en ingl\u00e9s o en espa\u00f1ol, por favor vaya a\u00a0<a href=\"http:\/\/www.fatherbroom.com\/\">www.fatherbroom.com<\/a><\/em><\/div>\n<div class=\"synved-social-container synved-social-container-share\" style=\"text-align: center\"><a class=\"synved-social-button synved-social-button-share synved-social-size-48 synved-social-resolution-single synved-social-provider-facebook nolightbox\" data-provider=\"facebook\" target=\"_blank\" rel=\"nofollow\" title=\"Share on Facebook\" href=\"https:\/\/www.facebook.com\/sharer.php?u=https%3A%2F%2Ffatherbroom.com%2Fes%2Fwp-json%2Fwp%2Fv2%2Fposts%2F11858&#038;t=SIRVAMONOS%20DE%20LA%20ORACION%20DE%20REPARACION%20PARA%20ENRIQUECER%20NUESTRA%20VIDA%20DE%20ORACION&#038;s=100&#038;p&#091;url&#093;=https%3A%2F%2Ffatherbroom.com%2Fes%2Fwp-json%2Fwp%2Fv2%2Fposts%2F11858&#038;p&#091;images&#093;&#091;0&#093;=http%3A%2F%2Ffatherbroom.com%2Fes%2Fwp-content%2Fmedia%2Fsites%2F3%2Fpng%2FScreen-Shot-2018-05-07-at-2.35.10-PM-270x300.png&#038;p&#091;title&#093;=SIRVAMONOS%20DE%20LA%20ORACION%20DE%20REPARACION%20PARA%20ENRIQUECER%20NUESTRA%20VIDA%20DE%20ORACION\" style=\"font-size: 0px;width:48px;height:48px;margin:0;margin-bottom:5px;margin-right:5px\"><img loading=\"lazy\" decoding=\"async\" alt=\"Facebook\" title=\"Share on Facebook\" class=\"synved-share-image synved-social-image synved-social-image-share\" width=\"48\" height=\"48\" style=\"display: inline;width:48px;height:48px;margin: 0;padding: 0;border: none;box-shadow: none\" src=\"https:\/\/fatherbroom.com\/es\/wp-content\/plugins\/social-media-feather\/synved-social\/image\/social\/regular\/96x96\/facebook.png\" \/><\/a><a class=\"synved-social-button synved-social-button-share synved-social-size-48 synved-social-resolution-single synved-social-provider-twitter nolightbox\" data-provider=\"twitter\" target=\"_blank\" rel=\"nofollow\" title=\"Share on Twitter\" href=\"https:\/\/twitter.com\/intent\/tweet?url=https%3A%2F%2Ffatherbroom.com%2Fes%2Fwp-json%2Fwp%2Fv2%2Fposts%2F11858&#038;text=Hey%20check%20this%20out\" style=\"font-size: 0px;width:48px;height:48px;margin:0;margin-bottom:5px;margin-right:5px\"><img loading=\"lazy\" decoding=\"async\" alt=\"twitter\" title=\"Share on Twitter\" class=\"synved-share-image synved-social-image synved-social-image-share\" width=\"48\" height=\"48\" style=\"display: inline;width:48px;height:48px;margin: 0;padding: 0;border: none;box-shadow: none\" src=\"https:\/\/fatherbroom.com\/es\/wp-content\/plugins\/social-media-feather\/synved-social\/image\/social\/regular\/96x96\/twitter.png\" \/><\/a><a class=\"synved-social-button synved-social-button-share synved-social-size-48 synved-social-resolution-single synved-social-provider-reddit nolightbox\" data-provider=\"reddit\" target=\"_blank\" rel=\"nofollow\" title=\"Share on Reddit\" href=\"https:\/\/www.reddit.com\/submit?url=https%3A%2F%2Ffatherbroom.com%2Fes%2Fwp-json%2Fwp%2Fv2%2Fposts%2F11858&#038;title=SIRVAMONOS%20DE%20LA%20ORACION%20DE%20REPARACION%20PARA%20ENRIQUECER%20NUESTRA%20VIDA%20DE%20ORACION\" style=\"font-size: 0px;width:48px;height:48px;margin:0;margin-bottom:5px;margin-right:5px\"><img loading=\"lazy\" decoding=\"async\" alt=\"reddit\" title=\"Share on Reddit\" class=\"synved-share-image synved-social-image synved-social-image-share\" width=\"48\" height=\"48\" style=\"display: inline;width:48px;height:48px;margin: 0;padding: 0;border: none;box-shadow: none\" src=\"https:\/\/fatherbroom.com\/es\/wp-content\/plugins\/social-media-feather\/synved-social\/image\/social\/regular\/96x96\/reddit.png\" \/><\/a><a class=\"synved-social-button synved-social-button-share synved-social-size-48 synved-social-resolution-single synved-social-provider-pinterest nolightbox\" data-provider=\"pinterest\" target=\"_blank\" rel=\"nofollow\" title=\"Pin it with Pinterest\" href=\"https:\/\/pinterest.com\/pin\/create\/button\/?url=https%3A%2F%2Ffatherbroom.com%2Fes%2Fwp-json%2Fwp%2Fv2%2Fposts%2F11858&#038;media=http%3A%2F%2Ffatherbroom.com%2Fes%2Fwp-content%2Fmedia%2Fsites%2F3%2Fpng%2FScreen-Shot-2018-05-07-at-2.35.10-PM-270x300.png&#038;description=SIRVAMONOS%20DE%20LA%20ORACION%20DE%20REPARACION%20PARA%20ENRIQUECER%20NUESTRA%20VIDA%20DE%20ORACION\" style=\"font-size: 0px;width:48px;height:48px;margin:0;margin-bottom:5px;margin-right:5px\"><img loading=\"lazy\" decoding=\"async\" alt=\"pinterest\" title=\"Pin it with Pinterest\" class=\"synved-share-image synved-social-image synved-social-image-share\" width=\"48\" height=\"48\" style=\"display: inline;width:48px;height:48px;margin: 0;padding: 0;border: none;box-shadow: none\" src=\"https:\/\/fatherbroom.com\/es\/wp-content\/plugins\/social-media-feather\/synved-social\/image\/social\/regular\/96x96\/pinterest.png\" \/><\/a><a class=\"synved-social-button synved-social-button-share synved-social-size-48 synved-social-resolution-single synved-social-provider-linkedin nolightbox\" data-provider=\"linkedin\" target=\"_blank\" rel=\"nofollow\" title=\"Share on Linkedin\" href=\"https:\/\/www.linkedin.com\/shareArticle?mini=true&#038;url=https%3A%2F%2Ffatherbroom.com%2Fes%2Fwp-json%2Fwp%2Fv2%2Fposts%2F11858&#038;title=SIRVAMONOS%20DE%20LA%20ORACION%20DE%20REPARACION%20PARA%20ENRIQUECER%20NUESTRA%20VIDA%20DE%20ORACION\" style=\"font-size: 0px;width:48px;height:48px;margin:0;margin-bottom:5px;margin-right:5px\"><img loading=\"lazy\" decoding=\"async\" alt=\"linkedin\" title=\"Share on Linkedin\" class=\"synved-share-image synved-social-image synved-social-image-share\" width=\"48\" height=\"48\" style=\"display: inline;width:48px;height:48px;margin: 0;padding: 0;border: none;box-shadow: none\" src=\"https:\/\/fatherbroom.com\/es\/wp-content\/plugins\/social-media-feather\/synved-social\/image\/social\/regular\/96x96\/linkedin.png\" \/><\/a><a class=\"synved-social-button synved-social-button-share synved-social-size-48 synved-social-resolution-single synved-social-provider-mail nolightbox\" data-provider=\"mail\" rel=\"nofollow\" title=\"Share by email\" href=\"mailto:?subject=SIRVAMONOS%20DE%20LA%20ORACION%20DE%20REPARACION%20PARA%20ENRIQUECER%20NUESTRA%20VIDA%20DE%20ORACION&#038;body=Hey%20check%20this%20out:%20https%3A%2F%2Ffatherbroom.com%2Fes%2Fwp-json%2Fwp%2Fv2%2Fposts%2F11858\" style=\"font-size: 0px;width:48px;height:48px;margin:0;margin-bottom:5px\"><img loading=\"lazy\" decoding=\"async\" alt=\"mail\" title=\"Share by email\" class=\"synved-share-image synved-social-image synved-social-image-share\" width=\"48\" height=\"48\" style=\"display: inline;width:48px;height:48px;margin: 0;padding: 0;border: none;box-shadow: none\" src=\"https:\/\/fatherbroom.com\/es\/wp-content\/plugins\/social-media-feather\/synved-social\/image\/social\/regular\/96x96\/mail.png\" \/><\/a><\/div>","protected":false},"excerpt":{"rendered":"<p>&nbsp; Es necesario que pongamos todo nuestro empe\u00f1o para mejorar nuestra vida de oraci\u00f3n. \u00a1La oraci\u00f3n es el ox\u00edgeno del alma; es absoluta necesitad; es cuesti\u00f3n de vida o muerte! Los modos de oraci\u00f3n son muy diversos, pero abordaremos solo cuatro: adoraci\u00f3n, contrici\u00f3n, acci\u00f3n de gracias y petici\u00f3n. Oraci\u00f3n de adoraci\u00f3n y alabanza. La forma [&hellip;]<\/p>\n","protected":false},"author":7,"featured_media":0,"comment_status":"open","ping_status":"open","sticky":false,"template":"","format":"standard","meta":{"_genesis_hide_title":false,"_genesis_hide_breadcrumbs":false,"_genesis_hide_singular_image":false,"_genesis_hide_footer_widgets":false,"_genesis_custom_body_class":"","_genesis_custom_post_class":"","_genesis_layout":"","footnotes":""},"categories":[2],"tags":[],"class_list":{"0":"post-11858","1":"post","2":"type-post","3":"status-publish","4":"format-standard","6":"category-blog","7":"entry"},"_links":{"self":[{"href":"https:\/\/fatherbroom.com\/es\/wp-json\/wp\/v2\/posts\/11858","targetHints":{"allow":["GET"]}}],"collection":[{"href":"https:\/\/fatherbroom.com\/es\/wp-json\/wp\/v2\/posts"}],"about":[{"href":"https:\/\/fatherbroom.com\/es\/wp-json\/wp\/v2\/types\/post"}],"author":[{"embeddable":true,"href":"https:\/\/fatherbroom.com\/es\/wp-json\/wp\/v2\/users\/7"}],"replies":[{"embeddable":true,"href":"https:\/\/fatherbroom.com\/es\/wp-json\/wp\/v2\/comments?post=11858"}],"version-history":[{"count":18,"href":"https:\/\/fatherbroom.com\/es\/wp-json\/wp\/v2\/posts\/11858\/revisions"}],"predecessor-version":[{"id":19951,"href":"https:\/\/fatherbroom.com\/es\/wp-json\/wp\/v2\/posts\/11858\/revisions\/19951"}],"wp:attachment":[{"href":"https:\/\/fatherbroom.com\/es\/wp-json\/wp\/v2\/media?parent=11858"}],"wp:term":[{"taxonomy":"category","embeddable":true,"href":"https:\/\/fatherbroom.com\/es\/wp-json\/wp\/v2\/categories?post=11858"},{"taxonomy":"post_tag","embeddable":true,"href":"https:\/\/fatherbroom.com\/es\/wp-json\/wp\/v2\/tags?post=11858"}],"curies":[{"name":"wp","href":"https:\/\/api.w.org\/{rel}","templated":true}]}}